{"id":9093,"date":"2018-02-05T11:54:51","date_gmt":"2018-02-05T11:54:51","guid":{"rendered":"http:\/\/fwcpfcf.cluster026.hosting.ovh.net\/coneixes-les-consequencies-de-no-disposar-dun-compliance-penal-per-a-la-teva-empresa\/"},"modified":"2020-01-31T12:12:03","modified_gmt":"2020-01-31T12:12:03","slug":"coneixes-les-consequencies-de-no-disposar-dun-compliance-penal-per-a-la-teva-empresa","status":"publish","type":"post","link":"https:\/\/www.jda.es\/ca\/coneixes-les-consequencies-de-no-disposar-dun-compliance-penal-per-a-la-teva-empresa\/","title":{"rendered":"\u00bfConeixes les conseq\u00fc\u00e8ncies de no disposar d&#8217;un Compliance Penal per a la teva empresa?"},"content":{"rendered":"<p><span style=\"color: #000000;\">Com ja hem vingut anunciant-i informant en reiterades ocasions, despr\u00e9s de l&#8217;\u00faltima reforma del Codi Penal, la comissi\u00f3 d&#8217;un delicte, per part de determinades persones f\u00edsiques, en el desenvolupament de l&#8217;activitat de l&#8217;empresa no nom\u00e9s afecta a aquestes persones, si no que es pot estendre tamb\u00e9 a la pr\u00f2pia empresa, per entendre que l&#8217;empresa tamb\u00e9 \u00e9s responsable, per acci\u00f3 directa o per omissi\u00f3, del deure de prevenir aquests actes. Doncs aquests fets suposen haver incomplert greument els deures de supervisi\u00f3, vigil\u00e0ncia i control de la seva activitat, els quals estan previstos i regulats en la Llei de societats de capital. Les condemnes a la persona jur\u00eddica, l&#8217;empresa, per algun dels delictes tipificats en el Codi Penal, s\u00f3n essencialment econ\u00f2miques, si b\u00e9, depenent de la gravetat del delicte, podria arribar fins i tot a decretar la dissoluci\u00f3 de la societat.<\/span><\/p>\n<p><span style=\"color: #000000;\">Ara b\u00e9, \u00bfcom pot protegir la societat davant d&#8217;aquesta amena\u00e7a? El mateix Codi Penal estableix que si, abans de la comissi\u00f3 de delicte, l&#8217;empresa ha adoptat i executat efica\u00e7ment un model d&#8217;organitzaci\u00f3 i gesti\u00f3 adequat per a la prevenci\u00f3 dels mateixos o la reducci\u00f3 significativa del risc de la seva comissi\u00f3, podria obtenir l&#8217;exempci\u00f3 de la responsabilitat penal. Aix\u00f2 \u00e9s el COMPLIANCE PENAL, un pla de prevenci\u00f3 de riscos penals i la seva implantaci\u00f3 a l&#8217;empresa.<\/span><\/p>\n<p><span style=\"color: #000000;\">El Pla de Prevenci\u00f3 d&#8217;identificar amb claredat les activitats que l&#8217;empresa realitza i en el desenvolupament podrien arribar a cometre algun dels delictes tipificats pel Codi Penal, \u00e9s a dir, la identificaci\u00f3 dels riscos inherents de la companyia; aix\u00ed com haur\u00e0 de fixar els protocols o procediments que concretin el proc\u00e9s de formaci\u00f3 de la voluntat de l&#8217;empresa, d&#8217;adopci\u00f3 de decisions i d&#8217;execuci\u00f3 de les mateixes amb relaci\u00f3 a aquestes activitats.<\/span><\/p>\n<p><span style=\"color: #000000;\">La funci\u00f3 de supervisi\u00f3 i de compliment del Compliance Penal implantat s&#8217;ha de confiar a un \u00f2rgan de l&#8217;empresa amb poders aut\u00f2noms d&#8217;iniciativa i de control o que tingui encomanada legalment la funci\u00f3 de supervisar l&#8217;efic\u00e0cia dels controls interns de la mateixa. A aquest \u00f2rgan se l&#8217;anomena Compliance Officer. En empreses de redu\u00efda dimensi\u00f3, \u00e9s a dir, aquelles que presenten compte de p\u00e8rdues i guanys abreujats, aquesta tasca de supervisi\u00f3 podr\u00e0 encomanar-se al propi \u00f2rgan d&#8217;administraci\u00f3 de l&#8217;empresa.<\/span><\/p>\n<p><span style=\"color: #000000;\">La import\u00e0ncia de tenir un Compliance Penal, aix\u00ed com la seva deguda implantaci\u00f3 a l&#8217;empresa, \u00e9s inq\u00fcestionable. Cal no oblidar que la persona jur\u00eddica, l&#8217;empresa, ser\u00e0 responsable, encara que no s&#8217;hagi identificat a la persona f\u00edsica que suposadament ha com\u00e8s el delicte, no hagi estat possible dirigir el procediment contra ella, o fins i tot ha mort o s&#8217;hagu\u00e9s sostret a l&#8217;acci\u00f3 de la just\u00edcia. Aix\u00ed mateix, els agreujants o atenuants d&#8217;aplicaci\u00f3 a la persona f\u00edsica no exclouen ni modificaran la responsabilitat penal de les persones jur\u00eddiques. I finalment, en cas de cometre un delicte, seran condemnats penalment com a responsables, tant la persona jur\u00eddica com la persona f\u00edsica.<\/span><\/p>\n<p><span style=\"color: #000000;\">Les conseq\u00fc\u00e8ncies de l&#8217;apreciaci\u00f3 de responsabilitat penal en les persones jur\u00eddiques, s\u00f3n les penes que preveu l&#8217;art. 33.7 del CP, i s\u00f3n qualificades totes elles com a greus, en concret:<\/span><\/p>\n<ul>\n<li><span style=\"color: #000000;\">Dissoluci\u00f3 de la persona jur\u00eddica.<\/span><\/li>\n<li><span style=\"color: #000000;\">Suspensi\u00f3 d&#8217;activitats per un termini de fins a 5 anys.<\/span><\/li>\n<li><span style=\"color: #000000;\">Cloenda de locals i establiments per un termini de fins a 5 anys.<\/span><\/li>\n<li><span style=\"color: #000000;\">Multes per quotes o proporcional, que poden arribar a 10 vegades el suposat benefici obtingut.<\/span><\/li>\n<li><span style=\"color: #000000;\">Prohibici\u00f3 temporal (fins a 15 anys) o definitiva de realitzar en el futur les activitats en l&#8217;exercici dels quals s&#8217;hagi com\u00e8s, afavorit o encobert el delicte.<\/span><\/li>\n<li><span style=\"color: #000000;\">Inhabilitaci\u00f3 per un termini de fins a 15 anys per obtenir subvencions i ajudes p\u00fabliques, per contractar amb el sector p\u00fablic i per gaudir de beneficis i incentius fiscals o de la Seguretat Social.<\/span><\/li>\n<li><span style=\"color: #000000;\">Intervenci\u00f3 judicial per un per\u00edode de fins a 15 anys.<\/span><\/li>\n<li><span style=\"color: #000000;\">En cas de condemna a la persona jur\u00eddica, poden arribar a ocasionar enormes danys col\u00b7laterals, reputacionals i econ\u00f2mics, com per exemple, la impossibilitat material d&#8217;obtenir finan\u00e7ament ali\u00e8; p\u00e8rdua de confian\u00e7a de prove\u00efdors i clients i desprestigi del nom comercial.<\/span><\/li>\n<\/ul>\n<p><span style=\"color: #000000;\">Per tot aix\u00f2, considerem una obligaci\u00f3 i no una opci\u00f3, exercir la protecci\u00f3 necess\u00e0ria a la nostra font d&#8217;ingressos, la nostra companyia, protegint d&#8217;actuacions individuals que poden arribar a perjudicar tota l&#8217;empresa). \u00c9s de rigor i de responsabilitat, procurar evitar per tots els mitjans, la comissi\u00f3 de qualsevol acci\u00f3 o omissi\u00f3 delictiva, per evitar una condemna penal a l&#8217;empresa; i per aix\u00f2 resulta imprescindible que la seva empresa elabori i implanti un pla de prevenci\u00f3, el Compliance Penal.<\/span><\/p>\n<hr \/>\n<p><span style=\"color: #000000;\"><strong>S\u00edlvia Sallar\u00e8s<\/strong><\/span><\/p>\n<p><span style=\"color: #000000;\">Dra \u00c1rea Legal JDA\/SFAI.<\/span><\/p>\n","protected":false},"excerpt":{"rendered":"<p>Com ja hem vingut anunciant-i informant en reiterades ocasions, despr\u00e9s de l&#8217;\u00faltima reforma del Codi Penal, la comissi\u00f3 d&#8217;un delicte, per part de determinades persones f\u00edsiques, en el desenvolupament de l&#8217;activitat de l&#8217;empresa no nom\u00e9s afecta a aquestes persones<\/p>\n","protected":false},"author":8,"featured_media":8938,"comment_status":"open","ping_status":"open","sticky":false,"template":"","format":"standard","meta":{"rs_blank_template":"","rs_page_bg_color":"","slide_template_v7":"","footnotes":""},"categories":[777,766],"tags":[],"class_list":["post-9093","post","type-post","status-publish","format-standard","has-post-thumbnail","hentry","category-compliance-penal-ca","category-legal-ca"],"_links":{"self":[{"href":"https:\/\/www.jda.es\/ca\/wp-json\/wp\/v2\/posts\/9093","targetHints":{"allow":["GET"]}}],"collection":[{"href":"https:\/\/www.jda.es\/ca\/wp-json\/wp\/v2\/posts"}],"about":[{"href":"https:\/\/www.jda.es\/ca\/wp-json\/wp\/v2\/types\/post"}],"author":[{"embeddable":true,"href":"https:\/\/www.jda.es\/ca\/wp-json\/wp\/v2\/users\/8"}],"replies":[{"embeddable":true,"href":"https:\/\/www.jda.es\/ca\/wp-json\/wp\/v2\/comments?post=9093"}],"version-history":[{"count":0,"href":"https:\/\/www.jda.es\/ca\/wp-json\/wp\/v2\/posts\/9093\/revisions"}],"wp:featuredmedia":[{"embeddable":true,"href":"https:\/\/www.jda.es\/ca\/wp-json\/wp\/v2\/media\/8938"}],"wp:attachment":[{"href":"https:\/\/www.jda.es\/ca\/wp-json\/wp\/v2\/media?parent=9093"}],"wp:term":[{"taxonomy":"category","embeddable":true,"href":"https:\/\/www.jda.es\/ca\/wp-json\/wp\/v2\/categories?post=9093"},{"taxonomy":"post_tag","embeddable":true,"href":"https:\/\/www.jda.es\/ca\/wp-json\/wp\/v2\/tags?post=9093"}],"curies":[{"name":"wp","href":"https:\/\/api.w.org\/{rel}","templated":true}]}}