{"id":7269,"date":"2017-02-17T17:42:29","date_gmt":"2017-02-17T17:42:29","guid":{"rendered":"http:\/\/fwcpfcf.cluster026.hosting.ovh.net\/?p=7269&#038;lang=ca"},"modified":"2019-10-10T11:40:02","modified_gmt":"2019-10-10T11:40:02","slug":"podria-derivar-algun-tipus-de-responsabilitat-per-a-tercers-en-el-suposit-de-condemna-en-els-casos-urdangarin-partit-popular-i-pujol","status":"publish","type":"post","link":"https:\/\/www.jda.es\/ca\/podria-derivar-algun-tipus-de-responsabilitat-per-a-tercers-en-el-suposit-de-condemna-en-els-casos-urdangarin-partit-popular-i-pujol\/","title":{"rendered":"Podria derivar algun tipus de responsabilitat per a tercers en el sup\u00f2sit de condemna en els casos Urdangar\u00edn, Partit Popular i Pujol?"},"content":{"rendered":"<p>Els affaires Pujol, B\u00e1rcenas i Urdangar\u00edn poden haver posat de rabiosa actualitat la figura del \u201c<strong>part\u00edcip a t\u00edtol lucratiu<\/strong>\u201c, una instituci\u00f3 a la qual certs casos medi\u00e0tics han dotat d\u2019un molt especial i rellevant protagonisme. Es tracta d\u2019aquella persona, f\u00edsica o jur\u00eddica, que sense ser responsable, autor, cooperador o c\u00f2mplice d\u2019un delicte, obt\u00e9 un benefici il\u00b7l\u00edcit del comportament penalment punible d\u2019un tercer. Podria derivar algun tipus de responsabilitat per a tercers en el sup\u00f2sit de condemna en els casos Urdangar\u00edn, B\u00e1rcenas i Pujol?<\/p>\n<p>El \u201c<strong>part\u00edcip a t\u00edtol lucratiu<\/strong>\u201d no t\u00e9 responsabilitat penal pr\u00f2piament dita, per\u00f2 s\u00ed que s\u2019exigeix a qui s\u2019aprofita desconeixent la proced\u00e8ncia il\u00b7l\u00edcita del resultat econ\u00f2mic d\u2019un delicte com\u00e8s per un altre. La condemna imposada, article 122 del Codi Penal, estableix l\u2019obligaci\u00f3 de procedir a la \u201crestituci\u00f3 de la cosa\u201d o b\u00e9 al \u201crescabalament del dany\u201d, aix\u00f2 s\u00ed, nom\u00e9s fins a la quantia de la seva participaci\u00f3 dels efectes del delicte com\u00e8s pel veritable responsable penal.<\/p>\n<p>Perqu\u00e8 aquesta figura existeixi, segons la un\u00edvoca i reiterada corrent doctrinal i la jurisprud\u00e8ncia del Tribunal Suprem, ha d\u2019existir el delicte; l\u2019aprofitament dels seus efectes sense conc\u00f3rrer en la condici\u00f3 de responsable penal; el desconeixement de la seva proced\u00e8ncia il\u00b7l\u00edcita i la concurr\u00e8ncia del t\u00edtol lucratiu, \u00e9s a dir, que no hi hagi hagut cap contraprestaci\u00f3, ja que si tal aprofitament ho \u00e9s a t\u00edtol oner\u00f3s no podria ser apreciat tal institut.<\/p>\n<p>Cal precisar que no tot \u201caprofitament\u201d dels efectes d\u2019un delicte constitueix \u201cparticipaci\u00f3 lucrativa\u201d, ja que no es donaria aquesta en el cas que el responsable penal de l\u2019il\u00b7l\u00edcit ens convidar\u00e0, per exemple, a menjar en un restaurant amb el producte obtingut d\u2019aquell. Conv\u00e9 llavors analitzar en quina manera i forma i, sobretot, a qui o qui podria afectar tal institut. Aix\u00ed, respecte al \u201ccas Urdangar\u00edn\u201d, m\u00e9s enll\u00e0 de l\u2019enjudiciament de la seva esposa en ra\u00f3 d\u2019una eventual i presumpta cooperaci\u00f3 necess\u00e0ria i de la possibilitat de l\u2019aplicaci\u00f3 de l\u2019anomenada \u201cDoctrina Bot\u00edn\u201d, podria resultar predicable la \u201cparticipaci\u00f3 a t\u00edtol lucratiu\u201d de Cristina en tant que result\u00e9s degudament acreditat que aquesta s\u2019hagu\u00e9s aprofitat dels efectes del delicte en virtut poguessin ser condemnats els acusats.<\/p>\n<p>Igualment esdevindria en el \u201ccas B\u00e1rcenas\u201d respecte del Partit Popular i, aix\u00ed mateix en el \u201ccas Pujol\u201d, ja que al nostre judici i, en el sup\u00f2sit d\u2019apreciar en el seu dia la presumpta comissi\u00f3 de delictes de car\u00e0cter econ\u00f2mic i \/ o patrimonial per part d\u2019algun membre de la fam\u00edlia Pujol, caldria tamb\u00e9 la condemna de tots aquells, incloses les respectives persones properes al seu \u00e0mbit familiar, que poguessin haver-se lucrat dels efectes del delicte com\u00e8s per tercers.<\/p>\n","protected":false},"excerpt":{"rendered":"<p>Els affaires Pujol, B\u00e1rcenas i Urdangar\u00edn poden haver posat de rabiosa actualitat la figura del \u201cpart\u00edcip a t\u00edtol lucratiu\u201c, una instituci\u00f3 a la qual certs casos medi\u00e0tics han dotat d\u2019un molt especial i rellevant protagonisme. Es tracta d\u2019aquella persona, f\u00edsica o jur\u00eddica, que sense ser responsable, autor, cooperador o c\u00f2mplice d\u2019un delicte, obt\u00e9 un benefici<\/p>\n","protected":false},"author":1,"featured_media":26332,"comment_status":"open","ping_status":"open","sticky":false,"template":"","format":"standard","meta":{"rs_blank_template":"","rs_page_bg_color":"","slide_template_v7":"","footnotes":""},"categories":[766],"tags":[],"class_list":["post-7269","post","type-post","status-publish","format-standard","has-post-thumbnail","hentry","category-legal-ca"],"_links":{"self":[{"href":"https:\/\/www.jda.es\/ca\/wp-json\/wp\/v2\/posts\/7269","targetHints":{"allow":["GET"]}}],"collection":[{"href":"https:\/\/www.jda.es\/ca\/wp-json\/wp\/v2\/posts"}],"about":[{"href":"https:\/\/www.jda.es\/ca\/wp-json\/wp\/v2\/types\/post"}],"author":[{"embeddable":true,"href":"https:\/\/www.jda.es\/ca\/wp-json\/wp\/v2\/users\/1"}],"replies":[{"embeddable":true,"href":"https:\/\/www.jda.es\/ca\/wp-json\/wp\/v2\/comments?post=7269"}],"version-history":[{"count":0,"href":"https:\/\/www.jda.es\/ca\/wp-json\/wp\/v2\/posts\/7269\/revisions"}],"wp:featuredmedia":[{"embeddable":true,"href":"https:\/\/www.jda.es\/ca\/wp-json\/wp\/v2\/media\/26332"}],"wp:attachment":[{"href":"https:\/\/www.jda.es\/ca\/wp-json\/wp\/v2\/media?parent=7269"}],"wp:term":[{"taxonomy":"category","embeddable":true,"href":"https:\/\/www.jda.es\/ca\/wp-json\/wp\/v2\/categories?post=7269"},{"taxonomy":"post_tag","embeddable":true,"href":"https:\/\/www.jda.es\/ca\/wp-json\/wp\/v2\/tags?post=7269"}],"curies":[{"name":"wp","href":"https:\/\/api.w.org\/{rel}","templated":true}]}}