{"id":34952,"date":"2024-09-30T13:08:37","date_gmt":"2024-09-30T11:08:37","guid":{"rendered":"https:\/\/www.jda.es\/?p=34952"},"modified":"2024-09-30T13:08:39","modified_gmt":"2024-09-30T11:08:39","slug":"factura-electronica-jda-asesoria-gestoria-madrid-barcelona-granollers-sabadell","status":"publish","type":"post","link":"https:\/\/www.jda.es\/ca\/factura-electronica-jda-asesoria-gestoria-madrid-barcelona-granollers-sabadell\/","title":{"rendered":"Factura Electr\u00f2nica Obligat\u00f2ria i Sistema Verifactu: El que cal saber"},"content":{"rendered":"\n<p>La introducci\u00f3 de la factura electr\u00f2nica obligat\u00f2ria ha suscitat nombroses inquietuds entre clients, professionals i empreses. Tot i que encara no s&#8217;ha fixat una data concreta per a la seva implementaci\u00f3, a JDA estem completament preparats per arribar-hi. A continuaci\u00f3, aclarirem els conceptes de Factura Electr\u00f2nica Obligat\u00f2ria i el Sistema Verifactu per dissipar qualsevol confusi\u00f3.<\/p>\n<p>\u00a0<\/p>\n<p><strong>Factura Electr\u00f2nica Obligat\u00f2ria<\/strong><\/p>\n<p>La Llei 18\/2022, tamb\u00e9 coneguda com la Llei Crea i Creix, estableix l&#8217;obligatorietat d&#8217;utilitzar la factura electr\u00f2nica en les transaccions entre empresaris i professionals (B2B). Aix\u00f2 implica que, quan s&#8217;apliqui, totes les factures, amb format espec\u00edfic, s&#8217;hauran d&#8217;enviar mitjan\u00e7ant un sistema inform\u00e0tic espec\u00edfic proporcionat per JDA o la pr\u00f2pia administraci\u00f3 a l&#8217;Ag\u00e8ncia Tribut\u00e0ria.<\/p>\n<p>Tot i que la llei va entrar en vigor el 19 d&#8217;octubre del 2022, encara no s&#8217;ha aprovat el reglament que en desenvolupar\u00e0 l&#8217;aplicaci\u00f3. Hi ha un esborrany en discussi\u00f3 que podria patir modificacions abans de la seva aprovaci\u00f3. Quan el reglament sigui ratificat, les empreses amb una facturaci\u00f3 superior a 8 milions d&#8217;euros tindran un any per adaptar-se, mentre que la resta de les empreses i professionals comptaran amb un termini de dos anys per implementar la facturaci\u00f3 electr\u00f2nica en els seus sistemes.<\/p>\n<p>\u00c9s crucial ressaltar que, fins que no s&#8217;aprovi el reglament, no hi ha obligaci\u00f3 d&#8217;utilitzar aquest sistema. Aix\u00f2 ens brinda un temps adequat per implementar-lo i oferir tota l&#8217;assist\u00e8ncia necess\u00e0ria durant el proc\u00e9s d&#8217;adaptaci\u00f3.<\/p>\n<p><strong>Sistema Verifactu<\/strong><\/p>\n<p>D&#8217;altra banda, trobem el Sistema Verifactu, publicat el passat dia 6 de desembre de 2023 al Reial Decret 1007\/2023, de 5 de desembre, on s&#8217;estableixen els requisits que han d&#8217;adoptar els sistemes i programes inform\u00e0tics o electr\u00f2nics empresaris i professionals que facturin menys de 6 milions d&#8217;euros. Aquest Reial decret seguir\u00e0 l&#8217;ordre ministerial de desenvolupament t\u00e8cnic, a partir de la qual els desenvolupadors de programari hauran d&#8217;adaptar els seus productes en un termini m\u00e0xim de 9 mesos.<\/p>\n<p>\u00a0<\/p>\n<p>Els programes de facturaci\u00f3 es poden adaptar de dues maneres. La primera mitjan\u00e7ant l&#8217;\u00fas de VERIFACTU per garantir la integritat, conservaci\u00f3, accessibilitat, llegibilitat, tra\u00e7abilitat i inalterabilitat dels registres de factures mitjan\u00e7ant l&#8217;enviament immediat dels registres a l&#8217;AEAT.\u00a0 O la segona opci\u00f3, mitjan\u00e7ant l&#8217;adopci\u00f3 d&#8217;un programari que asseguri la inalterabilitat i la integritat complint uns requisits t\u00e8cnics de l&#8217;AEAT, que podr\u00e0 en qualsevol moment requerir-ne l&#8217;acc\u00e9s.<\/p>\n<p>\u00a0A difer\u00e8ncia de la facturaci\u00f3 electr\u00f2nica, que nom\u00e9s afecta a transaccions B2B i se centra en la digitalitzaci\u00f3 del proc\u00e9s de generaci\u00f3 de factures, el sistema VERIFACTU est\u00e0 focalitzat en l&#8217;enviament dels registres de factures a l&#8217;AEAT de manera autom\u00e0tica.<\/p>\n<p><strong>El nostre comprom\u00eds<\/strong><\/p>\n<p>A JDA, estem compromesos a facilitar la transici\u00f3 cap a aquests nous sistemes. El nostre equip intern d&#8217;inform\u00e0tica ha treballat per oferir solucions adaptades a les necessitats dels nostres clients, assegurant un proc\u00e9s senzill i completament integrat als nostres serveis.<\/p>\n<p>\u00a0<\/p>\n<p>El nostre objectiu \u00e9s oferir solucions integrals que permetin als nostres clients adaptar-se de manera eficient a aquests canvis, garantint un proc\u00e9s \u00e0gil i sense complicacions. Som aqu\u00ed per brindar tot el suport necessari perqu\u00e8 la transici\u00f3 cap a la facturaci\u00f3 electr\u00f2nica i el Sistema Verifactu sigui el m\u00e9s fluida possible per a empreses i professionals.<\/p>\n<p>\u00a0<\/p>\n<p>En resum, encara que encara hi ha incerteses respecte a la data d&#8217;implementaci\u00f3 i els detalls espec\u00edfics de la facturaci\u00f3 electr\u00f2nica obligat\u00f2ria i del sistema Verifactu, a JDA estem preparats per ajudar els nostres clients a enfrontar aquests canvis amb confian\u00e7a i seguretat. La clau \u00e9s mantenir-nos informats i preparats perqu\u00e8, quan arribi el moment, puguem adaptar-nos r\u00e0pidament i sense contratemps.<\/p>\n<p>\u00a0<\/p>\n<p>Cristina D\u00edaz<\/p>\n<p>Advocada i Consellera Delegada JDA\/SFAI<\/p>\n<p>Consulteu els nostres serveis fiscals, laborals i legals\u00a0<a href=\"https:\/\/www.jda.es\/servicios\/\">aqu\u00ed<\/a>.<\/p>\n<div class=\"wpb_text_column\">\n<div class=\"wpb_text_column\">\n<p>\u00a0<\/p>\n<\/div>\n<\/div>\n<p>\u00a0<\/p>\n\n\n","protected":false},"excerpt":{"rendered":"<p>La introducci\u00f3 de la factura electr\u00f2nica obligat\u00f2ria ha suscitat nombroses inquietuds entre clients, professionals i empreses. Tot i que encara no s&#8217;ha fixat una data concreta per a la seva implementaci\u00f3, a JDA estem completament preparats per arribar-hi. A continuaci\u00f3, aclarirem els conceptes de Factura Electr\u00f2nica Obligat\u00f2ria i el Sistema Verifactu per dissipar qualsevol confusi\u00f3.<\/p>\n","protected":false},"author":50,"featured_media":34956,"comment_status":"open","ping_status":"open","sticky":false,"template":"","format":"standard","meta":{"rs_blank_template":"","rs_page_bg_color":"","slide_template_v7":"","footnotes":""},"categories":[827,833,785,791],"tags":[],"class_list":["post-34952","post","type-post","status-publish","format-standard","has-post-thumbnail","hentry","category-contabilitat","category-economia-ca","category-empreses","category-fiscal-ca"],"_links":{"self":[{"href":"https:\/\/www.jda.es\/ca\/wp-json\/wp\/v2\/posts\/34952","targetHints":{"allow":["GET"]}}],"collection":[{"href":"https:\/\/www.jda.es\/ca\/wp-json\/wp\/v2\/posts"}],"about":[{"href":"https:\/\/www.jda.es\/ca\/wp-json\/wp\/v2\/types\/post"}],"author":[{"embeddable":true,"href":"https:\/\/www.jda.es\/ca\/wp-json\/wp\/v2\/users\/50"}],"replies":[{"embeddable":true,"href":"https:\/\/www.jda.es\/ca\/wp-json\/wp\/v2\/comments?post=34952"}],"version-history":[{"count":0,"href":"https:\/\/www.jda.es\/ca\/wp-json\/wp\/v2\/posts\/34952\/revisions"}],"wp:featuredmedia":[{"embeddable":true,"href":"https:\/\/www.jda.es\/ca\/wp-json\/wp\/v2\/media\/34956"}],"wp:attachment":[{"href":"https:\/\/www.jda.es\/ca\/wp-json\/wp\/v2\/media?parent=34952"}],"wp:term":[{"taxonomy":"category","embeddable":true,"href":"https:\/\/www.jda.es\/ca\/wp-json\/wp\/v2\/categories?post=34952"},{"taxonomy":"post_tag","embeddable":true,"href":"https:\/\/www.jda.es\/ca\/wp-json\/wp\/v2\/tags?post=34952"}],"curies":[{"name":"wp","href":"https:\/\/api.w.org\/{rel}","templated":true}]}}