{"id":34858,"date":"2024-09-05T16:33:21","date_gmt":"2024-09-05T14:33:21","guid":{"rendered":"https:\/\/www.jda.es\/?p=34858"},"modified":"2024-09-05T16:33:22","modified_gmt":"2024-09-05T14:33:22","slug":"impostos-iva-assessoria-gestoria-jda-fiscal-laboral-legal","status":"publish","type":"post","link":"https:\/\/www.jda.es\/ca\/impostos-iva-assessoria-gestoria-jda-fiscal-laboral-legal\/","title":{"rendered":"Recordatori octubre 2024: declaraci\u00f3 d&#8217;IVA, retencions i pagaments fraccionats de renda i societats"},"content":{"rendered":"\n<div class=\"summary\">\n<p>Recordi que el pr\u00f2xim 21 d&#8217;octubre (sense perjudici del termini propi de domiciliaci\u00f3 banc\u00e0ria) ven\u00e7 el termini per fer la presentaci\u00f3 de l&#8217;IVA, de les retencions a compte de renda i del pagament fraccionat de societats i renda corresponent al tercer trimestre 2024.<\/p>\n<\/div>\n<div class=\"content\">\n<p>Li recordem que el mes d&#8217;octubre ha de fer la presentaci\u00f3 de l&#8217;IVA, de les retencions a compte de renda i del pagament fraccionat de societats (exercici en curs) i renda (en aquest cas per a empresaris i professionals en estimaci\u00f3 directa i objectiva).<\/p>\n<p>En concret, el\u00a0<strong>pr\u00f2xim dia 21 d&#8217;octubre<\/strong>\u00a0s&#8217;ha de presentar i si \u00e9s el cas procedir a l&#8217;ingr\u00e9s del\u00a0<strong>3r TRIMESTRE 2024<\/strong>\u00a0corresponent a l&#8217;<strong>IVA<\/strong>\u00a0i al\u00a0<strong>pagament fraccionat<\/strong>\u00a0de l&#8217;<strong>IRPF<\/strong>\u00a0en relaci\u00f3 amb les activitats empresarials i professionals, aix\u00ed com a l&#8217;<strong>ingr\u00e9s de les retencions<\/strong>\u00a0sobre els lloguers de locals de negoci i sobre les rendes de capital.<\/p>\n<p>En el cas de\u00a0<strong>societats<\/strong>, els recordem tamb\u00e9 que el\u00a0<strong>pr\u00f2xim dia 21 d&#8217;octubre<\/strong>\u00a0ven\u00e7 el termini per a presentar el\u00a0<strong>segon pagament fraccionat de 2024<\/strong>\u00a0de l&#8217;impost sobre societats.<\/p>\n<p><strong>Domiciliaci\u00f3 banc\u00e0ria<\/strong><\/p>\n<p>El termini de presentaci\u00f3 d&#8217;autoliquidacions amb domiciliaci\u00f3 banc\u00e0ria dependr\u00e0 de la fi del termini de presentaci\u00f3 de cada model. Aix\u00ed, si el venciment del termini de presentaci\u00f3 coincideix amb un dia inh\u00e0bil, el termini finalitza el primer dia h\u00e0bil seg\u00fcent i el termini de domiciliaci\u00f3 banc\u00e0ria s&#8217;ampliar\u00e0 amb car\u00e0cter general el mateix nombre de dies que resulti ampliat el termini de presentaci\u00f3 d&#8217;aquesta declaraci\u00f3.<\/p>\n<p>Per aquest motiu, els preguem que, en el menor termini possible, ens facilitin tota la documentaci\u00f3 aix\u00ed com aquelles dades que els sol\u00b7licitem per a poder confeccionar i presentar aquestes declaracions.<\/p>\n<p>Es poden posar en contacte amb aquest despatx professional per qualsevol dubte o aclariment que puguin tenir sobre aquesta q\u00fcesti\u00f3.<\/p>\n<\/div>\n<p>\u00a0<\/p>\n<div class=\"wpb_text_column\">\n<p>Consulteu els nostres serveis fiscals, laborals i legals\u00a0<a href=\"https:\/\/www.jda.es\/servicios\/\">aqu\u00ed<\/a>.<\/p>\n<div class=\"wpb_text_column\">\n<div class=\"wpb_text_column\">\n<p>JDA\/SFA<\/p>\n<\/div>\n<\/div>\n<\/div>\n<p>\u00a0<\/p>\n\n\n\n\n","protected":false},"excerpt":{"rendered":"<p>Recordi que el pr\u00f2xim 21 d&#8217;octubre (sense perjudici del termini propi de domiciliaci\u00f3 banc\u00e0ria) ven\u00e7 el termini per fer la presentaci\u00f3 de l&#8217;IVA, de les retencions a compte de renda i del pagament fraccionat de societats i renda corresponent al tercer trimestre 2024. Li recordem que el mes d&#8217;octubre ha de fer la presentaci\u00f3 de<\/p>\n","protected":false},"author":50,"featured_media":34837,"comment_status":"open","ping_status":"open","sticky":false,"template":"","format":"standard","meta":{"rs_blank_template":"","rs_page_bg_color":"","slide_template_v7":"","footnotes":""},"categories":[879,833,794,785,791],"tags":[],"class_list":["post-34858","post","type-post","status-publish","format-standard","has-post-thumbnail","hentry","category-consultoria-empreses","category-economia-ca","category-emprenedors","category-empreses","category-fiscal-ca"],"_links":{"self":[{"href":"https:\/\/www.jda.es\/ca\/wp-json\/wp\/v2\/posts\/34858","targetHints":{"allow":["GET"]}}],"collection":[{"href":"https:\/\/www.jda.es\/ca\/wp-json\/wp\/v2\/posts"}],"about":[{"href":"https:\/\/www.jda.es\/ca\/wp-json\/wp\/v2\/types\/post"}],"author":[{"embeddable":true,"href":"https:\/\/www.jda.es\/ca\/wp-json\/wp\/v2\/users\/50"}],"replies":[{"embeddable":true,"href":"https:\/\/www.jda.es\/ca\/wp-json\/wp\/v2\/comments?post=34858"}],"version-history":[{"count":0,"href":"https:\/\/www.jda.es\/ca\/wp-json\/wp\/v2\/posts\/34858\/revisions"}],"wp:featuredmedia":[{"embeddable":true,"href":"https:\/\/www.jda.es\/ca\/wp-json\/wp\/v2\/media\/34837"}],"wp:attachment":[{"href":"https:\/\/www.jda.es\/ca\/wp-json\/wp\/v2\/media?parent=34858"}],"wp:term":[{"taxonomy":"category","embeddable":true,"href":"https:\/\/www.jda.es\/ca\/wp-json\/wp\/v2\/categories?post=34858"},{"taxonomy":"post_tag","embeddable":true,"href":"https:\/\/www.jda.es\/ca\/wp-json\/wp\/v2\/tags?post=34858"}],"curies":[{"name":"wp","href":"https:\/\/api.w.org\/{rel}","templated":true}]}}