{"id":34768,"date":"2024-08-02T10:15:33","date_gmt":"2024-08-02T08:15:33","guid":{"rendered":"https:\/\/www.jda.es\/?p=34768"},"modified":"2024-08-02T10:15:34","modified_gmt":"2024-08-02T08:15:34","slug":"publicat-el-reglament-europeu-dintelligencia-artificial-les-claus-de-la-seva-aplicacio","status":"publish","type":"post","link":"https:\/\/www.jda.es\/ca\/publicat-el-reglament-europeu-dintelligencia-artificial-les-claus-de-la-seva-aplicacio\/","title":{"rendered":"Publicat el Reglament europeu d&#8217;intel\u00b7lig\u00e8ncia artificial: les claus de la seva aplicaci\u00f3"},"content":{"rendered":"\n<p>\u00a0<\/p>\n<div class=\"summary\">\n<p>El Diari Oficial de la Uni\u00f3 Europea (DOUE) ha publicat el Reglament (UE) 2024\/1689 del Parlament Europeu i del Consell, de 13 de juny de 2024, pel qual s&#8217;estableixen normes harmonitzades en mat\u00e8ria d&#8217;intel\u00b7lig\u00e8ncia artificial (Reglament d&#8217;intel\u00b7lig\u00e8ncia artificial). El reglament no ser\u00e0 aplicable amb car\u00e0cter general fins al 2 d&#8217;agost de 2026, per\u00f2 algunes previsions s\u00f3n aplicables en terminis diferents.<\/p>\n<\/div>\n<div class=\"content\">\n<p>La intel\u00b7lig\u00e8ncia artificial ha arribat per quedar-se, i suposadament per millorar la nostra vida. Per aix\u00f2, \u00e9s obligatori que la Uni\u00f3 Europea la reguli, a causa de les implicacions que puguin arribar a tenir.<\/p>\n<p>La normativa ha estat publicada com el\u00a0<a class=\"external\" href=\"https:\/\/eur-lex.europa.eu\/legal-content\/ES\/TXT\/PDF\/?uri=OJ:L_202401689\" target=\"_blank\" rel=\"external noopener\">Reglament 2024\/1689, pel qual s&#8217;estableixen normes harmonitzades en mat\u00e8ria d&#8217;intel\u00b7lig\u00e8ncia artificial<\/a>. La normativa \u00e9s extensa, i emfatitza el control d&#8217;obligacions i a fomentar tecnologies sostenibles.<\/p>\n<p><strong>Entrada en vigor<\/strong><\/p>\n<p>\u00c9s cert que la normativa no s&#8217;aplicar\u00e0 fins al 2 d&#8217;agost de 2026, per\u00f2 determinades pr\u00e0ctiques de la IA ja estaran prohibides des de febrer de 2025, a m\u00e9s que hi haur\u00e0 sistema de governan\u00e7a de la IA a Europa, arsenal sancionador per incompliment, i organismes reguladors de la IA.<\/p>\n<ul>\n<li>Les prohibicions de determinades pr\u00e0ctiques relacionades amb la IA ja seran aplicables a partir del 2 de febrer de 2025.<\/li>\n<li>Les previsions relatives als organismes notificats, als sistemes d&#8217;IA generals, per\u00f2 que impliquen riscos sist\u00e8mics, al sistema de governan\u00e7a de la IA a Europa i bona part de l&#8217;arsenal sancionador seran aplicables a partir del 2 d&#8217;agost de 2025 (amb el que la base organitzativa ja estar\u00e0 enllestida per a quan sigui exigible el conjunt m\u00e9s substancial d&#8217;obligacions).<\/li>\n<li>Ser\u00e0 aplicable a partir del 2 d&#8217;agost de 2027 la regulaci\u00f3 d&#8217;uns certs sistemes d&#8217;IA d&#8217;alt risc (els que siguin components de seguretat d&#8217;uns certs productes o constitueixin en si mateixos aquests productes caracteritzats per requerir-se una avaluaci\u00f3 de seguretat per a la seva comercialitzaci\u00f3 o posada en servei -per exemple, m\u00e0quines, joguines, ascensors o productes sanitaris-).<\/li>\n<\/ul>\n<p><strong>Protecci\u00f3 de dades<\/strong><\/p>\n<p>No hem d&#8217;oblidar que la IA \u00e9s un risc brutal en l&#8217;\u00e0mbit de protecci\u00f3 de dades. Al cap i a la fi, les IA &#8220;aprenen&#8221;, per\u00f2 la gran pregunta \u00e9s si aprenen respectant la protecci\u00f3 de dades o no. No \u00e9s el mateix que una IA utilitzi les dades de tots els usuaris per a &#8220;saber coses&#8221;, que no les utilitzi.<\/p>\n<p>Si no els usa, la IA ser\u00e0 menys efectiva, per\u00f2 ser\u00e0 m\u00e9s respectuosa amb la normativa europea. La seva aplicaci\u00f3 objectiva \u00e9s la definici\u00f3 del que hem d&#8217;entendre com a intel\u00b7lig\u00e8ncia artificial, i deixa fora poques coses.<\/p>\n<p><strong>\u00c0mbit d&#8217;aplicaci\u00f3 objectiu<\/strong><\/p>\n<p>Quant a l&#8217;\u00e0mbit d&#8217;aplicaci\u00f3 objectiu, el Reglament parteix d&#8217;una \u00e0mplia definici\u00f3 del que s&#8217;ha d&#8217;entendre per IA i deixa fora del seu \u00e0mbit d&#8217;aplicaci\u00f3 nom\u00e9s algunes manifestacions concretes d&#8217;aquests sistemes.<\/p>\n<p>Queda fora l&#8217;aplicaci\u00f3 de la IA per a fins militars, tamb\u00e9 els sistemes que tingui com a finalitat el desenvolupament cient\u00edfic. Per conseg\u00fcent, es tracta de regular els sistemes d&#8217;IA, per a fins comercials i de serveis, per\u00f2 queda fora la recerca cient\u00edfica, militar, seguretat nacional, etc.<\/p>\n<p><strong>Mecanismes de control<\/strong><\/p>\n<p>Com a mecanismes de control, hi ha tres nivells de risc definits pel Reglament. Tenim el risc inadmissible, que \u00e9s el que quedar\u00e0 prohibit i que va contra la UE i la seva normativa. Per exemple, seria la puntuaci\u00f3 social, les t\u00e8cniques subliminals, aprofitar la vulnerabilitat de les persones, categoritzar-les biom\u00e8tricament o recon\u00e8ixer emocions, sobretot si no \u00e9s en l&#8217;\u00e0mbit privat.<\/p>\n<p>Despr\u00e9s tenim l&#8217;alt risc, que inclouria tots els sistemes amb IA que impliquen joguines, ascensors, vehicles de motor, etc. i tamb\u00e9 els sistemes d&#8217;assegurances de vida i salut, classificaci\u00f3 credit\u00edcia de les persones, promoci\u00f3, acomiadament de personal, etc.<\/p>\n<p>Quant a l&#8217;alt risc hi ha molta classificaci\u00f3 i \u00e9s molt extens, a causa de la mat\u00e8ria que \u00e9s molt abstracta. Finalment, tenim el risc baix, que s\u00f3n els l\u00edmits on la IA es pot desenvolupar tranquil\u00b7lament, per\u00f2 per descomptat conformement a la normativa vigent, i sotm\u00e8s a r\u00e8gim d&#8217;obligacions d&#8217;informaci\u00f3. Es podran adherir a codis de conducta de la UE.<\/p>\n<p>Conv\u00e9 tenir en compte que els sistemes generals d&#8217;IA, com el CHAT GPT o GEMINI, comporten riscos sist\u00e8mics, poden causar accidents greus, ser utilitzats indegudament, ser utilitzats per a ciberatacs, etc.<\/p>\n<p><strong>Estructura administrativa de control i r\u00e8gim sancionador<\/strong><\/p>\n<p>Es dissenya una estructura administrativa de control i r\u00e8gim sancionador, de fet, a Espanya ja tenim l&#8217;AG\u00c8NCIA ESPANYOLA DE SUPERVISI\u00d3 D&#8217;INTEL\u00b7LIG\u00c8NCIA ARTIFICIAL (Reial decret 729\/2023, de 22 d&#8217;agost), que ha d&#8217;inspeccionar, comprovar i sancionar en cas de mal \u00fas.<\/p>\n<p>En l&#8217;\u00e0mbit europeu, l&#8217;OFICINA EUROPEA D&#8217;INTEL\u00b7LIG\u00c8NCIA ARTIFICIAL ser\u00e0 l&#8217;organisme de control al qual corresponen importants funcions.<\/p>\n<p><strong>Atenci\u00f3.<\/strong>\u00a0Les\u00a0<strong>multes\u00a0<\/strong>per infraccions del Reglament d&#8217;intel\u00b7lig\u00e8ncia artificial s&#8217;han fixat com un\u00a0<strong>percentatge del volum de negocis anual global de l&#8217;empresa<\/strong>\u00a0infractora en l&#8217;exercici financer anterior o un\u00a0<strong>import predeterminat<\/strong>, si aquest fos superior, i poden arribar fins als\u00a0<strong>35 milions d&#8217;euros<\/strong>\u00a0o el\u00a0<strong>7% del volum de negocis anual<\/strong>\u00a0total a escala mundial de l&#8217;infractor durant l&#8217;exercici financer anterior, si aquest import fos superior.<\/p>\n<\/div>\n<p>\u00a0<\/p>\n<p>Consulteu els nostres serveis fiscals, laborals i legals\u00a0<a href=\"https:\/\/www.jda.es\/servicios\/\">aqu\u00ed<\/a>.<\/p>\n<div class=\"wpb_text_column\">\n<div class=\"wpb_text_column\">\n<p>JDA\/SFA<\/p>\n<\/div>\n<\/div>\n\n\n","protected":false},"excerpt":{"rendered":"<p>\u00a0 El Diari Oficial de la Uni\u00f3 Europea (DOUE) ha publicat el Reglament (UE) 2024\/1689 del Parlament Europeu i del Consell, de 13 de juny de 2024, pel qual s&#8217;estableixen normes harmonitzades en mat\u00e8ria d&#8217;intel\u00b7lig\u00e8ncia artificial (Reglament d&#8217;intel\u00b7lig\u00e8ncia artificial). El reglament no ser\u00e0 aplicable amb car\u00e0cter general fins al 2 d&#8217;agost de 2026, per\u00f2 algunes<\/p>\n","protected":false},"author":50,"featured_media":34738,"comment_status":"open","ping_status":"open","sticky":false,"template":"","format":"standard","meta":{"rs_blank_template":"","rs_page_bg_color":"","slide_template_v7":"","footnotes":""},"categories":[833,794,785,766],"tags":[],"class_list":["post-34768","post","type-post","status-publish","format-standard","has-post-thumbnail","hentry","category-economia-ca","category-emprenedors","category-empreses","category-legal-ca"],"_links":{"self":[{"href":"https:\/\/www.jda.es\/ca\/wp-json\/wp\/v2\/posts\/34768","targetHints":{"allow":["GET"]}}],"collection":[{"href":"https:\/\/www.jda.es\/ca\/wp-json\/wp\/v2\/posts"}],"about":[{"href":"https:\/\/www.jda.es\/ca\/wp-json\/wp\/v2\/types\/post"}],"author":[{"embeddable":true,"href":"https:\/\/www.jda.es\/ca\/wp-json\/wp\/v2\/users\/50"}],"replies":[{"embeddable":true,"href":"https:\/\/www.jda.es\/ca\/wp-json\/wp\/v2\/comments?post=34768"}],"version-history":[{"count":0,"href":"https:\/\/www.jda.es\/ca\/wp-json\/wp\/v2\/posts\/34768\/revisions"}],"wp:featuredmedia":[{"embeddable":true,"href":"https:\/\/www.jda.es\/ca\/wp-json\/wp\/v2\/media\/34738"}],"wp:attachment":[{"href":"https:\/\/www.jda.es\/ca\/wp-json\/wp\/v2\/media?parent=34768"}],"wp:term":[{"taxonomy":"category","embeddable":true,"href":"https:\/\/www.jda.es\/ca\/wp-json\/wp\/v2\/categories?post=34768"},{"taxonomy":"post_tag","embeddable":true,"href":"https:\/\/www.jda.es\/ca\/wp-json\/wp\/v2\/tags?post=34768"}],"curies":[{"name":"wp","href":"https:\/\/api.w.org\/{rel}","templated":true}]}}