{"id":34659,"date":"2024-07-11T17:42:13","date_gmt":"2024-07-11T15:42:13","guid":{"rendered":"https:\/\/www.jda.es\/?p=34659"},"modified":"2024-07-11T17:42:14","modified_gmt":"2024-07-11T15:42:14","slug":"incentius-fiscals-per-a-empreses-de-reduida-dimensio-pimes","status":"publish","type":"post","link":"https:\/\/www.jda.es\/ca\/incentius-fiscals-per-a-empreses-de-reduida-dimensio-pimes\/","title":{"rendered":"Incentius fiscals per a empreses de redu\u00efda dimensi\u00f3 (pimes)"},"content":{"rendered":"\n<div class=\"summary\">\n<p>Les empreses de redu\u00efda dimensi\u00f3, aquelles l&#8217;import net del volum de negocis de les quals \u00e9s inferior a 10 milions d&#8217;euros, poden aplicar una s\u00e8rie d&#8217;incentius fiscals que els permet reduir la seva tributaci\u00f3 en l&#8217;impost sobre societats.<\/p>\n<\/div>\n<div class=\"content\">\n<p>Ara que estem ens trobem en plena campanya de la declaraci\u00f3 de l&#8217;impost sobre societats, li recordem que si la seva empresa \u00e9s de redu\u00efda dimensi\u00f3 t\u00e9 dret a interessants incentius (llibertat d&#8217;amortitzaci\u00f3 per creaci\u00f3 d&#8217;ocupaci\u00f3, amortitzaci\u00f3 doble&#8230;). Li expliquem quins s\u00f3n i els seus requisits.<\/p>\n<p><strong>Consideraci\u00f3 d&#8217;empresa de redu\u00efda dimensi\u00f3<\/strong><\/p>\n<p>Li recordem que perqu\u00e8 la seva empresa tingui el\u00a0<strong>car\u00e0cter de redu\u00efda dimensi\u00f3 (ERD) i pugui gaudir dels incentius fiscals<\/strong>\u00a0aplicables en aquests casos en la declaraci\u00f3 de l&#8217;impost sobre societats (llibertat d&#8217;amortitzaci\u00f3 per creaci\u00f3 d&#8217;ocupaci\u00f3, amortitzaci\u00f3 doble&#8230;), el seu\u00a0<strong>volum de negocis<\/strong>\u00a0en l&#8217;exercici anterior ha d&#8217;haver estat\u00a0<strong>inferior a deu milions d&#8217;euros<\/strong>\u00a0(si forma part d&#8217;un grup, per calcular aquesta xifra ha de tenir en compte les dades consolidades del grup).<\/p>\n<p>No obstant aix\u00f2, encara que en un exercici el volum de negocis superi els deu milions d&#8217;euros (i deixi de ser pime en l&#8217;exercici seg\u00fcent),\u00a0<strong>pot ser que encara pugui continuar gaudint d&#8217;aquests incentius tres anys m\u00e9s<\/strong>. Aix\u00f2 passar\u00e0 si en l&#8217;exercici en el qual superi aquest volum i en els dos exercicis anteriors ha complert els requisits per a ser pime.<\/p>\n<p>Tamb\u00e9 es pot prorrogar el r\u00e8gim si el l\u00edmit de l&#8217;import net del volum de negocis (INVN) se supera en fer-se una operaci\u00f3 protegida del r\u00e8gim de reestructuraci\u00f3 empresarial, quan les entitats que efectuen l&#8217;operaci\u00f3 fossin ERD en el per\u00edode en el qual es va efectuar i en els dos anys anteriors.<\/p>\n<ul>\n<li><strong>Atenci\u00f3.<\/strong>\u00a0Si ha iniciat una activitat econ\u00f2mica, l&#8217;INVN a tenir en compte \u00e9s el corresponent al temps en el qual s&#8217;ha desenvolupat l&#8217;activitat efectiva, elevant-se a l&#8217;any.<\/li>\n<\/ul>\n<p>Si l&#8217;entitat\u00a0<strong>forma part d&#8217;un grup d&#8217;empreses<\/strong>, pot aplicar el r\u00e8gim d&#8217;ERD si l&#8217;INVN conjunt \u00e9s inferior als 10.000.000\u202f\u20ac. Per a aquest c\u00f2mput no es tenen en compte les operacions fetes entre entitats del grup.<\/p>\n<p><strong>Quins components cal considerar per determinar l&#8217;INVN?<\/strong><\/p>\n<p>Components positius:<\/p>\n<ol>\n<li>Les vendes i prestacions de serveis derivats de l&#8217;activitat ordin\u00e0ria de l&#8217;empresa.<\/li>\n<li>Els lliuraments de b\u00e9ns i prestacions de serveis que efectu\u00ef l&#8217;empresa a canvi d&#8217;actius no monetaris o com a contraprestaci\u00f3 de serveis que li representen despeses.<\/li>\n<li>La part de les subvencions atorgades en funci\u00f3 de les unitats de producte venudes i que forma part del seu preu de venda.<\/li>\n<\/ol>\n<p>Components negatius:<\/p>\n<ol>\n<li>Les devolucions de vendes.<\/li>\n<li>Els r\u00e0pels sobre vendes o prestacions de serveis.<\/li>\n<li>Els descomptes comercials que s&#8217;efectu\u00efn en els ingressos objecte de c\u00f2mput en el volum anual de negocis.<\/li>\n<\/ol>\n<p><strong>Incentius fiscals<\/strong><\/p>\n<p>Els incentius fiscals s\u00f3n els seg\u00fcents:<\/p>\n<ul>\n<li>Llibertat d&#8217;amortitzaci\u00f3 per a inversions generadores d&#8217;ocupaci\u00f3, fins a un m\u00e0xim de 120.000\u202f\u20ac per cada persona\/any d&#8217;increment de plantilla.<\/li>\n<li>Amortitzaci\u00f3 accelerada<\/li>\n<li>Reserva d&#8217;anivellament<\/li>\n<li>P\u00e8rdues per deterioraci\u00f3 dels cr\u00e8dits per insolv\u00e8ncies de deutors, fins a l&#8217;1% dels deutors existents a la conclusi\u00f3 de per\u00edode impositiu.<\/li>\n<li>Deducci\u00f3 de la recuperaci\u00f3 del cost del b\u00e9 recollit en les quotes d&#8217;arrendament pagades, quan s&#8217;adquireixen b\u00e9ns mobles o immobles en r\u00e8gim d&#8217;arrendament financer, amb el l\u00edmit del coeficient m\u00e0xim de taules multiplicat per 3.<\/li>\n<\/ul>\n<p><strong>1. Llibertat d&#8217;amortitzaci\u00f3 per a inversions en immobilitzat material i inversions immobili\u00e0ries generadores d&#8217;ocupaci\u00f3.<\/strong><\/p>\n<p>Els elements nous de l&#8217;immobilitzat material i de les inversions immobili\u00e0ries, afectes a activitats econ\u00f2miques, poden ser amortitzats lliurement sempre que, durant els vint-i-quatre mesos seg\u00fcents a la data de l&#8217;inici del per\u00edode impositiu en qu\u00e8 els b\u00e9ns adquirits entrin en funcionament, la plantilla mitjana total de l&#8217;empresa s&#8217;incrementi respecte de la plantilla mitjana dels dotze mesos anteriors, i aquest increment es mantingui durant un per\u00edode addicional de vint-i-quatre mesos.<\/p>\n<p>La quantia de la inversi\u00f3 que es pot beneficiar del r\u00e8gim de llibertat d&#8217;amortitzaci\u00f3 \u00e9s la que resulti de multiplicar la xifra de 120.000 euros pel referit increment calculat amb dos decimals.<\/p>\n<p>Per al c\u00e0lcul de la plantilla mitjana total de l&#8217;empresa i del seu increment es prenen les persones ocupades, en els termes que disposi la legislaci\u00f3 laboral, tenint en compte la jornada contractada en relaci\u00f3 amb la jornada completa.<\/p>\n<p>La llibertat d&#8217;amortitzaci\u00f3 \u00e9s aplicable des de l&#8217;entrada en funcionament dels elements que s&#8217;hi puguin acollir a ella.<\/p>\n<p>El r\u00e8gim previst tamb\u00e9 \u00e9s aplicable als\u00a0<strong>elements encarregats en virtut d&#8217;un contracte d&#8217;execuci\u00f3 d&#8217;obra<\/strong>\u00a0subscrit en el per\u00edode impositiu, sempre que la seva posada a disposici\u00f3 sigui dins dels dotze mesos seg\u00fcents a la seva conclusi\u00f3. \u00c9s igualment d&#8217;aplicaci\u00f3 als elements de l&#8217;immobilitzat material i de les inversions immobili\u00e0ries constru\u00efts per la mateixa empresa.<\/p>\n<ul>\n<li><strong>Atenci\u00f3.<\/strong>\u00a0Si s&#8217;aplica la llibertat d&#8217;amortitzaci\u00f3 amb creaci\u00f3 d&#8217;ocupaci\u00f3, i la societat realitza m\u00e9s d&#8217;una activitat econ\u00f2mica, no cal que l&#8217;element adquirit i l&#8217;increment d&#8217;ocupaci\u00f3 es facin en la mateixa activitat, perqu\u00e8 el c\u00f2mput de creaci\u00f3 d&#8217;ocupaci\u00f3 es fa en l&#8217;\u00e0mbit de contribuent i no d&#8217;activitat.<\/li>\n<\/ul>\n<p>En el cas que s&#8217;incompl\u00eds l&#8217;obligaci\u00f3 d&#8217;incrementar o mantenir la plantilla s&#8217;ha d&#8217;ingressar la quota \u00edntegra que hagu\u00e9s correspost a la quantitat dedu\u00efda en exc\u00e9s m\u00e9s els interessos de demora corresponents. L&#8217;ingr\u00e9s de la quota \u00edntegra i dels interessos de demora es far\u00e0 conjuntament amb l&#8217;autoliquidaci\u00f3 corresponent al per\u00edode impositiu en el qual s&#8217;hagi incomplert una obligaci\u00f3 o l&#8217;altra.<\/p>\n<ul>\n<li><strong>Atenci\u00f3.<\/strong>\u00a0Els elements nous de l&#8217;immobilitzat material i de les inversions immobili\u00e0ries, afectes a activitats econ\u00f2miques, objecte d&#8217;<strong>un contracte d&#8217;arrendament financer<\/strong>\u00a0i posats a la disposici\u00f3 de l&#8217;empresa en el per\u00edode impositiu en el qual t\u00e9 la consideraci\u00f3 de redu\u00efda dimensi\u00f3, poden gaudir de llibertat d&#8217;amortitzaci\u00f3 a condici\u00f3 que s&#8217;exerciti l&#8217;opci\u00f3 de compra i es compleixin els requisits establerts sobre increment i manteniment d&#8217;ocupaci\u00f3.<\/li>\n<\/ul>\n<p><strong>2. Amortitzaci\u00f3 accelerada per a b\u00e9ns de l&#8217;immobilitzat material, inversions immobili\u00e0ries i intangibles sense manteniment d&#8217;ocupaci\u00f3.<\/strong><\/p>\n<p>Els elements nous de l&#8217;immobilitzat material i de les inversions immobili\u00e0ries, aix\u00ed com els elements de l&#8217;immobilitzat intangible, afectes en tots dos casos a activitats econ\u00f2miques, posats a la disposici\u00f3 del contribuent en el per\u00edode impositiu en el qual tingui la consideraci\u00f3 d&#8217;empresa de redu\u00efda dimensi\u00f3, es poden amortitzar en funci\u00f3 del coeficient que resulti de multiplicar per 2 el coeficient d&#8217;amortitzaci\u00f3 lineal m\u00e0xim previst en les taules d&#8217;amortitzaci\u00f3 oficialment aprovades.<\/p>\n<p>La Direcci\u00f3 General de Tributs considera, respecte dels\u00a0<strong>immobilitzats intangibles<\/strong>, qualificats mercantilment com a actius de vida \u00fatil indefinida, als quals es refereix l&#8217;article 12.2 de la LIS, aix\u00ed com en el cas del\u00a0<strong>fons de comer\u00e7<\/strong>, que es pot deduir el 150\u202f% de l&#8217;import que resulti d&#8217;aplicar per a ells l&#8217;amortitzaci\u00f3 fiscal m\u00e0xima del 5\u202f% (DGT V0540-20).<\/p>\n<ul>\n<li><strong>Atenci\u00f3.<\/strong>\u00a0Per aplicar l&#8217;amortitzaci\u00f3 accelerada s&#8217;exigeix que l&#8217;element tingui coeficient en les taules, cosa que no passa, per exemple, en les obres de condicionament d&#8217;un local arrendat (DGT consulta V1957-12).<\/li>\n<\/ul>\n<p><strong>3. P\u00e8rdues per deterioraci\u00f3 dels cr\u00e8dits per possibles insolv\u00e8ncies de deutors<\/strong><\/p>\n<p>Els requisits perqu\u00e8 siguin dedu\u00efbles les perdudes per deterioraci\u00f3 s\u00f3n els seg\u00fcents:<\/p>\n<ol>\n<li>L&#8217;entitat ha de ser considerada de redu\u00efda dimensi\u00f3 en el per\u00edode impositiu en el qual sigui dedu\u00efble la p\u00e8rdua.<\/li>\n<\/ol>\n<ul>\n<li><strong>Atenci\u00f3.<\/strong>\u00a0Si en un any el contribuent ha perdut la condici\u00f3 d&#8217;ERD, el saldo acumulat de la p\u00e8rdua per deterioraci\u00f3 global d&#8217;insolv\u00e8ncies reverteix de forma fraccionada a mesura que l&#8217;entitat procedeix a registrar les seves noves p\u00e8rdues per deterioraci\u00f3 pel sistema individualitzat. \u00c9s a dir, les noves p\u00e8rdues per deterioraci\u00f3 no s\u00f3n fiscalment dedu\u00efbles fins que s&#8217;esgoti el saldo acumulat de la p\u00e8rdua per deterioraci\u00f3 global registrada en exercicis anteriors.<\/li>\n<\/ul>\n<ol>\n<li value=\"2\">La quantia de la dotaci\u00f3 no pot sobrepassar l&#8217;1% del saldo dels deutors existents a la conclusi\u00f3 del per\u00edode impositiu.<\/li>\n<\/ol>\n<p>A aquest efecte, no s&#8217;inclouen en aquest saldo els deutors sobre els quals s&#8217;hagu\u00e9s reconegut la p\u00e8rdua per deterioraci\u00f3 dels cr\u00e8dits per insolv\u00e8ncies establertes en l&#8217;article 13.1 de la llei d&#8217;aquest impost i aquells altres les p\u00e8rdues per deterioraci\u00f3 dels quals no tinguin el car\u00e0cter de dedu\u00efbles segons el que es disposa en aquest article.<\/p>\n<ol>\n<li value=\"3\">El saldo de la dotaci\u00f3 efectuada per aquest m\u00e8tode al tancament del per\u00edode impositiu no pot excedir de l&#8217;1% dels citats deutors existents a la seva conclusi\u00f3.<\/li>\n<li>Els contribuents que compleixin les condicions de l&#8217;article 101 de la LIS en els per\u00edodes impositius que s&#8217;inici\u00efn l&#8217;any 2021 i l&#8217;any 2022 poden deduir, en aquests per\u00edodes, les p\u00e8rdues per deterioraci\u00f3 dels cr\u00e8dits derivades de les possibles insolv\u00e8ncies de deutors quan en el moment de la meritaci\u00f3 de l&#8217;impost el termini que hagi transcorregut des del venciment de l&#8217;obligaci\u00f3 a qu\u00e8 es refereix la lletra a) de l&#8217;apartat 1 de l&#8217;article 13 d&#8217;aquesta llei sigui de tres mesos.<\/li>\n<\/ol>\n<p><strong>4. Reserva d&#8217;anivellament de bases imposables<\/strong><\/p>\n<p>Nom\u00e9s poden aplicar aquest incentiu les entitats que tinguin la consideraci\u00f3 d&#8217;empreses de redu\u00efda dimensi\u00f3 (ERD) i que apliquin el tipus general (les entitats de nova creaci\u00f3 no poden aplicar aquest incentiu fiscal en tributar a un tipus inferior que el general en els dos primers exercicis en qu\u00e8 obtinguin beneficis)<\/p>\n<p>Consisteix a reduir la base imposable de l&#8217;exercici com a m\u00e0xim en un 10\u202f% del seu import, amb un l\u00edmit quantitatiu de fins a 1.000.000\u202f\u20ac.<\/p>\n<p>Si en els 5 exercicis posteriors a la dotaci\u00f3 d&#8217;aquesta reserva es genera una base imposable negativa, aquesta es redueix obligat\u00f2riament amb l&#8217;import de la reserva. Si transcorren cinc anys i no s&#8217;ha aplicat la reserva \u00edntegrament, per no haver tingut durant aquest per\u00edode bases negatives, l&#8217;import que resti se suma a la base imposable d&#8217;aquest \u00faltim exercici.<\/p>\n<p>Per l&#8217;import minorat \u00e9s obligatori dotar una reserva indisponible amb c\u00e0rrec als beneficis de l&#8217;any en qu\u00e8 es redueix la base. Si no existeixen beneficis suficients en l&#8217;exercici de reducci\u00f3, s&#8217;ha de dotar en els exercicis seg\u00fcents quan sigui possible (la reserva nom\u00e9s ser\u00e0 disponible quan el soci exerceixi el seu dret a separar-se de la societat, quan s&#8217;elimini, totalment o parcialment, a conseq\u00fc\u00e8ncia d&#8217;operacions de reestructuraci\u00f3 empresarial o quan una norma de car\u00e0cter legal aix\u00ed ho prevegi).<\/p>\n<p>Ha de tenir present que, si el 2016 va aplicar la reserva d&#8217;anivellament i encara t\u00e9 pendent saldo per integrar d&#8217;aquest any, en aquest exercici ha de fer l&#8217;ajust positiu corresponent per la totalitat d&#8217;aquest saldo perqu\u00e8 ja hauran transcorregut els cinc anys que marca el legislador per retornar l&#8217;incentiu fiscal. La reserva que va dotar en aquest exercici passa a ser disponible.<\/p>\n<table>\n<thead>\n<tr>\n<th>\n<p>Refer\u00e8ncia<\/p>\n<\/th>\n<th>\n<p>Incentiu \/ Deducci\u00f3 \/ L\u00edmits<\/p>\n<\/th>\n<\/tr>\n<\/thead>\n<tbody>\n<tr>\n<td>\n<p><strong>Llibertat d&#8217;amortitzaci\u00f3 per a la inversi\u00f3 en elements nous de l&#8217;immobilitzat material i de les inversions immobili\u00e0ries. Amb efectes des de l&#8217;01-01-2015, s&#8217;afegeix l&#8217;exig\u00e8ncia que s&#8217;afectin activitats econ\u00f2miques.<\/strong><\/p>\n<\/td>\n<td>\n<p>Sempre que, durant els vint-i-quatre mesos seg\u00fcents a la data de l&#8217;inici del per\u00edode impositiu en qu\u00e8 els b\u00e9ns adquirits entrin en funcionament, la plantilla mitjana total de l&#8217;empresa s&#8217;incrementi respecte de la plantilla mitjana dels dotze mesos anteriors, i aquest increment es mantingui durant un per\u00edode addicional de vint-i-quatre mesos.<\/p>\n<p>Quantia de la inversi\u00f3: el resultat de multiplicar 120.000 \u20ac per l&#8217;increment net de la plantilla mitjana.<\/p>\n<\/td>\n<\/tr>\n<tr>\n<td>\n<p><strong>Acceleraci\u00f3 de l&#8217;amortitzaci\u00f3 dels elements nous de l&#8217;immobilitzat material i de les inversions immobili\u00e0ries i de l&#8217;immobilitzat intangible. Amb efectes des de l&#8217;01-01-2015, aquests elements patrimonials s&#8217;han d&#8217;afectar a les activitats econ\u00f2miques del contribuent.<\/strong><\/p>\n<\/td>\n<td>\n<p>Amortitzaci\u00f3 en funci\u00f3 del coeficient que resulti de multiplicar per 2 el coeficient d&#8217;amortitzaci\u00f3 lineal m\u00e0xim previst en les taules d&#8217;amortitzaci\u00f3 oficialment aprovades.<\/p>\n<\/td>\n<\/tr>\n<tr>\n<td>\n<p><strong>P\u00e8rdues per deterioraci\u00f3 dels cr\u00e8dits per possibles insolv\u00e8ncies de deutors.<\/strong><\/p>\n<\/td>\n<td>\n<p>\u00c9s dedu\u00efble la p\u00e8rdua per deterioraci\u00f3 dels cr\u00e8dits per a la cobertura del risc derivat de les possibles insolv\u00e8ncies fins al l\u00edmit de l&#8217;1% sobre els deutors existents a la conclusi\u00f3 del per\u00edode impositiu.<\/p>\n<p>Per als exercicis iniciats durant el 2020 i el 2021, i per als contribuents que tinguin la consideraci\u00f3 d&#8217;empreses de redu\u00efda dimensi\u00f3, es redueix de 6 a 3 mesos el termini que ha de transc\u00f3rrer des del venciment de l&#8217;obligaci\u00f3 fins a la meritaci\u00f3 de l&#8217;impost, per poder deduir la despesa per deterioraci\u00f3 de cr\u00e8dits per la possible insolv\u00e8ncia dels deutors.<\/p>\n<\/td>\n<\/tr>\n<tr>\n<td>\n<p><strong>Amortitzaci\u00f3 d&#8217;elements patrimonials objecte de reinversi\u00f3 (elements de l&#8217;immobilitzat material i de les inversions immobili\u00e0ries afectes a explotacions econ\u00f2miques). Desapareix amb efectes des de l&#8217;01-01-2015. R\u00e8gim transitori: si els amortitzessin pel triple del coeficient de taules en exercicis iniciats abans de l&#8217;01-01-2015, conforme al que es preveu en el TRLIS, podran continuar fent-ho d&#8217;acord amb la disposici\u00f3 transit\u00f2ria vint-i-vuitena de la nova LIS<\/strong><\/p>\n<\/td>\n<td>\n<p>R\u00e8gim transitori: si els amortitzessin pel triple del coeficient de taules en exercicis iniciats abans de l&#8217;01-01-2015, podran amortitzar-se en funci\u00f3 del coeficient que resulti de multiplicar per 3 el coeficient d&#8217;amortitzaci\u00f3 lineal m\u00e0xim previst en les taules d&#8217;amortitzaci\u00f3 oficialment aprovades.<\/p>\n<\/td>\n<\/tr>\n<tr>\n<td>\n<p><strong>Reserva d&#8217;anivellament<\/strong><\/p>\n<\/td>\n<td>\n<p>Amb efectes des de l&#8217;01-01-2015, s&#8217;introdueix un r\u00e8gim denominat &#8220;reserva d&#8217;anivellament de bases imposables negatives&#8221; que suposa una reducci\u00f3 de fins al 10% de la base imposable amb un l\u00edmit m\u00e0xim anual d&#8217;1 mili\u00f3 d&#8217;euros (o l&#8217;import que proporcionalment correspongui en cas que el per\u00edode impositiu de l&#8217;entitat fos inferior a l&#8217;any).<\/p>\n<p>Aquest benefici fiscal t\u00e9 les seg\u00fcents caracter\u00edstiques:<\/p>\n<p>La reducci\u00f3 que es faci en la base imposable per aquest motiu s&#8217;ha d&#8217;integrar en les bases imposables dels per\u00edodes impositius que concloguin en els cinc anys immediats i successius a la finalitzaci\u00f3 del per\u00edode en qu\u00e8 s&#8217;hagu\u00e9s fet la minoraci\u00f3, a mesura que l&#8217;entitat obtingui BIN. L&#8217;import que no s&#8217;hagi integrat a la finalitzaci\u00f3 d&#8217;aquest termini per no haver-se generat BIN suficient, s&#8217;addicionar\u00e0 a la base imposable del per\u00edode corresponent a la conclusi\u00f3 del termini.<\/p>\n<p>S&#8217;ha de dotar amb c\u00e0rrec als beneficis de l&#8217;exercici en el qual es faci la minoraci\u00f3 una reserva per l&#8217;import de la minoraci\u00f3 que ser\u00e0 indisponible durant el per\u00edode de cinc anys anteriorment assenyalat. En cas que no es pugui dotar aquesta reserva, la minoraci\u00f3 estar\u00e0 condicionada al fet que es doti amb c\u00e0rrec als primers beneficis d&#8217;exercicis seg\u00fcents respecte dels quals resulti possible realitzar aquesta dotaci\u00f3.<\/p>\n<p>L&#8217;incompliment d&#8217;aquest requisit determina la integraci\u00f3 en la base imposable de les quantitats que haguessin estat objecte de minoraci\u00f3, incrementades en un 5%.<\/p>\n<p>Les quantitats destinades a la dotaci\u00f3 d&#8217;aquesta reserva no es poden aplicar simult\u00e0niament al compliment de la reserva de capitalitzaci\u00f3 regulada tamb\u00e9 en la LIS.<\/p>\n<\/td>\n<\/tr>\n<\/tbody>\n<\/table>\n<\/div>\n\n\n\n<p>Consulteu els nostres serveis fiscals, laborals i legals\u00a0<a href=\"https:\/\/www.jda.es\/servicios\/\">aqu\u00ed<\/a>.<\/p>\n<div class=\"wpb_text_column\">\n<div class=\"wpb_text_column\">\n<p>JDA\/SFA<\/p>\n<\/div>\n<\/div>\n","protected":false},"excerpt":{"rendered":"<p>Les empreses de redu\u00efda dimensi\u00f3, aquelles l&#8217;import net del volum de negocis de les quals \u00e9s inferior a 10 milions d&#8217;euros, poden aplicar una s\u00e8rie d&#8217;incentius fiscals que els permet reduir la seva tributaci\u00f3 en l&#8217;impost sobre societats. Ara que estem ens trobem en plena campanya de la declaraci\u00f3 de l&#8217;impost sobre societats, li recordem<\/p>\n","protected":false},"author":50,"featured_media":34660,"comment_status":"open","ping_status":"open","sticky":false,"template":"","format":"standard","meta":{"rs_blank_template":"","rs_page_bg_color":"","slide_template_v7":"","footnotes":""},"categories":[827,833,794,785,826],"tags":[],"class_list":["post-34659","post","type-post","status-publish","format-standard","has-post-thumbnail","hentry","category-contabilitat","category-economia-ca","category-emprenedors","category-empreses","category-fiscal-ca-2"],"_links":{"self":[{"href":"https:\/\/www.jda.es\/ca\/wp-json\/wp\/v2\/posts\/34659","targetHints":{"allow":["GET"]}}],"collection":[{"href":"https:\/\/www.jda.es\/ca\/wp-json\/wp\/v2\/posts"}],"about":[{"href":"https:\/\/www.jda.es\/ca\/wp-json\/wp\/v2\/types\/post"}],"author":[{"embeddable":true,"href":"https:\/\/www.jda.es\/ca\/wp-json\/wp\/v2\/users\/50"}],"replies":[{"embeddable":true,"href":"https:\/\/www.jda.es\/ca\/wp-json\/wp\/v2\/comments?post=34659"}],"version-history":[{"count":0,"href":"https:\/\/www.jda.es\/ca\/wp-json\/wp\/v2\/posts\/34659\/revisions"}],"wp:featuredmedia":[{"embeddable":true,"href":"https:\/\/www.jda.es\/ca\/wp-json\/wp\/v2\/media\/34660"}],"wp:attachment":[{"href":"https:\/\/www.jda.es\/ca\/wp-json\/wp\/v2\/media?parent=34659"}],"wp:term":[{"taxonomy":"category","embeddable":true,"href":"https:\/\/www.jda.es\/ca\/wp-json\/wp\/v2\/categories?post=34659"},{"taxonomy":"post_tag","embeddable":true,"href":"https:\/\/www.jda.es\/ca\/wp-json\/wp\/v2\/tags?post=34659"}],"curies":[{"name":"wp","href":"https:\/\/api.w.org\/{rel}","templated":true}]}}