{"id":34644,"date":"2024-07-05T11:15:31","date_gmt":"2024-07-05T09:15:31","guid":{"rendered":"https:\/\/www.jda.es\/?p=34644"},"modified":"2024-07-05T11:15:47","modified_gmt":"2024-07-05T09:15:47","slug":"34644","status":"publish","type":"post","link":"https:\/\/www.jda.es\/ca\/34644\/","title":{"rendered":"Tot el que has de saber sobre les vacances d&#8217;estiu per als treballadors"},"content":{"rendered":"\n\n\n<p>Els treballadors tenen dret a un m\u00ednim de dies de vacances retribu\u00efts per any. Aquest m\u00ednim \u00e9s de 30 dies naturals, segons l\u2019article 38 de l\u2019Estatut dels Treballadors. Aquest per\u00edode pot variar en funci\u00f3 dels convenis col\u00b7lectius i els acords individuals entre ocupador i treballador, per\u00f2 mai no pot ser inferior al m\u00ednim legal.<\/p>\n<p><strong>Planificaci\u00f3 i Gaudiu de les Vacances<\/strong><\/p>\n<p>La planificaci\u00f3 de les vacances s&#8217;ha de fer de com\u00fa acord entre l&#8217;ocupador i l&#8217;empleat. \u00c9s recomanable que aquesta planificaci\u00f3 s&#8217;efectu\u00ef amb antelaci\u00f3 suficient per evitar conflictes i assegurar que l&#8217;activitat empresarial no es vegi afectada. Hi ha l&#8217;obligaci\u00f3 legal d&#8217;elaborar un calendari laboral anual que prevegi el per\u00edode de vacances i en qu\u00e8 s&#8217;estableixin les dates disponibles.<\/p>\n<p>Les empreses han de notificar les dates de les vacances amb una antelaci\u00f3 m\u00ednima que permeti als treballadors planificar el temps lliure. Aquesta notificaci\u00f3 s&#8217;ha de fer almenys amb dos mesos d&#8217;antelaci\u00f3.<\/p>\n<p>\u00c9s important destacar que les vacances s&#8217;han de gaudir dins de l&#8217;any natural o del per\u00edode que s&#8217;hagi acordat al conveni col\u00b7lectiu. No \u00e9s legal acumular les vacances d&#8217;un any per al seg\u00fcent, llevat de casos excepcionals degudament justificats i acordats.<\/p>\n<p><strong>Pagament durant les Vacances<\/strong><\/p>\n<p>Durant el per\u00edode de vacances, el treballador t\u00e9 dret a rebre el salari habitual, \u00e9s a dir, la retribuci\u00f3 que rebria si estigu\u00e9s treballant. Aix\u00f2 inclou els complements salarials i les pagues extres prorratejades, si escau. En cap cas, les vacances no poden ser substitu\u00efdes per una compensaci\u00f3 econ\u00f2mica, llevat del cas de l&#8217;extinci\u00f3 del contracte laboral i el treballador tingui vacances pendents de gaudir.<\/p>\n<p><strong>Vacances i situacions especials<\/strong><\/p>\n<p>Hi ha situacions especials en qu\u00e8 les vacances es poden veure afectades, com \u00e9s el cas d&#8217;una baixa per malaltia, accident o per naixement de fill, en aquests casos, el treballador t\u00e9 dret a gaudir de les vacances una vegada finalitzada la baixa, encara que hagi acabat l&#8217;any natural. Aquest dret est\u00e0 reconegut per evitar que el treballador perdi les vacances a causa de circumst\u00e0ncies imprevistes i alienes a la seva voluntat.<\/p>\n<p><strong>Conflictes i Resoluci\u00f3<\/strong><\/p>\n<p>En cas de desacord entre l&#8217;ocupador i el treballador sobre les dates de les vacances, \u00e9s fonamental intentar arribar a un acord amist\u00f3s. Si no \u00e9s possible, el treballador pot acudir a la Inspecci\u00f3 de Treball o interposar una demanda als jutjats socials. Els tribunals solen prioritzar la protecci\u00f3 del dret al descans del treballador, sempre que la sol\u00b7licitud sigui raonable i no afecti greument l&#8217;operativa de l&#8217;empresa.<\/p>\n<p><strong>Conclusi\u00f3<\/strong><\/p>\n<p>Gestionar les vacances d&#8217;estiu dels treballadors de manera eficient i conforme a la legislaci\u00f3 vigent no nom\u00e9s \u00e9s una obligaci\u00f3 legal, sin\u00f3 que tamb\u00e9 contribueix al benestar i la satisfacci\u00f3 dels empleats. Un enfocament proactiu i organitzat permet equilibrar les necessitats empresarials amb els drets laborals, tot fomentant un ambient de treball saludable i productiu.<\/p>\n<p>Els empresaris han d&#8217;estar informats i preparats per fer front a aquests desafiaments amb una planificaci\u00f3 adequada i una actitud flexible. Nom\u00e9s aix\u00ed es pot assegurar un estiu productiu i sense contratemps.<\/p>\n<p>\u00a0<\/p>\n<p>Ra\u00fcl Alegre<\/p>\n<p>Assessor Laboral JDA\/SFAI<\/p>\n","protected":false},"excerpt":{"rendered":"<p>Els treballadors tenen dret a un m\u00ednim de dies de vacances retribu\u00efts per any. Aquest m\u00ednim \u00e9s de 30 dies naturals, segons l\u2019article 38 de l\u2019Estatut dels Treballadors. Aquest per\u00edode pot variar en funci\u00f3 dels convenis col\u00b7lectius i els acords individuals entre ocupador i treballador, per\u00f2 mai no pot ser inferior al m\u00ednim legal. Planificaci\u00f3<\/p>\n","protected":false},"author":50,"featured_media":34638,"comment_status":"open","ping_status":"open","sticky":false,"template":"","format":"standard","meta":{"rs_blank_template":"","rs_page_bg_color":"","slide_template_v7":"","footnotes":""},"categories":[833,794,785,825],"tags":[],"class_list":["post-34644","post","type-post","status-publish","format-standard","has-post-thumbnail","hentry","category-economia-ca","category-emprenedors","category-empreses","category-actualitat-laboral"],"_links":{"self":[{"href":"https:\/\/www.jda.es\/ca\/wp-json\/wp\/v2\/posts\/34644","targetHints":{"allow":["GET"]}}],"collection":[{"href":"https:\/\/www.jda.es\/ca\/wp-json\/wp\/v2\/posts"}],"about":[{"href":"https:\/\/www.jda.es\/ca\/wp-json\/wp\/v2\/types\/post"}],"author":[{"embeddable":true,"href":"https:\/\/www.jda.es\/ca\/wp-json\/wp\/v2\/users\/50"}],"replies":[{"embeddable":true,"href":"https:\/\/www.jda.es\/ca\/wp-json\/wp\/v2\/comments?post=34644"}],"version-history":[{"count":0,"href":"https:\/\/www.jda.es\/ca\/wp-json\/wp\/v2\/posts\/34644\/revisions"}],"wp:featuredmedia":[{"embeddable":true,"href":"https:\/\/www.jda.es\/ca\/wp-json\/wp\/v2\/media\/34638"}],"wp:attachment":[{"href":"https:\/\/www.jda.es\/ca\/wp-json\/wp\/v2\/media?parent=34644"}],"wp:term":[{"taxonomy":"category","embeddable":true,"href":"https:\/\/www.jda.es\/ca\/wp-json\/wp\/v2\/categories?post=34644"},{"taxonomy":"post_tag","embeddable":true,"href":"https:\/\/www.jda.es\/ca\/wp-json\/wp\/v2\/tags?post=34644"}],"curies":[{"name":"wp","href":"https:\/\/api.w.org\/{rel}","templated":true}]}}