{"id":34509,"date":"2024-06-13T16:49:07","date_gmt":"2024-06-13T14:49:07","guid":{"rendered":"https:\/\/www.jda.es\/?p=34509"},"modified":"2024-06-13T16:49:08","modified_gmt":"2024-06-13T14:49:08","slug":"principals-novetats-en-la-declaracio-de-limpost-sobre-societats-2023","status":"publish","type":"post","link":"https:\/\/www.jda.es\/ca\/principals-novetats-en-la-declaracio-de-limpost-sobre-societats-2023\/","title":{"rendered":"Principals novetats en la declaraci\u00f3 de l&#8217;impost sobre societats 2023"},"content":{"rendered":"\n\n\n<div class=\"summary\">\n<p>Per a aquest exercici 2023, les principals novetats de l&#8217;impost sobre societats (IS) s&#8217;han centrat a adoptar mesures per a les empreses emergents, les microempreses, les entitats domiciliades a les illes Balears i per a aquelles que escometin inversions en estalvi energ\u00e8tic. Als grups que apliquen el r\u00e8gim especial de consolidaci\u00f3 fiscal se&#8217;ls limita, per\u00f2 nom\u00e9s per al per\u00edode impositiu 2023, la compensaci\u00f3 de les bases imposables negatives al 50%. A m\u00e9s, s&#8217;han aprovat diferents resolucions i consultes de l\u2019ICAC que afecten el Pla General de Comptabilitat (PGC).<\/p>\n<\/div>\n<div class=\"content\">\n<p>Com ja l&#8217;hem anat informant, per a la pr\u00f2xima declaraci\u00f3 de l&#8217;impost sobre societats (IS) de l&#8217;exercici 2023, la normativa tribut\u00e0ria aprovada per a 2023 que l&#8217;afecta ha estat m\u00e9s aviat escassa. A aix\u00f2 cal afegir des del punt de vista comptable, un apreciable esfor\u00e7 extra per part de l&#8217;ICAC, que ha em\u00e8s un gran nombre de consultes dirigides a aclarir algunes de les q\u00fcestions m\u00e9s complexes en l&#8217;aplicaci\u00f3 dels Plans Generals de Comptabilitat, aix\u00ed com noves resolucions d&#8217;inter\u00e8s per a aquesta declaraci\u00f3.<\/p>\n<p>Tot aix\u00f2 sense perjudici de les novetats normatives i particularitats pr\u00f2pies establertes per les respectives\u00a0<em>comunitats aut\u00f2nomes i normativa foral del Pa\u00eds Basc i Navarra<\/em>, i que s&#8217;han de tenir en compte per als residents fiscals en aquests territoris.<\/p>\n<p>A continuaci\u00f3, destaquem de manera resumida aquelles q\u00fcestions m\u00e9s importants aprovades i que tenen efectes per a la liquidaci\u00f3 de l&#8217;exercici 2023.<\/p>\n<p><strong>Novetats normatives amb incid\u00e8ncia en els models de declaraci\u00f3<\/strong><\/p>\n<p><strong>1. Llibertat d&#8217;amortitzaci\u00f3 d&#8217;instal\u00b7lacions que utilitzin energia de fonts renovables<\/strong><\/p>\n<p>El Reial decret llei 18\/2022, de 18 d&#8217;octubre, introdueix una nova disposici\u00f3 addicional dissetena de la LIS per la qual els contribuents poden amortitzar lliurement en els per\u00edodes impositius que s&#8217;inici\u00efn o concloguin el 2023, les inversions que s&#8217;efectu\u00efn en instal\u00b7lacions destinades a l&#8217;autoconsum d&#8217;energia el\u00e8ctrica, aix\u00ed com aquelles instal\u00b7lacions per a \u00fas t\u00e8rmic de consum propi, sempre que emprin energia procedent de fonts renovables i substitueixin instal\u00b7lacions que emprin energia procedent de fonts no renovables f\u00f2ssils, i que siguin posades a la disposici\u00f3 del contribuent a partir de l&#8217;entrada en vigor del Reial decret llei 18\/2022 (20 d&#8217;octubre) i entrin en funcionament el 2023.<\/p>\n<p>La quantia de la inversi\u00f3 que es pot beneficiar del r\u00e8gim de llibertat d&#8217;amortitzaci\u00f3 \u00e9s de 500.000 euros.<\/p>\n<p>Per a l&#8217;aplicaci\u00f3 d&#8217;aquest sup\u00f2sit de llibertat d&#8217;amortitzaci\u00f3 cal que durant els vint-i-quatre mesos seg\u00fcents a la data d&#8217;inici del per\u00edode impositiu en qu\u00e8 els elements adquirits entrin en funcionament, es mantingui la plantilla mitjana total de l&#8217;entitat respecte de la plantilla mitjana dels dotze mesos anteriors.<\/p>\n<p>A m\u00e9s, els contribuents han d&#8217;estar en possessi\u00f3 de la documentaci\u00f3 que acrediti que la inversi\u00f3 empra energia procedent de fonts renovables. Aquesta documentaci\u00f3 varia segons el tipus d&#8217;energia renovable.<\/p>\n<p>No es poden acollir a aquest incentiu els edificis i aquelles instal\u00b7lacions que tinguin car\u00e0cter obligatori en virtut de la normativa del Codi t\u00e8cnic de l&#8217;edificaci\u00f3, aprovat pel Reial decret 314\/2006, de 17 de mar\u00e7, tret que la instal\u00b7laci\u00f3 tingui una pot\u00e8ncia nominal superior a la m\u00ednima exigida.<\/p>\n<p>Aquest sup\u00f2sit de llibertat d&#8217;amortitzaci\u00f3 \u00e9s incompatible amb el sup\u00f2sit de llibertat d&#8217;amortitzaci\u00f3 de l&#8217;article 102 de la LIS previst per a les entitats de redu\u00efda dimensi\u00f3, per la qual cosa aquestes entitats han d&#8217;optar per aplicar un dels dos incentius fiscals.<\/p>\n<p><strong>2. Amortitzaci\u00f3 accelerada de determinats vehicles<\/strong><\/p>\n<p>Amb efectes per als per\u00edodes impositius que s&#8217;inici\u00efn a partir de l&#8217;1 de gener de 2023, la Llei 31\/2022, de 23 de desembre, introdueix en la nova disposici\u00f3 addicional divuitena de la LIS un sup\u00f2sit d&#8217;amortitzaci\u00f3 accelerada per a les inversions en vehicles nous FCV, FCHV, BEV, REEV o PHEV, segons definici\u00f3 de l&#8217;annex II del Reglament general de vehicles, aprovat per Reial decret 2822\/1998, de 23 de desembre, afectes a activitats econ\u00f2miques i que entrin en funcionament en els per\u00edodes impositius que s&#8217;inici\u00efn en els anys 2023, 2024 i 2025, que es podran amortitzar en funci\u00f3 del coeficient que resulti de multiplicar per 2 el coeficient d&#8217;amortitzaci\u00f3 lineal m\u00e0xim previst en les taules d&#8217;amortitzaci\u00f3 oficialment aprovades.<\/p>\n<p>Amb efectes de 30 de juny de 2023, aquest sup\u00f2sit d&#8217;amortitzaci\u00f3 accelerada s&#8217;amplia a les inversions en noves infraestructures de rec\u00e0rrega de vehicles el\u00e8ctrics, de pot\u00e8ncia normal o d&#8217;alta pot\u00e8ncia, en els termes definits en l&#8217;article 2 de la Directiva 2014\/94\/UE del Parlament Europeu i del Consell, de 22 d&#8217;octubre de 2014, relativa a la implantaci\u00f3 d&#8217;una infraestructura per als combustibles alternatius, afectes a activitats econ\u00f2miques, i que entrin en funcionament en els per\u00edodes impositius que s&#8217;inici\u00efn en els anys 2023, 2024 i 2025.<\/p>\n<p>Per a l&#8217;aplicaci\u00f3 d&#8217;aquest sup\u00f2sit d&#8217;amortitzaci\u00f3 accelerada s&#8217;ha d&#8217;aportar la documentaci\u00f3 t\u00e8cnica preceptiva, segons les caracter\u00edstiques de la instal\u00b7laci\u00f3, en forma de projecte o mem\u00f2ria, prevista en el Reial decret 842\/2002, de 2 d&#8217;agost i obtenir el certificat d&#8217;instal\u00b7laci\u00f3 el\u00e8ctrica diligenciat per la comunitat aut\u00f2noma competent.<\/p>\n<p><strong>3. Tipus de gravamen redu\u00eft<\/strong><\/p>\n<p>Amb efectes per als per\u00edodes impositius que s&#8217;inici\u00efn a partir de l&#8217;1 de gener de 2023, la Llei 31\/2022, de 23 de desembre, introdueix en l&#8217;article 29 de la LIS un tipus de gravamen redu\u00eft del\u00a0<strong>23\u202f%<\/strong>\u00a0per a les entitats l&#8217;import net del volum de negocis del per\u00edode impositiu immediat anterior de les quals sigui\u00a0<strong>inferior a 1 mili\u00f3 d&#8217;euros<\/strong>.<\/p>\n<p>A aquest efecte, l&#8217;import net del volum de negocis es determina conformement al que es disposa en els apartats 2 i 3 de l&#8217;article 101 de la LIS.<\/p>\n<p><strong>4. Deducci\u00f3 per inversions en produccions cinematogr\u00e0fiques<\/strong><\/p>\n<p>Amb efectes per als per\u00edodes impositius que s&#8217;inici\u00efn a partir de l&#8217;1 de gener de 2023, la Llei 38\/2022, de 27 de desembre, modifica els apartats 1 i 2 de l&#8217;article 36 de la LIS per a incrementar els l\u00edmits de la deducci\u00f3 per inversions en produccions cinematogr\u00e0fiques i s\u00e8ries audiovisuals espanyoles i estrangeres.<\/p>\n<ul>\n<li><strong>Produccions cinematogr\u00e0fiques espanyoles:<\/strong>\u00a0s&#8217;incrementa l&#8217;import m\u00e0xim de la deducci\u00f3 a 20 milions d&#8217;euros i per al cas de s\u00e8ries audiovisuals, s&#8217;especifica que la deducci\u00f3 es determina per episodi amb el l\u00edmit de 10 milions d&#8217;euros per cada episodi produ\u00eft.<\/li>\n<li><strong>Produccions cinematogr\u00e0fiques estrangeres:<\/strong>\u00a0s&#8217;incrementa l&#8217;import m\u00e0xim de la deducci\u00f3 a 20 milions d&#8217;euros i per al cas de s\u00e8ries audiovisuals, s&#8217;especifica que la deducci\u00f3 es determina per episodi amb el l\u00edmit de 10 milions d&#8217;euros per cada episodi produ\u00eft. A m\u00e9s, s&#8217;elimina el l\u00edmit establert per a determinar la base d&#8217;aquesta deducci\u00f3 a les despeses de personal creatiu.<\/li>\n<\/ul>\n<p><strong>5. Rendes no sotmeses a retenci\u00f3<\/strong><\/p>\n<p>Amb efectes a partir de 25 d&#8217;abril de 2023 i vig\u00e8ncia indefinida, el Reial decret 249\/2023, de 4 d&#8217;abril, modifica la lletra i) de l&#8217;article 61 del RIS, per a excloure de l&#8217;obligaci\u00f3 de retenir les rendes procedents del reemborsament o transmissi\u00f3 de participacions o accions en els fons o societats d&#8217;inversi\u00f3 cotitzats a les institucions d&#8217;inversi\u00f3 col\u00b7lectiva equivalents en altres estats, independentment del mercat en el qual cotitzin.<\/p>\n<p>D&#8217;aquesta manera, s&#8217;estableix que no hi ha obligaci\u00f3 de retenir ni d&#8217;ingressar a compte respecte de les rendes derivades del reemborsament o transmissi\u00f3 de participacions o accions emeses per les seg\u00fcents institucions d&#8217;inversi\u00f3 col\u00b7lectiva:<\/p>\n<p>Fons cotitzats i societats d&#8217;inversi\u00f3 de capital variable cotitzades regulats per l&#8217;article 79 del Reglament de desenvolupament de la Llei 35\/2003, de 4 de novembre, d&#8217;institucions d&#8217;inversi\u00f3 col\u00b7lectiva, aprovat pel Reial decret 1082\/2012, de 13 de juliol.<\/p>\n<p>Institucions d&#8217;inversi\u00f3 col\u00b7lectiva constitu\u00efdes a l&#8217;estranger an\u00e0logues a les esmentades en el n\u00famero anterior i diferents de les previstes en l&#8217;article 54 de la Llei de l&#8217;impost, que cotitzin en un mercat regulat o en un sistema multilateral de negociaci\u00f3, sigui quina sigui la composici\u00f3 de l&#8217;\u00edndex que reprodueixin, repliquin o prenguin com a refer\u00e8ncia, sempre que, a m\u00e9s, el reemborsament o transmissi\u00f3 no es faci en un mercat situat en un pa\u00eds o territori considerat com a jurisdicci\u00f3 no cooperativa.<\/p>\n<p>A m\u00e9s, amb efectes a partir del 7 de desembre de 2023 i vig\u00e8ncia indefinida, el Reial decret 1008\/2023, de 5 de desembre, modifica la lletra e) de l&#8217;article 61 del RIS, per a excloure de l&#8217;obligaci\u00f3 de retenir o ingressar a compte els interessos percebuts per les societats de valors a conseq\u00fc\u00e8ncia dels cr\u00e8dits o pr\u00e9stecs atorgats en relaci\u00f3 amb operacions de compra o venda de valors a qu\u00e8 fa refer\u00e8ncia l&#8217;article 126.b) de la Llei 6\/2023, de 17 de mar\u00e7, dels mercats de valors i dels serveis d&#8217;inversi\u00f3, aix\u00ed com els interessos percebuts per les empreses de serveis d&#8217;inversi\u00f3 respecte de les operacions actives de pr\u00e9stecs o dip\u00f2sits esmentats en l&#8217;article 70.1 del Reial decret 813\/2023, de 8 de novembre, sobre el r\u00e8gim jur\u00eddic de les empreses de serveis d&#8217;inversi\u00f3 i de les altres entitats que presten serveis d&#8217;inversi\u00f3.<\/p>\n<p>Tampoc hi ha obligaci\u00f3 de practicar retenci\u00f3 en relaci\u00f3 amb els interessos percebuts per les entitats de contrapartida central, aix\u00ed com per les entitats que tinguin la condici\u00f3 de membre d&#8217;una entitat de contrapartida central, com a contraprestaci\u00f3 a les garanties constitu\u00efdes en aplicaci\u00f3 del que es preveu en l&#8217;article 97.2 de la Llei dels mercats de valors i dels serveis d&#8217;inversi\u00f3 dels articles 41 i 42 del Reglament (UE) n\u00famero 648\/2012 del Parlament Europeu i del Consell, de 4 de juliol de 2012, relatiu als derivats extraborsaris, les entitats de contrapartida central i els registres d&#8217;operacions, i en el Reglament de la mateixa entitat de contrapartida central i en les seves circulars de desenvolupament.<\/p>\n<p>Aix\u00ed mateix, tampoc hi ha obligaci\u00f3 de practicar retenci\u00f3 en relaci\u00f3 amb els interessos percebuts per les entitats gestores dels sistemes de pagaments reconeguts de conformitat amb la Llei 41\/1999, de 12 de novembre, sobre sistemes de pagaments i de liquidaci\u00f3 de valors, aix\u00ed com per les entitats que tinguin la condici\u00f3 de participants en aquests sistemes, procedents de garanties constitu\u00efdes en aplicaci\u00f3 del que es preveu en la lletra d) de l&#8217;article 2 d&#8217;aquesta llei, o dels comptes exclusivament afectes a la realitzaci\u00f3 de les operacions pr\u00f2pies del corresponent sistema de pagaments.<\/p>\n<p><strong>6. Empreses emergents (&#8220;start-up&#8221;)<\/strong><\/p>\n<p>La Llei 28\/2022, de 21 de desembre, de foment de l&#8217;ecosistema de les empreses emergents, que va entrar en vigor el 23 de desembre de 2022, estableix una s\u00e8rie d&#8217;incentius fiscals per als contribuents de l&#8217;impost sobre societats i de l&#8217;impost sobre la renda de no residents que obtinguin rendes mitjan\u00e7ant establiment permanent situat en territori espanyol i que tinguin la condici\u00f3 d&#8217;empresa emergent tal com s&#8217;hi preveu:<\/p>\n<p>Tributaran al tipus del 15\u202f% en els termes establerts en l&#8217;apartat 1 de l&#8217;article 29 de la LIS en el primer per\u00edode impositiu en qu\u00e8, tenint la condici\u00f3 d&#8217;empresa emergent, la base imposable resulti positiva i en els tres seg\u00fcents, sempre que mantinguin aquesta condici\u00f3.<\/p>\n<p>Podran sol\u00b7licitar a l&#8217;Administraci\u00f3 Tribut\u00e0ria de l&#8217;Estat, en el moment de la presentaci\u00f3 de l&#8217;autoliquidaci\u00f3, l&#8217;ajornament del pagament del deute tributari corresponent als dos primers per\u00edodes impositius en els quals la base imposable de l&#8217;impost sigui positiva.<\/p>\n<p>No tindran l&#8217;obligaci\u00f3 d&#8217;efectuar els pagaments fraccionats regulats en els articles 40 de la LIS i 23.1 del TRLIRNR que hagin d&#8217;efectuar a compte de la liquidaci\u00f3 corresponent al per\u00edode impositiu immediat posterior a cadascun dels per\u00edodes impositius en qu\u00e8 s&#8217;hagi sol\u00b7licitat l&#8217;ajornament a qu\u00e8 fa refer\u00e8ncia el punt anterior, sempre que en ells es mantingui la condici\u00f3 d&#8217;empresa emergent.<\/p>\n<p><strong>7. Grav\u00e0mens temporals: energ\u00e8tic i d&#8217;entitats de cr\u00e8dit\/establiments financers<\/strong><\/p>\n<p>La Llei 38\/2022, de 27 de desembre, estableix el gravamen temporal energ\u00e8tic i el gravamen temporal d&#8217;entitats de cr\u00e8dit i establiments financers de cr\u00e8dit. Aquests grav\u00e0mens tenen car\u00e0cter temporal durant els anys 2023 i 2024.<\/p>\n<p>El gravamen temporal energ\u00e8tic l&#8217;han de satisfer les persones o entitats que tinguin la consideraci\u00f3 d&#8217;operador principal en els sectors energ\u00e8tics, segons la Resoluci\u00f3 de 10 de desembre de 2020 de la Comissi\u00f3 Nacional dels Mercats i la Compet\u00e8ncia.<\/p>\n<p>El gravamen temporal d&#8217;entitats de cr\u00e8dit i establiments financers de cr\u00e8dit ha de ser satisfet per les entitats de cr\u00e8dit i establiments financers de cr\u00e8dit que operin en territori espanyol la suma d&#8217;ingressos per interessos i comissions corresponent a l&#8217;exercici 2019 dels quals sigui igual o superior a 800 milions d&#8217;euros.<\/p>\n<p>Tots dos grav\u00e0mens es configuren com una prestaci\u00f3 patrimonial de car\u00e0cter p\u00fablic no tributari, que no tenen la consideraci\u00f3 de despeses fiscalment dedu\u00efbles a l&#8217;efecte de la determinaci\u00f3 de la base imposable de l&#8217;impost sobre societats.<\/p>\n<p><strong>8. Mesura temporal en la determinaci\u00f3 de la base imposable consolidada<\/strong><\/p>\n<p><strong>Amb efectes per als per\u00edodes impositius que s&#8217;inici\u00efn l&#8217;1 de gener de 2023<\/strong>, la Llei 38\/2022, de 27 de desembre, afegeix a la LIS la disposici\u00f3 addicional dinovena que estableix que en relaci\u00f3 amb l&#8217;assenyalat en el primer inc\u00eds de la lletra a) de l&#8217;apartat 1 de l&#8217;article 62 de la LIS, la suma de bases es referir\u00e0 a les bases imposables positives i al 50\u202f% de les bases negatives individuals corresponents a totes i cadascuna de les entitats integrants del grup fiscal, tenint en compte les especialitats contingudes en l&#8217;article 63 de la LIS.<\/p>\n<p><strong>Amb efectes per als per\u00edodes impositius successius<\/strong>, l&#8217;import de les bases imposables negatives individuals no incloses en la base imposable del grup fiscal per l&#8217;esmentat anteriorment,\u00a0<strong>s&#8217;integra en la seva base imposable per parts iguals en cadascun dels deu primers per\u00edodes impositius que s&#8217;inici\u00efn a partir de l&#8217;1 de gener de 2024<\/strong>, fins i tot en cas que alguna de les entitats amb bases imposables individuals negatives a qu\u00e8 es refereix l&#8217;apartat anterior quedi exclosa del grup.<\/p>\n<p>En el sup\u00f2sit de\u00a0<strong>p\u00e8rdua<\/strong>\u00a0del r\u00e8gim de consolidaci\u00f3 fiscal o d&#8217;<strong>extinci\u00f3<\/strong>\u00a0del grup fiscal, l&#8217;import de les bases imposables negatives individuals a qu\u00e8 es refereix el primer par\u00e0graf que estigui pendent d&#8217;integraci\u00f3 en la base imposable del grup, s&#8217;integrar\u00e0 en l&#8217;\u00faltim per\u00edode impositiu en qu\u00e8 el grup tributi en el r\u00e8gim de consolidaci\u00f3 fiscal.<\/p>\n<p>L&#8217;AEAT va publicar, el 5 de maig de 2023 una\u00a0<a class=\"external\" href=\"https:\/\/sede.agenciatributaria.gob.es\/static_files\/Sede\/Tema\/Normativa\/Doctrina_Criterios\/Criterios\/IS\/Nota_creditos_consolidacion_fiscal.pdf\" target=\"_blank\" rel=\"external noopener\">Nota relativa a l&#8217;aplicaci\u00f3 pel grup de consolidaci\u00f3 fiscal de bases imposables negatives i deduccions procedents d&#8217;exercicis anteriors<\/a>. D&#8217;una banda, es determina com s&#8217;ha de fer el repartiment de les bases imposables negatives i de les deduccions del grup en cas de p\u00e8rdua del r\u00e8gim o extinci\u00f3 del grup o de sortida d&#8217;alguna de les entitats que l&#8217;integren i, d&#8217;altra banda, s&#8217;analitza com ha d&#8217;aplicar el grup les bases imposables negatives i deduccions generades per qualsevol de les entitats que integrin el grup de consolidaci\u00f3 fiscal amb anterioritat a la seva incorporaci\u00f3 a aquest.<\/p>\n<p><strong>9. R\u00e8gim econ\u00f2mic i fiscal especial de Can\u00e0ries<\/strong><\/p>\n<p>Amb efectes per als per\u00edodes impositius que s&#8217;inici\u00efn a partir de l&#8217;1 de gener de 2023, la Llei 31\/2022, de 23 de desembre, introdueix les seg\u00fcents modificacions en relaci\u00f3 amb el r\u00e8gim especial de la Zona Especial Can\u00e0ria (d&#8217;ara endavant, ZEC):<\/p>\n<ul>\n<li>En la\u00a0<strong>lletra c)<\/strong>\u00a0de l&#8217;<strong>article 42.1 de la Llei 19\/1994<\/strong>\u00a0s&#8217;estableix per als contribuents que efectu\u00efn les operacions de comer\u00e7 de b\u00e9ns a les quals es refereix la lletra a) (ii) de l&#8217;apartat 1 de l&#8217;article 44 d&#8217;aquesta Llei, l&#8217;obligaci\u00f3 de subscriure trimestralment\u00a0<strong>declaraci\u00f3 informativa<\/strong>\u00a0d&#8217;operacions amb b\u00e9ns fetes fora de la ZEC on es far\u00e0 constar l&#8217;origen i destinaci\u00f3 de les mercaderies, la tipologia de mercaderies, quantitat i resta d&#8217;informaci\u00f3 requerida, d&#8217;acord amb el codi duaner de la Uni\u00f3 i altra normativa aplicable. Igualment, han de portar\u00a0<strong>registre<\/strong>\u00a0de la documentaci\u00f3 duanera corresponent.<\/li>\n<\/ul>\n<p>A aquest efecte, l&#8217;Ordre HFP\/1285\/2023, de 28 de novembre, aprova el nou\u00a0<strong>model 281<\/strong>\u00a0\u00abDeclaraci\u00f3 informativa trimestral d&#8217;operacions de comer\u00e7 de b\u00e9ns corporals realitzades en la ZEC sense que les mercaderies transitin per territori canari\u00bb que s&#8217;ha de presentar amb periodicitat trimestral pels obligats a declarar. A m\u00e9s, aquesta Orde regula el contingut, termini i requisits formals del \u00abLlibre registre d&#8217;operacions de comer\u00e7 de b\u00e9ns corporals realitzades en la ZEC sense que les mercaderies transitin per territori canari\u00bb.<\/p>\n<ul>\n<li>Es dona una nova redacci\u00f3 a l&#8217;<strong>article 44 de la Llei 19\/1994<\/strong>\u00a0a l&#8217;efecte de determinar la part de la base imposable de l&#8217;entitat de la ZEC que, a l&#8217;efecte de l&#8217;aplicaci\u00f3 del tipus especial de gravamen, es derivi de les operacions fetes materialment i efectivament en l&#8217;\u00e0mbit geogr\u00e0fic de la ZEC.<\/li>\n<li>S&#8217;afegeix l&#8217;<strong>article 50 bis<\/strong>\u00a0al\u00a0<strong>Reglament de desenvolupament de la Llei 19\/1994<\/strong>, aprovat pel Reial decret 1758\/2007, de 28 de desembre, per establir en relaci\u00f3 amb la determinaci\u00f3 de la part de base imposable corresponent a operacions fetes efectivament i materialment en l&#8217;\u00e0mbit geogr\u00e0fic de la ZEC en quins casos es considera que les aeronaus contribueixen a millorar les connexions de les Illes Can\u00e0ries.<\/li>\n<\/ul>\n<p><strong>10. R\u00e8gim fiscal especial de les Illes Balears<\/strong><\/p>\n<p>Amb efectes per als per\u00edodes impositius que s&#8217;inici\u00efn entre l&#8217;1 de gener de 2023 i el 31 de desembre de 2028, la disposici\u00f3 addicional setantena de la Llei 31\/2022, de 23 de desembre, introdueix el R\u00e8gim fiscal especial de les Illes Balears, en reconeixement del fet espec\u00edfic i diferencial de la seva insularitat.<\/p>\n<p>Aquest r\u00e8gim especial permet aplicar als contribuents de l&#8217;impost sobre societats i de l&#8217;impost sobre la renda de no residents els seg\u00fcents\u00a0<strong>beneficis fiscals<\/strong>:<\/p>\n<ul>\n<li><strong>Reserva per a inversions a les Illes Balears<\/strong><\/li>\n<\/ul>\n<p>Els contribuents tenen dret a una reducci\u00f3 en la base imposable de les quantitats que, en relaci\u00f3 amb els seus establiments situats a les Illes Balears, destinin els seus beneficis a la reserva per a inversions.<\/p>\n<p>Aquesta reducci\u00f3 s&#8217;aplica a les dotacions que en cada per\u00edode impositiu es facin a la reserva per a inversions\u00a0<strong>fins al l\u00edmit del 90\u202f%<\/strong>\u00a0de la part de benefici obtingut en el mateix per\u00edode que no sigui objecte de distribuci\u00f3, quan procedeixi d&#8217;establiments situats a les Illes Balears.<\/p>\n<p>En cap cas l&#8217;aplicaci\u00f3 de la reducci\u00f3 pot determinar que la base imposable sigui negativa.<\/p>\n<p>Les quantitats destinades a la reserva per a inversions a les Illes Balears s&#8217;han de materialitzar en el termini m\u00e0xim de tres anys, comptats des de la data de la meritaci\u00f3 de l&#8217;impost corresponent a l&#8217;exercici en qu\u00e8 s&#8217;ha dotat, en la realitzaci\u00f3 d&#8217;alguna de les inversions recollides en la normativa.<\/p>\n<p>A m\u00e9s, els contribuents poden dur a terme inversions anticipades, que es consideraran com a materialitzaci\u00f3 de la reserva per a inversions que es doti amb c\u00e0rrec a beneficis obtinguts en el per\u00edode impositiu en el qual es fa la inversi\u00f3 o en els tres posteriors, sempre que es compleixin requisits exigits.<\/p>\n<p>La materialitzaci\u00f3 i el seu sistema de finan\u00e7ament es comunicaran conjuntament amb la declaraci\u00f3 de l&#8217;impost sobre societats del per\u00edode impositiu en qu\u00e8 s&#8217;executin les inversions anticipades.<\/p>\n<ul>\n<li><strong>R\u00e8gim especial per a empreses industrials, agr\u00edcoles, ramaderes i pesqueres<\/strong><\/li>\n<\/ul>\n<p>S&#8217;estableix una bonificaci\u00f3 del\u00a0<strong>10\u202f%<\/strong>\u00a0de la quota \u00edntegra corresponent als rendiments derivats de la venda de b\u00e9ns corporals produ\u00efts a les Illes Balears per ells mateixos, propis d&#8217;activitats agr\u00edcoles, ramaderes, industrials i pesqueres.<\/p>\n<p>Es podran beneficiar d&#8217;aquesta bonificaci\u00f3 les persones o entitats domiciliades a les Illes Balears o en altres territoris que es dediquin a la producci\u00f3 d&#8217;aquests b\u00e9ns en l&#8217;arxip\u00e8lag, mitjan\u00e7ant sucursal o establiment permanent.<\/p>\n<p>Aquesta bonificaci\u00f3 es pot incrementar fins al\u00a0<strong>25\u202f%<\/strong>\u00a0en aquells per\u00edodes impositius en els quals s&#8217;hagi produ\u00eft un increment de plantilla mitjana no inferior a la unitat respecte de la plantilla mitjana del per\u00edode impositiu anterior i aquest increment es mantingui durant, almenys, un termini de tres anys a partir de la data de finalitzaci\u00f3 del per\u00edode impositiu en el qual s&#8217;apliqui aquesta bonificaci\u00f3 incrementada.<\/p>\n<p><strong>11. Pa\u00efsos i territoris que tenen la consideraci\u00f3 de jurisdiccions no cooperatives<\/strong><\/p>\n<p>L&#8217;Ordre HFP\/115\/2023, de 9 de febrer, aprova una nova relaci\u00f3 de pa\u00efsos i territoris que tenen la consideraci\u00f3 de jurisdiccions no cooperatives.<\/p>\n<p>L&#8217;Ordre va entrar en vigor l&#8217;11 de febrer de 2023 i \u00e9s aplicable als tributs sense per\u00edode impositiu reportats a partir de la seva entrada en vigor i als altres tributs el per\u00edode impositiu dels quals s&#8217;inici\u00ef des d&#8217;aquest moment.<\/p>\n<p>No obstant aix\u00f2, per als pa\u00efsos o territoris inclosos en la nova llista que no estiguessin inclosos en l&#8217;antiga llista del Reial decret 1080\/1991 (consulti la\u00a0<a class=\"external\" href=\"https:\/\/sede.agenciatributaria.gob.es\/Sede\/ca_es\/ayuda\/manuales-videos-folletos\/manuales-practicos\/manual-tributacion-no-residentes\/anexos\/jurisdicciones-no-cooperativas.html\" target=\"_blank\" rel=\"external noopener\">taula comparativa<\/a>\u00a0entre totes dues llistes), l&#8217;Ordre HFP\/115\/2023 va entrar en vigor l&#8217;11 d&#8217;agost de 2023 i \u00e9s aplicable als tributs sense per\u00edode impositiu reportats a partir de la seva entrada en vigor, i als altres tributs el per\u00edode impositiu dels quals s&#8217;inici\u00ef des d&#8217;aquest moment.<\/p>\n<p><strong>12. Domiciliaci\u00f3 del pagament en comptes d&#8217;entitats no col\u00b7laboradores de la zona SEPA<\/strong><\/p>\n<p>L&#8217;Ordre HFP\/387\/2023, de 18 d&#8217;abril, modifica l&#8217;Orde EHA\/1658\/2009, de 12 de juny, per la qual s&#8217;estableixen el procediment i les condicions per a la domiciliaci\u00f3 del pagament de determinats deutes a trav\u00e9s de comptes oberts en les entitats de cr\u00e8dit que presten el servei de col\u00b7laboraci\u00f3 en la gesti\u00f3 recaptat\u00f2ria de l&#8217;Ag\u00e8ncia Estatal d&#8217;Administraci\u00f3 Tribut\u00e0ria, per a establir la possibilitat de domiciliar el pagament de l&#8217;autoliquidaci\u00f3 de l&#8217;impost sobre societats fins i tot en aquells casos en els quals el compte designat per l&#8217;obligat al pagament per efectuar el deute de la domiciliaci\u00f3 es trobi obert en una entitat que no tingui la condici\u00f3 de col\u00b7laboradora en la gesti\u00f3 recaptat\u00f2ria de l&#8217;AEAT, sempre que aquesta entitat es trobi en la zona \u00fanica de pagaments en euros (Zona SEPA).<\/p>\n<p>En aquest nou procediment de domiciliaci\u00f3, encara que el compte on l&#8217;obligat domicilia el pagament es trobi obert en una entitat no col\u00b7laboradora, la gesti\u00f3 efectiva de la domiciliaci\u00f3 es dur\u00e0 a terme a trav\u00e9s d&#8217;alguna entitat de cr\u00e8dit que s\u00ed que sigui col\u00b7laboradora de l&#8217;AEAT.<\/p>\n<p><strong>13. Inconstitucionalitat de diversos preceptes introdu\u00efts pel Reial decret llei 3\/2016<\/strong><\/p>\n<p>El Tribunal Constitucional en Sent\u00e8ncia de 18 de gener de 2024 declara la\u00a0<strong>inconstitucionalitat i nul\u00b7litat<\/strong>\u00a0de la disposici\u00f3 addicional quinzena i l&#8217;apartat 3 de la disposici\u00f3 transit\u00f2ria setzena de la LIS, en la redacci\u00f3 donada per l&#8217;article 3. Primer, apartats un i dos del Reial decret llei 3\/2016, de 2 de desembre, pel qual s&#8217;adopten mesures en l&#8217;\u00e0mbit tributari dirigides a la consolidaci\u00f3 de les finances p\u00fabliques i altres mesures urgents en mat\u00e8ria social, que regulaven:<\/p>\n<ul>\n<li>L&#8217;establiment de l\u00edmits especials a la compensaci\u00f3 de bases imposables negatives i a la imputaci\u00f3 de dotacions per deterioraci\u00f3 de cr\u00e8dits i altres actius i de determinades provisions per a contribuents que el seu INVN sigui almenys de 20 milions d&#8217;euros durant els dotze mesos anteriors a la data en qu\u00e8 s&#8217;inici\u00ef el per\u00edode impositiu.<\/li>\n<li>La introducci\u00f3 d&#8217;un nou l\u00edmit per a l&#8217;aplicaci\u00f3 de les deduccions per a evitar la doble imposici\u00f3 tamb\u00e9 per a grans empreses.<\/li>\n<li>L&#8217;obligaci\u00f3 de revertir en un determinat termini m\u00e0xim les deterioracions dedu\u00efdes en exercicis fiscals anteriors pels contribuents.<\/li>\n<\/ul>\n<\/div>\n<p>\u00a0<\/p>\n<div class=\"wpb_text_column\">\n<p>Consulteu els nostres serveis fiscals, laborals i legals\u00a0<a href=\"https:\/\/www.jda.es\/servicios\/\">aqu\u00ed<\/a>.<\/p>\n<div class=\"wpb_text_column\">\n<div class=\"wpb_text_column\">\n<p>JDA\/SFA<\/p>\n<\/div>\n<\/div>\n<\/div>\n","protected":false},"excerpt":{"rendered":"<p>Per a aquest exercici 2023, les principals novetats de l&#8217;impost sobre societats (IS) s&#8217;han centrat a adoptar mesures per a les empreses emergents, les microempreses, les entitats domiciliades a les illes Balears i per a aquelles que escometin inversions en estalvi energ\u00e8tic. Als grups que apliquen el r\u00e8gim especial de consolidaci\u00f3 fiscal se&#8217;ls limita, per\u00f2<\/p>\n","protected":false},"author":50,"featured_media":34494,"comment_status":"open","ping_status":"open","sticky":false,"template":"","format":"standard","meta":{"rs_blank_template":"","rs_page_bg_color":"","slide_template_v7":"","footnotes":""},"categories":[827,833,794,785,826],"tags":[],"class_list":["post-34509","post","type-post","status-publish","format-standard","has-post-thumbnail","hentry","category-contabilitat","category-economia-ca","category-emprenedors","category-empreses","category-fiscal-ca-2"],"_links":{"self":[{"href":"https:\/\/www.jda.es\/ca\/wp-json\/wp\/v2\/posts\/34509","targetHints":{"allow":["GET"]}}],"collection":[{"href":"https:\/\/www.jda.es\/ca\/wp-json\/wp\/v2\/posts"}],"about":[{"href":"https:\/\/www.jda.es\/ca\/wp-json\/wp\/v2\/types\/post"}],"author":[{"embeddable":true,"href":"https:\/\/www.jda.es\/ca\/wp-json\/wp\/v2\/users\/50"}],"replies":[{"embeddable":true,"href":"https:\/\/www.jda.es\/ca\/wp-json\/wp\/v2\/comments?post=34509"}],"version-history":[{"count":0,"href":"https:\/\/www.jda.es\/ca\/wp-json\/wp\/v2\/posts\/34509\/revisions"}],"wp:featuredmedia":[{"embeddable":true,"href":"https:\/\/www.jda.es\/ca\/wp-json\/wp\/v2\/media\/34494"}],"wp:attachment":[{"href":"https:\/\/www.jda.es\/ca\/wp-json\/wp\/v2\/media?parent=34509"}],"wp:term":[{"taxonomy":"category","embeddable":true,"href":"https:\/\/www.jda.es\/ca\/wp-json\/wp\/v2\/categories?post=34509"},{"taxonomy":"post_tag","embeddable":true,"href":"https:\/\/www.jda.es\/ca\/wp-json\/wp\/v2\/tags?post=34509"}],"curies":[{"name":"wp","href":"https:\/\/api.w.org\/{rel}","templated":true}]}}