{"id":34295,"date":"2024-05-23T12:11:32","date_gmt":"2024-05-23T10:11:32","guid":{"rendered":"https:\/\/www.jda.es\/?p=34295"},"modified":"2024-05-23T12:11:33","modified_gmt":"2024-05-23T10:11:33","slug":"termini-de-subscripcio-del-conveni-especial-per-practiques-formatives-i-academiques-externes","status":"publish","type":"post","link":"https:\/\/www.jda.es\/ca\/termini-de-subscripcio-del-conveni-especial-per-practiques-formatives-i-academiques-externes\/","title":{"rendered":"Termini de subscripci\u00f3 del conveni especial per pr\u00e0ctiques formatives i acad\u00e8miques externes"},"content":{"rendered":"\n\n\n<div class=\"summary\">\n<p>A partir de l\u20191 de juny, s&#8217;obre el termini de subscripci\u00f3 del conveni especial per pr\u00e0ctiques regulat en l&#8217;Ordre ISM\/386\/2024, de 29 d&#8217;abril, per computar la cotitzaci\u00f3 pels per\u00edodes de pr\u00e0ctiques formatives, acad\u00e8miques externes, i per determinats programes de formaci\u00f3.<\/p>\n<\/div>\n<div class=\"content\">\n<p><strong>Qui es pot subscriure?<\/strong><\/p>\n<p>Poden subscriure aquest conveni especial:<\/p>\n<ol>\n<li><strong>Alumnes de pr\u00e0ctiques formatives i de pr\u00e0ctiques acad\u00e8miques externes:<\/strong>\n<ul>\n<li>Universitaris, tant per a l&#8217;obtenci\u00f3 de titulacions oficials de grau, m\u00e0ster i doctorat, com per a l&#8217;obtenci\u00f3 de t\u00edtols propis de les universitats, sigui un m\u00e0ster de formaci\u00f3 permanent, un diploma d&#8217;especialitzaci\u00f3 o un diploma d&#8217;expert.<\/li>\n<li>De formaci\u00f3 professional, excepte quan les pr\u00e0ctiques s&#8217;haguessin prestat en el r\u00e8gim de formaci\u00f3 professional intensiva.<\/li>\n<li>D&#8217;ensenyaments art\u00edstics superiors, ensenyaments art\u00edstics professionals i ensenyaments esportius del sistema educatiu.<\/li>\n<\/ul>\n<\/li>\n<li><strong>Becaris\u00a0<\/strong>participants en programes de formaci\u00f3 no dirigits a l&#8217;obtenci\u00f3 d&#8217;un t\u00edtol, fossin de naturalesa investigadora o no.<\/li>\n<li><strong>Doctorands\u00a0<\/strong>participants en programes de formaci\u00f3 de naturalesa investigadora, tant a Espanya com a l&#8217;estranger, amb anterioritat al 4 de febrer de 2006.<\/li>\n<\/ol>\n<p><strong>Objecte i durada del conveni<\/strong><\/p>\n<p>L&#8217;objecte i durada del conveni varia en funci\u00f3 de si l&#8217;interessat a subscriure el conveni especial per pr\u00e0ctiques va subscriure, en el seu moment, el conveni especial de programes de formaci\u00f3 (regulat pel RD 1493\/2011, de 24 d&#8217;octubre), de tal forma que:<\/p>\n<ul>\n<li>Si ja hagu\u00e9s subscrit el conveni especial de programes de formaci\u00f3: el nou conveni es podr\u00e0 subscriure per la difer\u00e8ncia entre 1.825 dies i el nombre de dies que ja els van ser reconeguts i computats en virtut del conveni especial anterior.<\/li>\n<li>Si no hagu\u00e9s subscrit el conveni especial de programes de formaci\u00f3: el nou conveni es podr\u00e0 subscriure per un m\u00e0xim de 1.825 dies.<\/li>\n<\/ul>\n<p><strong>Acci\u00f3 protectora<\/strong><\/p>\n<p>L&#8217;acci\u00f3 protectora dispensada per aquest conveni especial ser\u00e0 la corresponent a:<\/p>\n<ul>\n<li>Incapacitat permanent derivada de malaltia comuna i accident no laboral.<\/li>\n<li>Vidu\u00eftat, orfandat i altres prestacions en favor de familiars, derivades de malaltia comuna i accident no laboral.<\/li>\n<li>Jubilaci\u00f3.<\/li>\n<\/ul>\n<p><strong>Requisits<\/strong><\/p>\n<p>Aquest conveni el poden subscriure els qui reuneixin les seg\u00fcents condicions:<\/p>\n<ol>\n<li>Realitzaci\u00f3 de la formaci\u00f3 en el per\u00edode exigit per la normativa:<\/li>\n<\/ol>\n<ul>\n<li>Alumnes de pr\u00e0ctiques formatives:\n<ul>\n<li>Pr\u00e0ctiques no remunerades, fetes amb anterioritat a l&#8217;1 de gener de 2024.<\/li>\n<li>Pr\u00e0ctiques remunerades, fetes amb anterioritat a l&#8217;1 de novembre de 2011.<\/li>\n<\/ul>\n<\/li>\n<li>Doctorands participants en programes de formaci\u00f3 de naturalesa investigadora, fets amb anterioritat al 4 de febrer de 2006.<\/li>\n<li>Acreditaci\u00f3 de la realitzaci\u00f3 de les pr\u00e0ctiques o formaci\u00f3 en el moment de la presentaci\u00f3 de la sol\u00b7licitud de subscripci\u00f3 del conveni. La documentaci\u00f3 acreditativa de les pr\u00e0ctiques fetes i dels seus per\u00edodes de durada, amb el nombre de dies concret en qu\u00e8 s&#8217;han fet s&#8217;ha d&#8217;aportar juntament amb la sol\u00b7licitud de subscripci\u00f3 del conveni especial.<\/li>\n<li>Presentaci\u00f3 de la sol\u00b7licitud en el termini establert legalment.<\/li>\n<\/ul>\n<p>Finalment, s&#8217;informa:<\/p>\n<ul>\n<li>No s&#8217;exigeix per\u00edode de cotitzaci\u00f3 previ a la sol\u00b7licitud del conveni especial<\/li>\n<li>No poden subscriure aquest conveni especial:\n<ul>\n<li>Els pensionistes de jubilaci\u00f3 o incapacitat permanent, excepte en els sup\u00f2sits relatius a la percepci\u00f3 d&#8217;aquestes prestacions en qu\u00e8 l&#8217;art. 2.2 de l&#8217;Ordre TAS\/2865\/2003, permet la seva subscripci\u00f3.<\/li>\n<li>Els qui haguessin subscrit conveni especial per a persones que participin en programes de formaci\u00f3 (regulat pel RD 1493\/2011, de 24 d&#8217;octubre), pels mateixos per\u00edodes pels quals van subscriure aquest conveni especial.<\/li>\n<\/ul>\n<\/li>\n<\/ul>\n<p><strong>Forma i termini de sol\u00b7licitud<\/strong><\/p>\n<p>El termini de sol\u00b7licitud de subscripci\u00f3 d&#8217;aquest conveni especial \u00e9s de dos anys computats des de l&#8217;<strong>1 de juny de 2024<\/strong>. La sol\u00b7licitud d&#8217;alta es pot fer a trav\u00e9s dels canals indicats en l&#8217;apartat &#8220;<a class=\"external\" href=\"https:\/\/www.seg-social.es\/wps\/portal\/wss\/internet\/Trabajadores\/Afiliacion\/10547\/335cd188-7850-4ddf-ad75-d47f90d63028?changeLanguage=ca#ALBAVARCONCESP\" target=\"_blank\" rel=\"external noopener\">Alta, baixa o variaci\u00f3 de dades del conveni especial<\/a>&#8221; de la secci\u00f3 &#8220;<a class=\"external\" href=\"https:\/\/www.seg-social.es\/wps\/portal\/wss\/internet\/Trabajadores\/Afiliacion\/10547\/335cd188-7850-4ddf-ad75-d47f90d63028\" target=\"_blank\" rel=\"external noopener\">Tr\u00e0mits i gestions de convenis especials<\/a>&#8221; de la Seguretat Social.<\/p>\n<p><strong>Resoluci\u00f3 de la sol\u00b7licitud<\/strong><\/p>\n<p>El termini de resoluci\u00f3 i notificaci\u00f3 de la sol\u00b7licitud \u00e9s de\u00a0<strong>sis mesos<\/strong>, computats des de la data en qu\u00e8 la sol\u00b7licitud hagi estat presentada formalment a trav\u00e9s de qualsevol dels mitjans habilitats per a aix\u00f2.<\/p>\n<p>La falta de resoluci\u00f3 expressa en el termini previst en el par\u00e0graf anterior t\u00e9 com a efecte l&#8217;estimaci\u00f3 de la respectiva sol\u00b7licitud per silenci administratiu.<\/p>\n<p><strong>Efectes<\/strong><\/p>\n<p>El conveni especial t\u00e9 efecte a partir del mes seg\u00fcent a aquell en qu\u00e8 s&#8217;hagi formalitzat la seva subscripci\u00f3, en relaci\u00f3 amb el pagament de les quotes. No obstant aix\u00f2, el dret a causar les prestacions cobertes per aquest conveni especial \u00e9s efectiu quan s&#8217;hagi produ\u00eft l&#8217;ingr\u00e9s de la totalitat de la cotitzaci\u00f3 que correspongui per aquest conveni especial.<\/p>\n<p><strong>Cotitzaci\u00f3<\/strong><\/p>\n<p><strong>Subjecte responsable de l&#8217;obligaci\u00f3 de cotitzar<\/strong><\/p>\n<p>La cotitzaci\u00f3 \u00e9s a c\u00e0rrec del subscriptor del conveni especial. Poden actuar com a substitutes les persones f\u00edsiques o jur\u00eddiques que assumeixin volunt\u00e0riament aquesta obligaci\u00f3 amb autoritzaci\u00f3 expressa d&#8217;aquest subscriptor.<\/p>\n<p><strong>Base de cotitzaci\u00f3<\/strong><\/p>\n<p>La base mensual de cotitzaci\u00f3 per aquest conveni especial est\u00e0 constitu\u00efda per la base m\u00ednima de cotitzaci\u00f3 per conting\u00e8ncies comunes corresponent al grup 7 de cotitzaci\u00f3 del r\u00e8gim general de la Seguretat Social vigent en 2024, \u00e9s a dir, 1.323 euros.<\/p>\n<p><strong>Determinaci\u00f3 de la quota a ingressar<\/strong><\/p>\n<p>A la base de cotitzaci\u00f3 se li aplicar\u00e0 el tipus de cotitzaci\u00f3 per a conting\u00e8ncies comunes vigent en el r\u00e8gim general de la Seguretat Social en 2024, \u00e9s a dir, el 28,30%.<\/p>\n<p>Una vegada calculat l&#8217;import total de la cotitzaci\u00f3, aquest import es reduir\u00e0 mitjan\u00e7ant l&#8217;aplicaci\u00f3 del coeficient del 0,77, i el resultat constitueix la quota a ingressar.<\/p>\n<p><strong>Quota mensual a ingressar<\/strong><\/p>\n<p>La quota mensual ascendeix a 288,29 euros.<\/p>\n<p><strong>Termini d&#8217;ingr\u00e9s<\/strong><\/p>\n<p>L&#8217;ingr\u00e9s de la cotitzaci\u00f3 que correspongui per aquest conveni especial es pot fer a elecci\u00f3 del seu sol\u00b7licitant:<\/p>\n<ul>\n<li>D&#8217;una sola vegada, dins del mes seg\u00fcent a aquell en qu\u00e8 s&#8217;hagi formalitzat la subscripci\u00f3 del conveni especial.<\/li>\n<li>De forma fraccionada, en un nombre m\u00e0xim de mensualitats igual al d&#8217;aquelles per les quals es reconegui el conveni especial, iniciant-se el pagament el mes seg\u00fcent a aquell en qu\u00e8 s&#8217;hagi formalitzat la subscripci\u00f3 del conveni especial.<\/li>\n<\/ul>\n<p><strong>Extinci\u00f3<\/strong><\/p>\n<p>El conveni especial s&#8217;extingir\u00e0 per qualsevol de les seg\u00fcents causes:<\/p>\n<ul>\n<li>Per falta de pagament de la totalitat del seu import o, en cas d&#8217;haver-se fraccionat el pagament, de les quotes corresponents a tres mensualitats consecutives o a cinc alternatives, excepte causa justificada de for\u00e7a major degudament acreditada.<\/li>\n<li>Per adquirir el subscriptor la condici\u00f3 de pensionista per jubilaci\u00f3 o per incapacitat permanent en qualsevol dels r\u00e8gims del sistema de la Seguretat Social.<\/li>\n<li>Per defunci\u00f3 del subscriptor.<\/li>\n<li>Per decisi\u00f3 de l&#8217;interessat. La sol\u00b7licitud de baixa del conveni especial es pot fer a trav\u00e9s dels canals indicats en l&#8217;apartat &#8220;<a class=\"external\" href=\"https:\/\/www.seg-social.es\/wps\/portal\/wss\/internet\/Trabajadores\/Afiliacion\/10547\/335cd188-7850-4ddf-ad75-d47f90d63028?changeLanguage=ca#ALBAVARCONCESP\" target=\"_blank\" rel=\"external noopener\">Alta, baixa o variaci\u00f3 de dades del conveni especial<\/a>&#8221; de la secci\u00f3 &#8220;<a class=\"external\" href=\"https:\/\/www.seg-social.es\/wps\/portal\/wss\/internet\/Trabajadores\/Afiliacion\/10547\/335cd188-7850-4ddf-ad75-d47f90d63028\" target=\"_blank\" rel=\"external noopener\">Tr\u00e0mits i gestions de convenis especials<\/a>&#8220;. En aquest sup\u00f2sit, l&#8217;extinci\u00f3 del conveni especial tindr\u00e0 lloc a partir del dia primer del mes seg\u00fcent a la data d&#8217;aquesta comunicaci\u00f3.<\/li>\n<\/ul>\n<p>En cas d&#8217;haver-se fraccionat el pagament del conveni especial, la seva extinci\u00f3 per qualsevol d&#8217;aquestes causes determinar\u00e0 que \u00fanicament es reconeixeran com cotitzats els per\u00edodes en pr\u00e0ctiques corresponents a les mensualitats efectivament ingressades.<\/p>\n<p><strong>Documentaci\u00f3 necess\u00e0ria per a la sol\u00b7licitud<\/strong><\/p>\n<p>Les sol\u00b7licituds d&#8217;alta s&#8217;han d&#8217;acompanyar, necess\u00e0riament, de la seg\u00fcent documentaci\u00f3:<\/p>\n<ul>\n<li>Original o c\u00f2pia del document identificatiu del sol\u00b7licitant en la Seguretat Social (document nacional d&#8217;identitat -NIF- o targeta d&#8217;identitat d&#8217;estranger -NIE-).<\/li>\n<li>Certificats que acreditin els per\u00edodes de pr\u00e0ctiques o programes de formaci\u00f3, en els quals ha de constar si les pr\u00e0ctiques\u00a0<strong>van ser o no remunerades<\/strong>\u00a0i el\u00a0<strong>per\u00edode de durada<\/strong>, amb indicaci\u00f3 del\u00a0<strong>nombre de dies<\/strong>\u00a0en qu\u00e8 s&#8217;han dut a terme. Aquests certificats podran ser expedits b\u00e9 per la\u00a0<strong>universitat o el centre educatiu<\/strong>\u00a0en el qual es van cursar els estudis o b\u00e9 per l&#8217;<strong>empresa o entitat<\/strong>\u00a0en qu\u00e8 es van realitzar les pr\u00e0ctiques, o entitat que les va finan\u00e7ar, excepte en cas de pr\u00e0ctiques no remunerades, i en aquest cas \u00fanicament podr\u00e0 ser expedit per la universitat o el centre educatiu en el qual es van cursar els estudis.<\/li>\n<\/ul>\n<p>Els sol\u00b7licitants d&#8217;aquests convenis que ja haguessin subscrit un conveni especial a l&#8217;empara de la disposici\u00f3 addicional primera del Reial decret 1493\/2011, de 24 d&#8217;octubre, podran tornar a aportar els certificats que ja van presentar quan van sol\u00b7licitar aquest conveni, d&#8217;incloure els per\u00edodes que necessiten per a assolir els 1.825 dies cotitzats.<\/p>\n<p>En relaci\u00f3 amb la documentaci\u00f3 necess\u00e0ria en el sup\u00f2sit de variaci\u00f3 de dades, les sol\u00b7licituds han d&#8217;anar acompanyades de la documentaci\u00f3 que justifiqui la variaci\u00f3 en el conveni especial.<\/p>\n<p>Respecte a la documentaci\u00f3 que s&#8217;ha d&#8217;aportar en el sup\u00f2sit de baixa en el conveni especial, les sol\u00b7licituds han d&#8217;anar acompanyades de la documentaci\u00f3 que justifiqui la baixa, tret que es tracti d&#8217;una sol\u00b7licitud de baixa volunt\u00e0ria.<\/p>\n<p><em>Font: Seguretat Social<\/em><\/p>\n<\/div>\n<p>\u00a0<\/p>\n<p>Consulteu els nostres serveis fiscals, laborals i legals\u00a0<a href=\"https:\/\/www.jda.es\/servicios\/\">aqu\u00ed<\/a>.<\/p>\n<div class=\"wpb_text_column\">\n<div class=\"wpb_text_column\">\n<p>JDA\/SFA<\/p>\n<\/div>\n<\/div>\n","protected":false},"excerpt":{"rendered":"<p>A partir de l\u20191 de juny, s&#8217;obre el termini de subscripci\u00f3 del conveni especial per pr\u00e0ctiques regulat en l&#8217;Ordre ISM\/386\/2024, de 29 d&#8217;abril, per computar la cotitzaci\u00f3 pels per\u00edodes de pr\u00e0ctiques formatives, acad\u00e8miques externes, i per determinats programes de formaci\u00f3. Qui es pot subscriure? Poden subscriure aquest conveni especial: Alumnes de pr\u00e0ctiques formatives i de<\/p>\n","protected":false},"author":50,"featured_media":34280,"comment_status":"open","ping_status":"open","sticky":false,"template":"","format":"standard","meta":{"rs_blank_template":"","rs_page_bg_color":"","slide_template_v7":"","footnotes":""},"categories":[827,833,794,785,773,766],"tags":[],"class_list":["post-34295","post","type-post","status-publish","format-standard","has-post-thumbnail","hentry","category-contabilitat","category-economia-ca","category-emprenedors","category-empreses","category-laboral-ca","category-legal-ca"],"_links":{"self":[{"href":"https:\/\/www.jda.es\/ca\/wp-json\/wp\/v2\/posts\/34295","targetHints":{"allow":["GET"]}}],"collection":[{"href":"https:\/\/www.jda.es\/ca\/wp-json\/wp\/v2\/posts"}],"about":[{"href":"https:\/\/www.jda.es\/ca\/wp-json\/wp\/v2\/types\/post"}],"author":[{"embeddable":true,"href":"https:\/\/www.jda.es\/ca\/wp-json\/wp\/v2\/users\/50"}],"replies":[{"embeddable":true,"href":"https:\/\/www.jda.es\/ca\/wp-json\/wp\/v2\/comments?post=34295"}],"version-history":[{"count":0,"href":"https:\/\/www.jda.es\/ca\/wp-json\/wp\/v2\/posts\/34295\/revisions"}],"wp:featuredmedia":[{"embeddable":true,"href":"https:\/\/www.jda.es\/ca\/wp-json\/wp\/v2\/media\/34280"}],"wp:attachment":[{"href":"https:\/\/www.jda.es\/ca\/wp-json\/wp\/v2\/media?parent=34295"}],"wp:term":[{"taxonomy":"category","embeddable":true,"href":"https:\/\/www.jda.es\/ca\/wp-json\/wp\/v2\/categories?post=34295"},{"taxonomy":"post_tag","embeddable":true,"href":"https:\/\/www.jda.es\/ca\/wp-json\/wp\/v2\/tags?post=34295"}],"curies":[{"name":"wp","href":"https:\/\/api.w.org\/{rel}","templated":true}]}}