{"id":33902,"date":"2024-03-21T09:45:15","date_gmt":"2024-03-21T08:45:15","guid":{"rendered":"https:\/\/www.jda.es\/?p=33902"},"modified":"2024-03-21T09:45:16","modified_gmt":"2024-03-21T08:45:16","slug":"com-afecta-en-lirpf-la-regularitzacio-de-les-quotes-del-reta-satisfetes-en-lexercici-anterior","status":"publish","type":"post","link":"https:\/\/www.jda.es\/ca\/com-afecta-en-lirpf-la-regularitzacio-de-les-quotes-del-reta-satisfetes-en-lexercici-anterior\/","title":{"rendered":"Com afecta en l&#8217;IRPF la regularitzaci\u00f3 de les quotes del RETA satisfetes en l&#8217;exercici anterior?"},"content":{"rendered":"\n\n\n<div class=\"summary\">\n<p>Si fos un import addicional a satisfer pel contribuent en l&#8217;exercici seg\u00fcent, aquest pagament addicional s&#8217;ha de tractar com una despesa dedu\u00efble m\u00e9s gran per cotitzacions a la Seguretat Social en aquest exercici seg\u00fcent. Si, per contra, fos una quantitat a retornar al contribuent, es tractar\u00e0 com una menor despesa dedu\u00efble per quotes satisfetes a la Seguretat Social en aquest exercici seg\u00fcent, i si l&#8217;import supera el de les quotes satisfetes a la Seguretat Social, l&#8217;exc\u00e9s s\u2019haur\u00e0 de reflectir com un major rendiment en aquest exercici.<\/p>\n<\/div>\n<div class=\"content\">\n<p>Com ja deu saber, des del passat\u00a0<strong>1 de gener de 2023<\/strong>, tots els treballadors per compte propi o aut\u00f2noms inclosos en aquest r\u00e8gim especial\u00a0<strong>cotitzen en funci\u00f3 dels rendiments anuals obtinguts en el desenvolupament de les seves activitats econ\u00f2miques, empresarials o professionals<\/strong>, i han de triar la base de cotitzaci\u00f3 mensual que correspongui en funci\u00f3 de la seva previsi\u00f3 de rendiments nets anuals, dins de la taula general fixada en la respectiva Llei de pressupostos generals de l&#8217;Estat i limitada per una base m\u00ednima de cotitzaci\u00f3 en cadascun dels seus trams i per una base m\u00e0xima en cada tram per a cada any, si b\u00e9 amb la possibilitat, quan prevegin que els seus rendiments seran inferiors al salari m\u00ednim interprofessional en c\u00f2mput anual, de triar una base de cotitzaci\u00f3 dins d&#8217;una taula redu\u00efda.<\/p>\n<p>Les bases triades s\u00f3n provisionals, fins que es procedeixi a la seva regularitzaci\u00f3 en funci\u00f3 dels rendiments anuals obtinguts i comunicats per l&#8217;Administraci\u00f3 Tribut\u00e0ria a partir de l&#8217;exercici seg\u00fcent respecte a cada treballador aut\u00f2nom.<\/p>\n<p>Partint de l&#8217;anterior, les quantitats calculades en l&#8217;exercici anterior tenen la consideraci\u00f3 de quantitats legalment degudes encara que provisionals, motiu pel qual no procedir\u00e0 la presentaci\u00f3 d&#8217;una rectificaci\u00f3 d&#8217;autoliquidaci\u00f3 o d&#8217;una declaraci\u00f3 complement\u00e0ria respecte a la declaraci\u00f3 realitzada en aquest exercici.<\/p>\n<p><strong>Despeses del titular de l&#8217;activitat en l&#8217;IRPF: Seguretat social o aportacions a mutualitats alternatives del titular de l&#8217;activitat<\/strong><\/p>\n<p>Dins d&#8217;aquestes despeses, s&#8217;inclouen les cotitzacions del titular de l&#8217;activitat al r\u00e8gim especial de treballadors aut\u00f2noms (RETA).<\/p>\n<p>Si a conseq\u00fc\u00e8ncia de la regularitzaci\u00f3 de les quotes del RETA efectuada en l&#8217;exercici seg\u00fcent, en funci\u00f3 dels rendiments reals obtinguts, en result\u00e9s un import addicional a satisfer o a retornar en concepte de quotes del RETA, aquest import tindr\u00e0 el seg\u00fcent tractament fiscal en l&#8217;IRPF:<\/p>\n<ul>\n<li>Si result\u00e9s un\u00a0<strong>import addicional a satisfer<\/strong>\u00a0pel contribuent en l&#8217;exercici seg\u00fcent, aquest pagament addicional s&#8217;haur\u00e0 de tractar com una\u00a0<strong>despesa dedu\u00efble m\u00e9s elevada<\/strong>\u00a0per cotitzacions a la Seguretat Social\u00a0<strong>en aquest exercici seg\u00fcent<\/strong>.<\/li>\n<\/ul>\n<ul>\n<li>Si, per contra, result\u00e9s una\u00a0<strong>quantitat a retornar<\/strong>\u00a0al contribuent, es tractar\u00e0 com a\u00a0<strong>menor despesa dedu\u00efble<\/strong>\u00a0per quotes satisfetes a la Seguretat Social en aquest exercici seg\u00fcent, i si l&#8217;import supera el de les quotes satisfetes a la Seguretat Social,\u00a0<strong>l&#8217;exc\u00e9s s&#8217;haur\u00e0 de reflectir com un major rendiment en aquest exercici<\/strong>.<\/li>\n<\/ul>\n<p><strong>PLURIACTIVITAT. Dedu\u00efbilitat de la quota en el cas d&#8217;un contribuent que obt\u00e9 rendiments del treball (per exemple, com a administrador d&#8217;una societat) i rendiments d&#8217;una activitat econ\u00f2mica<\/strong><\/p>\n<p>Quan els treballadors aut\u00f2noms desenvolupin simult\u00e0niament dues activitats o m\u00e9s que donin lloc a la inclusi\u00f3 en aquest r\u00e8gim especial, la seva alta en ell ser\u00e0 \u00fanica, havent de declarar totes les seves activitats en la sol\u00b7licitud d&#8217;alta o, si la pluriactivitat \u00e9s posterior a l&#8217;alta, mitjan\u00e7ant la corresponent variaci\u00f3 de dades.<\/p>\n<p>Amb aquesta configuraci\u00f3 de les quotes del r\u00e8gim especial de la Seguretat Social dels treballadors per compte propi o aut\u00f2noms (RETA) -que estableix l&#8217;obligaci\u00f3 de declarar la pluriactivitat en aquest r\u00e8gim-, per a determinar la incid\u00e8ncia de la despesa corresponent a aquestes quotes en l&#8217;IRPF del contribuent s&#8217;ha de tenir en compte que aquestes responen a l&#8217;alta en aquest r\u00e8gim exercint m\u00e9s d&#8217;una activitat, per la qual cosa la seva dedu\u00efbilitat en l&#8217;IRPF la podr\u00e0 fer el contribuent b\u00e9 en la determinaci\u00f3 del rendiment net del treball (per les seves retribucions com a administrador de la societat) o b\u00e9 en la determinaci\u00f3 del rendiment net de l&#8217;activitat econ\u00f2mica, perqu\u00e8 en cadascun d&#8217;aquests casos t\u00e9 l&#8217;obligaci\u00f3 de cotitzar al RETA, fet permet decidir al contribuent on incorporar aquesta quota \u00fanica.<\/p>\n<p><strong>Atenci\u00f3.<\/strong>\u00a0En cas que exerceixi l&#8217;activitat econ\u00f2mica en estimaci\u00f3 directa simplificada, en general li sortir\u00e0 m\u00e9s a compte deduir-se la despesa dels seus rendiments del treball. Aix\u00ed, at\u00e8s que en l&#8217;IRPF de 2023 tindr\u00e0 dret a una reducci\u00f3 del 7% -en lloc del 5% habitual- de les rendes netes de l&#8217;activitat -amb un m\u00e0xim de 2.000 euros- en concepte de despeses de dif\u00edcil justificaci\u00f3, aquestes rendes seran m\u00e9s elevades i la reducci\u00f3 tamb\u00e9.<\/p>\n<p><strong>Covid-19:<\/strong>\u00a0l&#8217;exempci\u00f3 de l&#8217;obligaci\u00f3 de cotitzar a favor de treballadors aut\u00f2noms que hagin percebut la prestaci\u00f3 extraordin\u00e0ria per cessament d&#8217;activitat prevista en l&#8217;apartat dos de l&#8217;article 26 del Reial decret llei 11\/2022, de 25 de juny a qu\u00e8 es refereix l&#8217;article 97 del Reial decret llei 20\/2022, de 27 de desembre, de mesures de resposta a les conseq\u00fc\u00e8ncies econ\u00f2miques i socials de la guerra d&#8217;Ucra\u00efna i de suport a la reconstrucci\u00f3 de l&#8217;illa de la Palma i a altres situacions de vulnerabilitat determina la seva falta d&#8217;incid\u00e8ncia en l&#8217;IRPF, com que no correspon a cap dels sup\u00f2sits d&#8217;obtenci\u00f3 de renda establerts en l&#8217;article 6 de la Llei de l&#8217;IRPF, no tenint, per tant, la naturalesa de rendiment \u00edntegre ni correlativament la de despesa dedu\u00efble per a la determinaci\u00f3 dels rendiments.<\/p>\n<\/div>\n<p>\u00a0<\/p>\n<p>Consulteu els nostres serveis fiscals, laborals i legals\u00a0<a href=\"https:\/\/www.jda.es\/servicios\/\">aqu\u00ed<\/a>.<\/p>\n<div class=\"wpb_text_column\">\n<div class=\"wpb_text_column\">\n<p>JDA\/SFAI<\/p>\n<\/div>\n<\/div>\n","protected":false},"excerpt":{"rendered":"<p>Si fos un import addicional a satisfer pel contribuent en l&#8217;exercici seg\u00fcent, aquest pagament addicional s&#8217;ha de tractar com una despesa dedu\u00efble m\u00e9s gran per cotitzacions a la Seguretat Social en aquest exercici seg\u00fcent. Si, per contra, fos una quantitat a retornar al contribuent, es tractar\u00e0 com una menor despesa dedu\u00efble per quotes satisfetes a<\/p>\n","protected":false},"author":50,"featured_media":33881,"comment_status":"open","ping_status":"open","sticky":false,"template":"","format":"standard","meta":{"rs_blank_template":"","rs_page_bg_color":"","slide_template_v7":"","footnotes":""},"categories":[827,833,794,785,826,773],"tags":[],"class_list":["post-33902","post","type-post","status-publish","format-standard","has-post-thumbnail","hentry","category-contabilitat","category-economia-ca","category-emprenedors","category-empreses","category-fiscal-ca-2","category-laboral-ca"],"_links":{"self":[{"href":"https:\/\/www.jda.es\/ca\/wp-json\/wp\/v2\/posts\/33902","targetHints":{"allow":["GET"]}}],"collection":[{"href":"https:\/\/www.jda.es\/ca\/wp-json\/wp\/v2\/posts"}],"about":[{"href":"https:\/\/www.jda.es\/ca\/wp-json\/wp\/v2\/types\/post"}],"author":[{"embeddable":true,"href":"https:\/\/www.jda.es\/ca\/wp-json\/wp\/v2\/users\/50"}],"replies":[{"embeddable":true,"href":"https:\/\/www.jda.es\/ca\/wp-json\/wp\/v2\/comments?post=33902"}],"version-history":[{"count":0,"href":"https:\/\/www.jda.es\/ca\/wp-json\/wp\/v2\/posts\/33902\/revisions"}],"wp:featuredmedia":[{"embeddable":true,"href":"https:\/\/www.jda.es\/ca\/wp-json\/wp\/v2\/media\/33881"}],"wp:attachment":[{"href":"https:\/\/www.jda.es\/ca\/wp-json\/wp\/v2\/media?parent=33902"}],"wp:term":[{"taxonomy":"category","embeddable":true,"href":"https:\/\/www.jda.es\/ca\/wp-json\/wp\/v2\/categories?post=33902"},{"taxonomy":"post_tag","embeddable":true,"href":"https:\/\/www.jda.es\/ca\/wp-json\/wp\/v2\/tags?post=33902"}],"curies":[{"name":"wp","href":"https:\/\/api.w.org\/{rel}","templated":true}]}}