{"id":33832,"date":"2024-03-07T11:51:44","date_gmt":"2024-03-07T10:51:44","guid":{"rendered":"https:\/\/www.jda.es\/?p=33832"},"modified":"2024-03-07T11:54:47","modified_gmt":"2024-03-07T10:54:47","slug":"la-problematica-del-desequilibri-patrimonial-com-a-causa-de-dissolucio-duna-societat-mercantil","status":"publish","type":"post","link":"https:\/\/www.jda.es\/ca\/la-problematica-del-desequilibri-patrimonial-com-a-causa-de-dissolucio-duna-societat-mercantil\/","title":{"rendered":"La problem\u00e0tica del desequilibri patrimonial com a causa de dissoluci\u00f3 d&#8217;una societat mercantil"},"content":{"rendered":"\n\n\n<div class=\"summary\">\n<p>Els administradors queden com a responsables solidaris de tot deute posterior al moment de la causa de dissoluci\u00f3, encara que es tracti de contractes anteriors a l&#8217;exist\u00e8ncia de la causa.<\/p>\n<\/div>\n<div class=\"content\">\n<p>El desequilibri patrimonial \u00e9s un problema real i recurrent de les societats mercantils. Conv\u00e9 recordar els deures i la responsabilitat. \u00c9s a dir, intentarem explicar qu\u00e8 \u00e9s, quina conseq\u00fc\u00e8ncia t\u00e9 i com s&#8217;arregla.<\/p>\n<p>La Llei de societats de capital \u00e9s la norma que sanciona aquesta situaci\u00f3. En concret, el desequilibri patrimonial \u00e9s causa de dissoluci\u00f3, sempre que les p\u00e8rdues de l&#8217;exercici deixin redu\u00eft el patrimoni net a una quantitat inferior a la meitat del capital social. Sempre que no se sol\u00b7liciti la declaraci\u00f3 de concurs. \u00c9s a dir, si estem en situaci\u00f3 d&#8217;insolv\u00e8ncia, s&#8217;origina la sol\u00b7licitud de concurs voluntari.<\/p>\n<p>Tal com ja deu saber, desequilibri patrimonial i insolv\u00e8ncia no s\u00f3n el mateix: la insolv\u00e8ncia \u00e9s la impossibilitat de complir les obligacions de manera puntual. (Ex: si paguem les n\u00f2mines tard, \u00e9s un clar signe d&#8217;insolv\u00e8ncia).<\/p>\n<p>El problema legal \u00e9s que en el moment en qu\u00e8 existeix causa de dissoluci\u00f3, els administradors tenen el deure de convocar la junta general perqu\u00e8 en dos mesos s&#8217;arregli el desequilibri patrimonial, es dissolgui la societat o se sol\u00b7liciti el concurs de creditors. Compte perqu\u00e8 qualsevol soci pot demanar-li a l&#8217;administrador la convocat\u00f2ria per solucionar aquesta q\u00fcesti\u00f3.<\/p>\n<p>Si la junta general no es convoca, o no se celebra o no s&#8217;aconsegueixen els acords per solucionar el problema, s&#8217;ha de sol\u00b7licitar la dissoluci\u00f3 judicial al jutjat mercantil. Si els administradors no actuen en conseq\u00fc\u00e8ncia i de manera diligent, passen a ser responsables solidaris, amb el seu patrimoni personal, dels deutes des de la situaci\u00f3 de desequilibri.<\/p>\n<p>Recordem que els administradors queden com a responsables solidaris de tot deute posterior al moment de la causa de dissoluci\u00f3, encara que es tracti de contractes anteriors a l&#8217;exist\u00e8ncia de la causa. A m\u00e9s, es tracta d&#8217;una responsabilitat que \u00e9s objectiva. De cap manera s&#8217;enjudiciar\u00e0 ni la bona ni la mala fe, ni el mal causat, ni la conducta emprada: han de complir el mandat jur\u00eddic de la Llei de societats de capital per a arreglar la situaci\u00f3 o si no, en s\u00f3n responsables.<\/p>\n<p>Per si no n&#8217;hi hagu\u00e9s prou, conv\u00e9 tenir en compte que es tracta d&#8217;una responsabilitat solid\u00e0ria, \u00e9s a dir qualsevol creditor pot reclamar a qualsevol administrador. Per al cas que es nomeni un nou administrador, el nou administrador tindr\u00e0 dos mesos per a arreglar de nou la situaci\u00f3, des que accepti el c\u00e0rrec.<\/p>\n<p>Un \u00faltim aspecte a tenir en compte \u00e9s com arreglar el desequilibri del qual estem parlant. Una de les solucions \u00e9s l&#8217;ampliaci\u00f3 de capital a trav\u00e9s d&#8217;aportacions diner\u00e0ries: els socis han de posar diners de la seva butxaca per a arreglar la situaci\u00f3. Les aportacions poden ser no diner\u00e0ries, tamb\u00e9.<\/p>\n<p>Tamb\u00e9 es pot reduir el capital social, a pesar que no pot ser per sota del m\u00ednim exigible. Una altra soluci\u00f3 \u00e9s l&#8217;operaci\u00f3 d&#8217;acordi\u00f3, \u00e9s a dir, reduir el capital social per sota de la xifra m\u00ednima, i augmentar-lo de manera simult\u00e0nia fins a la xifra m\u00ednima o m\u00e9s enll\u00e0.<\/p>\n<p>En \u00faltima inst\u00e0ncia, tamb\u00e9 \u00e9s possible fer un pr\u00e9stec participatiu a la societat, encara que aquesta \u00faltima operaci\u00f3 \u00e9s molt m\u00e9s infreq\u00fcent.<\/p>\n<\/div>\n<p>\u00a0<\/p>\n<p>Consulteu els nostres serveis fiscals, laborals i legals\u00a0<a href=\"https:\/\/www.jda.es\/servicios\/\">aqu\u00ed<\/a>.<\/p>\n<div class=\"wpb_text_column\">\n<div class=\"wpb_text_column\">\n<p>JDA\/SFAI<\/p>\n<\/div>\n<\/div>\n","protected":false},"excerpt":{"rendered":"<p>Els administradors queden com a responsables solidaris de tot deute posterior al moment de la causa de dissoluci\u00f3, encara que es tracti de contractes anteriors a l&#8217;exist\u00e8ncia de la causa. El desequilibri patrimonial \u00e9s un problema real i recurrent de les societats mercantils. Conv\u00e9 recordar els deures i la responsabilitat. \u00c9s a dir, intentarem explicar<\/p>\n","protected":false},"author":50,"featured_media":33805,"comment_status":"open","ping_status":"open","sticky":false,"template":"","format":"standard","meta":{"rs_blank_template":"","rs_page_bg_color":"","slide_template_v7":"","footnotes":""},"categories":[827,833,794,785,826,766],"tags":[],"class_list":["post-33832","post","type-post","status-publish","format-standard","has-post-thumbnail","hentry","category-contabilitat","category-economia-ca","category-emprenedors","category-empreses","category-fiscal-ca-2","category-legal-ca"],"_links":{"self":[{"href":"https:\/\/www.jda.es\/ca\/wp-json\/wp\/v2\/posts\/33832","targetHints":{"allow":["GET"]}}],"collection":[{"href":"https:\/\/www.jda.es\/ca\/wp-json\/wp\/v2\/posts"}],"about":[{"href":"https:\/\/www.jda.es\/ca\/wp-json\/wp\/v2\/types\/post"}],"author":[{"embeddable":true,"href":"https:\/\/www.jda.es\/ca\/wp-json\/wp\/v2\/users\/50"}],"replies":[{"embeddable":true,"href":"https:\/\/www.jda.es\/ca\/wp-json\/wp\/v2\/comments?post=33832"}],"version-history":[{"count":0,"href":"https:\/\/www.jda.es\/ca\/wp-json\/wp\/v2\/posts\/33832\/revisions"}],"wp:featuredmedia":[{"embeddable":true,"href":"https:\/\/www.jda.es\/ca\/wp-json\/wp\/v2\/media\/33805"}],"wp:attachment":[{"href":"https:\/\/www.jda.es\/ca\/wp-json\/wp\/v2\/media?parent=33832"}],"wp:term":[{"taxonomy":"category","embeddable":true,"href":"https:\/\/www.jda.es\/ca\/wp-json\/wp\/v2\/categories?post=33832"},{"taxonomy":"post_tag","embeddable":true,"href":"https:\/\/www.jda.es\/ca\/wp-json\/wp\/v2\/tags?post=33832"}],"curies":[{"name":"wp","href":"https:\/\/api.w.org\/{rel}","templated":true}]}}