{"id":33695,"date":"2024-02-21T16:24:01","date_gmt":"2024-02-21T15:24:01","guid":{"rendered":"https:\/\/www.jda.es\/?p=33695"},"modified":"2024-02-21T16:24:03","modified_gmt":"2024-02-21T15:24:03","slug":"fins-al-29-de-febrer-pot-modificar-la-base-de-cotitzacio-com-a-autonom","status":"publish","type":"post","link":"https:\/\/www.jda.es\/ca\/fins-al-29-de-febrer-pot-modificar-la-base-de-cotitzacio-com-a-autonom\/","title":{"rendered":"Fins al 29 de febrer pot modificar la base de cotitzaci\u00f3 com a aut\u00f2nom"},"content":{"rendered":"\n\n\n<div class=\"summary\">\n<p><em>Li recordem que t\u00e9 l&#8217;oportunitat de modificar la base de cotitzaci\u00f3 del r\u00e8gim especial de treballadors aut\u00f2noms (RETA) i la quota a pagar i ajustar-la als seus ingressos reals, dins dels l\u00edmits permesos segons l&#8217;edat, fins al 29 de febrer de 2024. Aquesta modificaci\u00f3 tindr\u00e0 efectes a partir de l&#8217;1 de mar\u00e7 de 2024.<\/em><\/p>\n<\/div>\n<div class=\"content\">\n<p>Els aut\u00f2noms s\u00f3n els \u00fanics que poden triar la base per la qual cotitzen. Aquesta decisi\u00f3 \u00e9s molt important, ja que d&#8217;ella depenen les seves prestacions presents i la seva futura pensi\u00f3. La base de cotitzaci\u00f3 es pot modificar f\u00e0cilment i de manera telem\u00e0tica a trav\u00e9s del sistema RED. No obstant aix\u00f2, cal tenir en compte els tr\u00e0mits i els per\u00edodes per a fer el canvi.<\/p>\n<p><strong>Atenci\u00f3.<\/strong>\u00a0L&#8217;elecci\u00f3 que es faci de la quota ser\u00e0 molt important, perqu\u00e8 aquest \u00e9s el par\u00e0metre que marca la quantia de les prestacions que rebr\u00e0 l&#8217;aut\u00f2nom en cas de malaltia, accident, atur, maternitat o jubilaci\u00f3.<\/p>\n<p>Li recordem que l&#8217;1 de gener de 2023 va entrar en vigor el nou sistema de cotitzaci\u00f3 per a aut\u00f2noms en funci\u00f3 dels seus rendiments nets. Si \u00e9s aut\u00f2nom i necessita actualitzar la seva base de cotitzaci\u00f3, haur\u00e0 d&#8217;ajustar la seva base de cotitzaci\u00f3 al tram corresponent pels seus nous rendiments. La pr\u00f2xima modificaci\u00f3 t\u00e9 efectes a partir de l&#8217;1 de mar\u00e7 i es pot fer\u00a0<strong>fins al pr\u00f2xim 29 de febrer<\/strong>.<\/p>\n<p>Si al llarg de l&#8217;any 2024 es preveu una variaci\u00f3 dels rendiments nets, cada dos mesos es pot seleccionar una nova base de cotitzaci\u00f3 i, per tant, una nova quota adaptada als seus ingressos amb un\u00a0<strong>m\u00e0xim de sis canvis a l&#8217;any<\/strong>.<\/p>\n<ul>\n<li><strong>1 de mar\u00e7 de 2024, si la sol\u00b7licitud es formula entre l&#8217;1 de gener i l&#8217;\u00faltim dia natural del mes de febrer.<\/strong><\/li>\n<li>1 de maig de 2024, si la sol\u00b7licitud es formula entre l&#8217;1 de mar\u00e7 i el 30 d&#8217;abril.<\/li>\n<li>1 de juliol de 2024, si la sol\u00b7licitud es formula entre l&#8217;1 de maig i el 30 de juny.<\/li>\n<li>1 de setembre de 2024, si la sol\u00b7licitud es formula entre l&#8217;1 de juliol i el 31 d&#8217;agost.<\/li>\n<li>1 de novembre de 2024, si la sol\u00b7licitud es formula entre l&#8217;1 de setembre i el 31 d&#8217;octubre.<\/li>\n<li>1 de gener de l&#8217;any 2025, si la sol\u00b7licitud es formula entre l&#8217;1 de novembre i el 31 de desembre.<\/li>\n<\/ul>\n<p>Per tant, ara,\u00a0<strong>fins al 29 de febrer<\/strong>\u00a0pot fer un canvi de tram si ho considera oport\u00fa.<\/p>\n<p><strong>Nou tr\u00e0mit a CASIA per a aut\u00f2noms denominat \u00abSol\u00b7licitud base de cotitzaci\u00f3 m\u00e0xima\u00bb<\/strong><\/p>\n<p>La Tresoreria General de la Seguretat Social (TGSS) ha informat sobre el nou tr\u00e0mit a CASIA per a aut\u00f2noms denominat \u00abSol\u00b7licitud base de cotitzaci\u00f3 m\u00e0xima\u00bb.<\/p>\n<p>Aquest canvi \u00e9s especialment rellevant per a aquells aut\u00f2noms que estiguessin cotitzant per la base m\u00e0xima dels trams 11 i 12 de la taula general durant l&#8217;any 2023. D&#8217;aquesta manera, els aut\u00f2noms podran sol\u00b7licitar fins al 29 de febrer de 2024 (\u00faltim dia del mes seg\u00fcent al de la publicaci\u00f3 de l&#8217;ordre de cotitzaci\u00f3 2024 en el BOE), que se&#8217;ls adapti la base m\u00e0xima a 4.720,50 euros amb efectes de l&#8217;1 de gener (D.T. tercera de l&#8217;Ordre PJC\/51\/2024, de 29 de gener).<\/p>\n<p>En cas que els aut\u00f2noms no actualitzin les seves bases de cotitzaci\u00f3 a la nova m\u00e0xima abans del 29 de febrer, hauran d&#8217;esperar fins a l&#8217;1 de mar\u00e7 per a comen\u00e7ar a pagar la quota m\u00e0xima a la Seguretat Social. En aquests casos caldr\u00e0 fer una sol\u00b7licitud de canvi de base de cotitzaci\u00f3.<\/p>\n<p><strong>Cotitzaci\u00f3 basada en els rendiments obtinguts<\/strong><\/p>\n<p>S&#8217;han dissenyat unes taules de cotitzaci\u00f3 amb 15 trams de rendiments nets mensuals, que contenen les bases m\u00ednimes i m\u00e0ximes que s&#8217;aplicaran en cada tram.<\/p>\n<p>A l&#8217;efecte de determinar la base de cotitzaci\u00f3, es tindran en compte la totalitat dels rendiments nets obtinguts l&#8217;any natural, en l&#8217;exercici de les seves diferents activitats professionals o econ\u00f2miques, amb independ\u00e8ncia que les realitzin de manera individual o com a socis o integrants de qualsevol entitat, amb personalitat jur\u00eddica o sense, sempre que no hagin de figurar per elles en alta com a treballadors per compte d&#8217;altri o assimilats a aquests. El rendiment net computable de cadascuna de les activitats exercides es calcular\u00e0 d&#8217;acord amb el que es preveu a les normes de l&#8217;IRPF i amb algunes particularitats en funci\u00f3 del col\u00b7lectiu al qual pertanyin.<\/p>\n<p><strong>Com calculo els meus rendiments?<\/strong><\/p>\n<p>De l&#8217;import resultant es deduir\u00e0 un 7\u202f% en concepte de despeses generals, excepte en els casos en qu\u00e8 el treballador aut\u00f2nom reuneixi les seg\u00fcents caracter\u00edstiques, on el percentatge ser\u00e0 del 3\u202f%:<\/p>\n<ul>\n<li>Administrador de societats mercantils capitalistes la participaci\u00f3 de les quals sigui m\u00e9s gran o igual al 25\u202f%.<\/li>\n<li>Soci en una societat mercantil capitalista amb una participaci\u00f3 m\u00e9s gran o igual al 33\u202f%.<\/li>\n<\/ul>\n<p>Per a l&#8217;aplicaci\u00f3 del percentatge indicat del 3\u202f%, n&#8217;hi haur\u00e0 prou amb haver figurat noranta dies en alta en aquest r\u00e8gim especial, durant el per\u00edode a regularitzar, en qualsevol dels sup\u00f2sits citats anteriorment.<\/p>\n<p>Partint de la mitjana mensual d&#8217;aquests rendiments nets anuals, se seleccionar\u00e0 la base de cotitzaci\u00f3 que determinar\u00e0 la quota a pagar.<\/p>\n<p>Anualment, la Llei de pressupostos generals de l&#8217;Estat establir\u00e0 una taula general de bases de cotitzaci\u00f3 i una de redu\u00efda que es dividiran en trams consecutius d&#8217;imports de rendiments nets mensuals als quals s&#8217;assignaran, per cada tram, unes bases de cotitzaci\u00f3 m\u00e0xima i m\u00ednima mensual.<\/p>\n<p><strong>Durant l&#8217;any 2024<\/strong>, la taula general i la taula redu\u00efda i les bases m\u00e0ximes i m\u00ednimes aplicables als diferents\u00a0<strong>trams de rendiments nets\u00a0<\/strong>seran les seg\u00fcents (Ordre PJC\/51\/2024, de 29 de gener):<\/p>\n<table>\n<thead>\n<tr>\n<th>\u00a0<\/th>\n<th colspan=\"2\">\n<p><strong>Trams de rendiments nets 2024<\/strong><\/p>\n<p><strong>&#8211;<\/strong><\/p>\n<p><strong>Euros\/mes<\/strong><\/p>\n<\/th>\n<th>\n<p><strong>Base m\u00ednima<\/strong><\/p>\n<p><strong>&#8211;<\/strong><\/p>\n<p><strong>Euros\/mes<\/strong><\/p>\n<\/th>\n<th>\n<p><strong>Base m\u00e0xima<\/strong><\/p>\n<p><strong>&#8211;<\/strong><\/p>\n<p><strong>Euros\/mes<\/strong><\/p>\n<\/th>\n<\/tr>\n<\/thead>\n<tbody>\n<tr>\n<td rowspan=\"3\">\n<p><strong>Taula redu\u00efda<\/strong><\/p>\n<\/td>\n<td>\n<p>Tram 1.<\/p>\n<\/td>\n<td>\n<p>\u2264670<\/p>\n<\/td>\n<td>\n<p>735,29<\/p>\n<\/td>\n<td>\n<p>816,98<\/p>\n<\/td>\n<\/tr>\n<tr>\n<td>\n<p>Tram 2.<\/p>\n<\/td>\n<td>\n<p>&gt;670 i \u2264900<\/p>\n<\/td>\n<td>\n<p>816,99<\/p>\n<\/td>\n<td>\n<p>900<\/p>\n<\/td>\n<\/tr>\n<tr>\n<td>\n<p>Tram 3.<\/p>\n<\/td>\n<td>\n<p>&gt;900 i &lt;1.166,70<\/p>\n<\/td>\n<td>\n<p>872,55<\/p>\n<\/td>\n<td>\n<p>1.166,70<\/p>\n<\/td>\n<\/tr>\n<tr>\n<td rowspan=\"11\">\n<p><strong>Taula general<\/strong><\/p>\n<\/td>\n<td>\n<p>Tram 1.<\/p>\n<\/td>\n<td>\n<p>\u22651.166,70 i \u22641.300<\/p>\n<\/td>\n<td>\n<p>950,98<\/p>\n<\/td>\n<td>\n<p>1.300<\/p>\n<\/td>\n<\/tr>\n<tr>\n<td>\n<p>Tram 2.<\/p>\n<\/td>\n<td>\n<p>&gt;1.300 i \u22641.500<\/p>\n<\/td>\n<td>\n<p>960,78<\/p>\n<\/td>\n<td>\n<p>1.500<\/p>\n<\/td>\n<\/tr>\n<tr>\n<td>\n<p>Tram 3.<\/p>\n<\/td>\n<td>\n<p>&gt;1.500 i \u22641.700<\/p>\n<\/td>\n<td>\n<p>960,78<\/p>\n<\/td>\n<td>\n<p>1.700<\/p>\n<\/td>\n<\/tr>\n<tr>\n<td>\n<p>Tram 4.<\/p>\n<\/td>\n<td>\n<p>&gt;1.700 i \u22641.850<\/p>\n<\/td>\n<td>\n<p>1.045,75<\/p>\n<\/td>\n<td>\n<p>1.850<\/p>\n<\/td>\n<\/tr>\n<tr>\n<td>\n<p>Tramo5.<\/p>\n<\/td>\n<td>\n<p>&gt;1.850 i \u22642.030<\/p>\n<\/td>\n<td>\n<p>1.062,09<\/p>\n<\/td>\n<td>\n<p>2.030<\/p>\n<\/td>\n<\/tr>\n<tr>\n<td>\n<p>Tram 6.<\/p>\n<\/td>\n<td>\n<p>&gt;2.030 i \u22642.330<\/p>\n<\/td>\n<td>\n<p>1.078,43<\/p>\n<\/td>\n<td>\n<p>2.330<\/p>\n<\/td>\n<\/tr>\n<tr>\n<td>\n<p>Tram 7.<\/p>\n<\/td>\n<td>\n<p>&gt;2.330 i \u22642.760<\/p>\n<\/td>\n<td>\n<p>1.111,11<\/p>\n<\/td>\n<td>\n<p>2.760<\/p>\n<\/td>\n<\/tr>\n<tr>\n<td>\n<p>Tram 8.<\/p>\n<\/td>\n<td>\n<p>&gt;2.760 i \u22643.190<\/p>\n<\/td>\n<td>\n<p>1.176,47<\/p>\n<\/td>\n<td>\n<p>3.190<\/p>\n<\/td>\n<\/tr>\n<tr>\n<td>\n<p>Tram 9.<\/p>\n<\/td>\n<td>\n<p>&gt;3.190 i \u22643.620<\/p>\n<\/td>\n<td>\n<p>1.241,83<\/p>\n<\/td>\n<td>\n<p>3.620<\/p>\n<\/td>\n<\/tr>\n<tr>\n<td>\n<p>Tram 10.<\/p>\n<\/td>\n<td>\n<p>&gt;3.620 i \u22644.050<\/p>\n<\/td>\n<td>\n<p>1.307,19<\/p>\n<\/td>\n<td>\n<p>4.050<\/p>\n<\/td>\n<\/tr>\n<tr>\n<td>\n<p>Tram 11.<\/p>\n<\/td>\n<td>\n<p>&gt;4.050 i \u22646.000<\/p>\n<\/td>\n<td>\n<p>1.454,25<\/p>\n<\/td>\n<td>\n<p>4.720,50<\/p>\n<\/td>\n<\/tr>\n<tr>\n<td>\u00a0<\/td>\n<td>\n<p>Tram 12.<\/p>\n<\/td>\n<td>\n<p>&gt;6.000<\/p>\n<\/td>\n<td>\n<p>1.732,03<\/p>\n<\/td>\n<td>\n<p>4.720,50<\/p>\n<\/td>\n<\/tr>\n<\/tbody>\n<\/table>\n<p><strong>Qu\u00e8 passa si trio una base de cotitzaci\u00f3 que finalment no es correspon amb els meus rendiments definitius?<\/strong><\/p>\n<p>Les bases mensuals triades cada any, tindran un car\u00e0cter provisional, fins que es procedeixi a la regularitzaci\u00f3 anual de la cotitzaci\u00f3.<\/p>\n<p>Finalitzat l&#8217;any natural l&#8217;Administraci\u00f3 Tribut\u00e0ria facilitar\u00e0 a la Tresoreria informaci\u00f3 sobre els rendiments anuals reals percebuts.\u00a0<strong>Si la quota triada durant l&#8217;any fos inferior<\/strong>\u00a0a l&#8217;associada als rendiments comunicats per l&#8217;Administraci\u00f3 Tribut\u00e0ria corresponent, es notificar\u00e0 al treballador l&#8217;import de la difer\u00e8ncia. Aquest import haur\u00e0 de ser abonat abans de l&#8217;\u00faltim dia del mes seg\u00fcent a aquell en qu\u00e8 s&#8217;hagi rebut la notificaci\u00f3 amb el resultat de la regularitzaci\u00f3.<\/p>\n<p>Si, per contra,\u00a0<strong>la cotitzaci\u00f3 fos superior<\/strong>\u00a0a la corresponent a la base m\u00e0xima del tram en el qual estiguin compresos els rendiments, la Tresoreria procedir\u00e0 a reintegrar la difer\u00e8ncia abans del 30 d&#8217;abril de l&#8217;exercici seg\u00fcent a aquell en el qual la corresponent Administraci\u00f3 Tribut\u00e0ria hagi comunicat els rendiments computables.<\/p>\n<p>Si est\u00e0 vol modificar la base de cotitzaci\u00f3, li agrair\u00edem que ens ho fes saber amb la m\u00e0xima antelaci\u00f3 possible.<\/p>\n<\/div>\n<p>\u00a0<\/p>\n<p>Consulteu els nostres serveis fiscals, laborals i legals\u00a0<a href=\"https:\/\/www.jda.es\/servicios\/\">aqu\u00ed<\/a>.<\/p>\n<div class=\"wpb_text_column\">\n<div class=\"wpb_text_column\">\n<p>JDA\/SFAI<\/p>\n<\/div>\n<\/div>\n","protected":false},"excerpt":{"rendered":"<p>Li recordem que t\u00e9 l&#8217;oportunitat de modificar la base de cotitzaci\u00f3 del r\u00e8gim especial de treballadors aut\u00f2noms (RETA) i la quota a pagar i ajustar-la als seus ingressos reals, dins dels l\u00edmits permesos segons l&#8217;edat, fins al 29 de febrer de 2024. Aquesta modificaci\u00f3 tindr\u00e0 efectes a partir de l&#8217;1 de mar\u00e7 de 2024. Els<\/p>\n","protected":false},"author":50,"featured_media":33676,"comment_status":"open","ping_status":"open","sticky":false,"template":"","format":"standard","meta":{"rs_blank_template":"","rs_page_bg_color":"","slide_template_v7":"","footnotes":""},"categories":[833,794,785,826,825],"tags":[],"class_list":["post-33695","post","type-post","status-publish","format-standard","has-post-thumbnail","hentry","category-economia-ca","category-emprenedors","category-empreses","category-fiscal-ca-2","category-actualitat-laboral"],"_links":{"self":[{"href":"https:\/\/www.jda.es\/ca\/wp-json\/wp\/v2\/posts\/33695","targetHints":{"allow":["GET"]}}],"collection":[{"href":"https:\/\/www.jda.es\/ca\/wp-json\/wp\/v2\/posts"}],"about":[{"href":"https:\/\/www.jda.es\/ca\/wp-json\/wp\/v2\/types\/post"}],"author":[{"embeddable":true,"href":"https:\/\/www.jda.es\/ca\/wp-json\/wp\/v2\/users\/50"}],"replies":[{"embeddable":true,"href":"https:\/\/www.jda.es\/ca\/wp-json\/wp\/v2\/comments?post=33695"}],"version-history":[{"count":0,"href":"https:\/\/www.jda.es\/ca\/wp-json\/wp\/v2\/posts\/33695\/revisions"}],"wp:featuredmedia":[{"embeddable":true,"href":"https:\/\/www.jda.es\/ca\/wp-json\/wp\/v2\/media\/33676"}],"wp:attachment":[{"href":"https:\/\/www.jda.es\/ca\/wp-json\/wp\/v2\/media?parent=33695"}],"wp:term":[{"taxonomy":"category","embeddable":true,"href":"https:\/\/www.jda.es\/ca\/wp-json\/wp\/v2\/categories?post=33695"},{"taxonomy":"post_tag","embeddable":true,"href":"https:\/\/www.jda.es\/ca\/wp-json\/wp\/v2\/tags?post=33695"}],"curies":[{"name":"wp","href":"https:\/\/api.w.org\/{rel}","templated":true}]}}