{"id":33429,"date":"2024-01-24T18:03:11","date_gmt":"2024-01-24T17:03:11","guid":{"rendered":"https:\/\/www.jda.es\/?p=33429"},"modified":"2024-01-24T18:03:13","modified_gmt":"2024-01-24T17:03:13","slug":"un-administrador-amb-carrec-caducat-pot-convocar-una-junta-per-a-nomenar-administrador","status":"publish","type":"post","link":"https:\/\/www.jda.es\/ca\/un-administrador-amb-carrec-caducat-pot-convocar-una-junta-per-a-nomenar-administrador\/","title":{"rendered":"Un administrador amb c\u00e0rrec caducat pot convocar una junta per a nomenar administrador?"},"content":{"rendered":"\n\n\n<div class=\"summary\">\n<p>Una convocat\u00f2ria de junta feta per un administrador caducat \u00e9s v\u00e0lida per a renovar els c\u00e0rrecs d&#8217;administradors i aprovar els comptes anuals de diversos exercicis.<\/p>\n<\/div>\n<div class=\"content\">\n<p>Com ja sap, la Llei de societats de capital estableix que en cas de mort o de cessament de l&#8217;administrador \u00fanic, de tots els administradors solidaris, d&#8217;algun dels administradors mancomunats, o de la majoria dels membres del consell d&#8217;administraci\u00f3, sense que existeixin suplents, qualsevol soci pot sol\u00b7licitar del secretari judicial i del registrador mercantil del domicili social la convocat\u00f2ria de junta general per al nomenament dels administradors.<\/p>\n<p>A m\u00e9s, qualsevol dels administradors que romanguin en l&#8217;exercici del c\u00e0rrec pot convocar la junta general amb aquest \u00fanic objecte.<\/p>\n<p><strong>Atenci\u00f3.<\/strong>\u00a0Les juntes (en SA i SL) han de ser convocades per l&#8217;administrador i, com a regla general, el seu c\u00e0rrec ha d&#8217;estar vigent.<\/p>\n<p><strong>Un administrador amb c\u00e0rrec caducat pot convocar una junta per a nomenar administrador?<\/strong><\/p>\n<p>La Direcci\u00f3 General de Seguretat Jur\u00eddica i Fe P\u00fablica admet la convocat\u00f2ria de la junta general per un administrador el c\u00e0rrec del qual fa anys que est\u00e0 caducat. En la seva Resoluci\u00f3 de 31 d&#8217;octubre de 2023 (BOE de 21 de novembre de 2023) admet que fins i tot un administrador amb c\u00e0rrec caducat feia tretze anys pot convocar junta per a nomenar administradors i aprovar comptes anuals per a evitar l&#8217;acef\u00e0lia de la societat.<\/p>\n<p>Per tant, malgrat que el c\u00e0rrec estigui caducat (en aquest cas des de feia m\u00e9s de tretze anys), l&#8217;administrador pot convocar una junta perqu\u00e8 es nomeni un nou administrador. En ella tamb\u00e9 es poden aprovar els comptes pendents per a aixecar aix\u00ed el tancament del registre que provoca no dipositar-los.<\/p>\n<p>La Direcci\u00f3 General aplica al cas plantejat la seva doctrina resultant de la Resoluci\u00f3 de 7 de maig de 2021.<\/p>\n<p>En definitiva, la Direcci\u00f3 General considera que una convocat\u00f2ria de junta feta per un administrador caducat, que a m\u00e9s sembla que en aquest cas no havia estat reelegit, i caducat fa m\u00e9s de tretze anys, \u00e9s perfectament v\u00e0lida sempre que l&#8217;ordre del dia sigui el relatiu al nomenament de nou \u00f2rgan d&#8217;administraci\u00f3 i a l&#8217;aprovaci\u00f3 dels comptes anuals de diversos exercicis com a manera de superar el tancament registral. Se secunda per a aix\u00f2 en diverses sent\u00e8ncies del Tribunal Suprem i especialment en la n\u00famero 37\/2012, de 23 de febrer.<\/p>\n<\/div>\n<p>\u00a0<\/p>\n<p>Consulteu els nostres serveis fiscals, laborals i legals\u00a0<a href=\"https:\/\/www.jda.es\/servicios\/\">aqu\u00ed<\/a>.<\/p>\n<div class=\"wpb_text_column\">\n<div class=\"wpb_text_column\">\n<p>JDA\/SFAI<\/p>\n<\/div>\n<\/div>\n","protected":false},"excerpt":{"rendered":"<p>Una convocat\u00f2ria de junta feta per un administrador caducat \u00e9s v\u00e0lida per a renovar els c\u00e0rrecs d&#8217;administradors i aprovar els comptes anuals de diversos exercicis. Com ja sap, la Llei de societats de capital estableix que en cas de mort o de cessament de l&#8217;administrador \u00fanic, de tots els administradors solidaris, d&#8217;algun dels administradors mancomunats,<\/p>\n","protected":false},"author":50,"featured_media":33402,"comment_status":"open","ping_status":"open","sticky":false,"template":"","format":"standard","meta":{"rs_blank_template":"","rs_page_bg_color":"","slide_template_v7":"","footnotes":""},"categories":[827,833,794,825,766],"tags":[],"class_list":["post-33429","post","type-post","status-publish","format-standard","has-post-thumbnail","hentry","category-contabilitat","category-economia-ca","category-emprenedors","category-actualitat-laboral","category-legal-ca"],"_links":{"self":[{"href":"https:\/\/www.jda.es\/ca\/wp-json\/wp\/v2\/posts\/33429","targetHints":{"allow":["GET"]}}],"collection":[{"href":"https:\/\/www.jda.es\/ca\/wp-json\/wp\/v2\/posts"}],"about":[{"href":"https:\/\/www.jda.es\/ca\/wp-json\/wp\/v2\/types\/post"}],"author":[{"embeddable":true,"href":"https:\/\/www.jda.es\/ca\/wp-json\/wp\/v2\/users\/50"}],"replies":[{"embeddable":true,"href":"https:\/\/www.jda.es\/ca\/wp-json\/wp\/v2\/comments?post=33429"}],"version-history":[{"count":0,"href":"https:\/\/www.jda.es\/ca\/wp-json\/wp\/v2\/posts\/33429\/revisions"}],"wp:featuredmedia":[{"embeddable":true,"href":"https:\/\/www.jda.es\/ca\/wp-json\/wp\/v2\/media\/33402"}],"wp:attachment":[{"href":"https:\/\/www.jda.es\/ca\/wp-json\/wp\/v2\/media?parent=33429"}],"wp:term":[{"taxonomy":"category","embeddable":true,"href":"https:\/\/www.jda.es\/ca\/wp-json\/wp\/v2\/categories?post=33429"},{"taxonomy":"post_tag","embeddable":true,"href":"https:\/\/www.jda.es\/ca\/wp-json\/wp\/v2\/tags?post=33429"}],"curies":[{"name":"wp","href":"https:\/\/api.w.org\/{rel}","templated":true}]}}