{"id":32743,"date":"2023-07-19T12:58:27","date_gmt":"2023-07-19T10:58:27","guid":{"rendered":"https:\/\/www.jda.es\/?p=24399"},"modified":"2023-12-04T08:24:45","modified_gmt":"2023-12-04T07:24:45","slug":"revisio-de-la-situacio-inconstitucional-limits-aplicables-a-grans-empreses-i-regim-transitori-de-perdues-en-limpost-sobre-societats","status":"publish","type":"post","link":"https:\/\/www.jda.es\/ca\/revisio-de-la-situacio-inconstitucional-limits-aplicables-a-grans-empreses-i-regim-transitori-de-perdues-en-limpost-sobre-societats\/","title":{"rendered":"Revisi\u00f3 de la situaci\u00f3 inconstitucional: l\u00edmits aplicables a grans empreses i r\u00e8gim transitori de p\u00e8rdues en l&#8217;impost sobre societats"},"content":{"rendered":"<div class=\"summary\">\n<p>Al Reial decret llei 3\/2016, de 2 de desembre, es van introduir mesures molt rellevants que han comportat un increment significatiu de les quotes de l&#8217;impost sobre societats des de l&#8217;exercici 2016, com ara la reversi\u00f3 autom\u00e0tica de les deterioracions de valor de les participacions, o una limitaci\u00f3 m\u00e9s gran en la compensaci\u00f3 de bases imposables negatives per a les entitats o grups fiscals amb un import net del volum de negocis superior a 20 milions d&#8217;euros, entre altres.<\/p>\n<\/div>\n<div class=\"content\">\n<p>Volem informar-los que al BOE del dia 8 de juliol s&#8217;ha publicat l&#8217;admissi\u00f3 a tr\u00e0mit de la q\u00fcesti\u00f3 d&#8217;inconstitucionalitat 2577\/2023 en relaci\u00f3 amb el Reial decret llei 3\/2016 pel qual s&#8217;adopten mesures en l&#8217;\u00e0mbit tributari dirigides a la consolidaci\u00f3 de les finances p\u00fabliques i altres mesures urgents en mat\u00e8ria social, per possible vulneraci\u00f3 dels arts. 86.1 i 31.1 de la CE.<\/p>\n<p>Des de l&#8217;entrada en vigor del Reial decret llei 3\/2016, s&#8217;han implementat mesures que han tingut un impacte significatiu en les quotes de l&#8217;impost sobre societats a partir de l&#8217;exercici 2016. Aquestes mesures han afectat nombrosos contribuents i grups fiscals, generant un augment considerable en aquestes quotes.<\/p>\n<p>Entre les modificacions m\u00e9s destacades introdu\u00efdes pel Reial decret llei 3\/2016, es troben les seg\u00fcents:<\/p>\n<p><strong>a)<\/strong>\u00a0Reversi\u00f3 sistem\u00e0tica, mitjan\u00e7ant la seva integraci\u00f3 en la base imposable de l&#8217;impost sobre societats, de les deterioracions de valor de les participacions en els fons propis d&#8217;entitats. Aquesta reversi\u00f3 s&#8217;ha aplicat anualment en un m\u00ednim del 20% durant els exercicis 2016 a 2020, independentment de la seva imputaci\u00f3 comptable i que s&#8217;hagi produ\u00eft o no una recuperaci\u00f3 del valor d&#8217;aquestes participacions.<\/p>\n<p><strong>b)<\/strong>\u00a0Reducci\u00f3 dels percentatges aplicables en la compensaci\u00f3 de bases imposables negatives per a contribuents l&#8217;import net del volum de negoci de l&#8217;exercici anterior dels quals sigui igual o superior a 20 milions d&#8217;euros. Aquests percentatges s&#8217;han redu\u00eft al 50% si el volum de negoci est\u00e0 compr\u00e8s entre 20 i 60 milions d&#8217;euros, i al 25% si el volum de negoci excedeix els 60 milions d&#8217;euros.<\/p>\n<p>A m\u00e9s, per a aquests contribuents, s&#8217;ha limitat al 50% de la quota \u00edntegra l&#8217;aplicaci\u00f3 de les deduccions per doble imposici\u00f3 de dividends i plusv\u00e0lues, tant en l&#8217;\u00e0mbit nacional com internacional, establertes en l&#8217;anterior Llei de l&#8217;impost sobre societats.<\/p>\n<p><strong>c)<\/strong>\u00a0No dedu\u00efbilitat de les p\u00e8rdues generades en la transmissi\u00f3 de participacions en el capital de societats que compleixen els requisits per a l&#8217;aplicaci\u00f3 de l&#8217;exempci\u00f3 de l&#8217;article 21.3 de la Llei de l&#8217;impost sobre societats.<\/p>\n<p>En cas que es declari inconstitucional el Reial decret llei 3\/2016,\u00a0<strong>les empreses i grups fiscals podrien recuperar les quotes pagades derivades d&#8217;aquestes mesures en exercicis no prescrits<\/strong>.<\/p>\n<p>No obstant aix\u00f2, \u00e9s important tenir en compte que les recents sent\u00e8ncies del Tribunal Constitucional en mat\u00e8ria tribut\u00e0ria han limitat els seus efectes a aquells casos en els quals les declaracions afectades per la norma declarada inconstitucional hagin estat impugnades i no siguin fermes en la data d&#8217;entrada en vigor dels efectes de les sent\u00e8ncies.<\/p>\n<p>En resum, l&#8217;admissi\u00f3 a tr\u00e0mit de la q\u00fcesti\u00f3 d&#8217;inconstitucionalitat relacionada amb el Reial decret llei 3\/2016 ha generat incertesa sobre les mesures adoptades i les seves implicacions en les quotes de l&#8217;impost sobre societats. Per tant,\u00a0<strong>les empreses i grups fiscals afectats han d&#8217;avaluar l&#8217;impacte d&#8217;aquesta situaci\u00f3 i buscar possibles vies legals per recuperar les quotes en cas d&#8217;una declaraci\u00f3 d&#8217;inconstitucionalitat<\/strong>.<\/p>\n<p>El nostre equip d&#8217;experts en mat\u00e8ria fiscal est\u00e0 a la seva disposici\u00f3 per a oferir-li assessorament i suport en relaci\u00f3 amb aquest tema. No dubti a posar-se en contacte amb nosaltres per a analitzar com aquesta situaci\u00f3 pot afectar la seva empresa i quines accions podrien ser necess\u00e0ries.<\/p>\n<p>Agra\u00efm la seva confian\u00e7a en els nostres serveis i estem compromesos a mantenir-los informats sobre qualsevol desenvolupament rellevant en l&#8217;\u00e0mbit fiscal que pugui afectar-lo.<\/p>\n<p>Es poden posar en contacte amb aquest despatx professional per qualsevol dubte o aclariment que puguin tenir sobre aquesta q\u00fcesti\u00f3.<\/p>\n<\/div>\n<p>Consulteu els nostres serveis fiscals, laborals i legals\u00a0<a href=\"https:\/\/www.jda.esservicios\/\">aqu\u00ed<\/a>.<\/p>\n<div class=\"wpb_text_column\">\n<div class=\"wpb_text_column\">\n<p>JDA\/SFAI<\/p>\n<\/div>\n<\/div>\n","protected":false},"excerpt":{"rendered":"<p>Al Reial decret llei 3\/2016, de 2 de desembre, es van introduir mesures molt rellevants que han comportat un increment significatiu de les quotes de l&#8217;impost sobre societats des de l&#8217;exercici 2016, com ara la reversi\u00f3 autom\u00e0tica de les deterioracions de valor de les participacions, o una limitaci\u00f3 m\u00e9s gran en la compensaci\u00f3 de bases<\/p>\n","protected":false},"author":50,"featured_media":32744,"comment_status":"open","ping_status":"open","sticky":false,"template":"","format":"standard","meta":{"rs_blank_template":"","rs_page_bg_color":"","slide_template_v7":"","footnotes":""},"categories":[833,794,785,826,766],"tags":[],"class_list":["post-32743","post","type-post","status-publish","format-standard","has-post-thumbnail","hentry","category-economia-ca","category-emprenedors","category-empreses","category-fiscal-ca-2","category-legal-ca"],"_links":{"self":[{"href":"https:\/\/www.jda.es\/ca\/wp-json\/wp\/v2\/posts\/32743","targetHints":{"allow":["GET"]}}],"collection":[{"href":"https:\/\/www.jda.es\/ca\/wp-json\/wp\/v2\/posts"}],"about":[{"href":"https:\/\/www.jda.es\/ca\/wp-json\/wp\/v2\/types\/post"}],"author":[{"embeddable":true,"href":"https:\/\/www.jda.es\/ca\/wp-json\/wp\/v2\/users\/50"}],"replies":[{"embeddable":true,"href":"https:\/\/www.jda.es\/ca\/wp-json\/wp\/v2\/comments?post=32743"}],"version-history":[{"count":0,"href":"https:\/\/www.jda.es\/ca\/wp-json\/wp\/v2\/posts\/32743\/revisions"}],"wp:featuredmedia":[{"embeddable":true,"href":"https:\/\/www.jda.es\/ca\/wp-json\/wp\/v2\/media\/32744"}],"wp:attachment":[{"href":"https:\/\/www.jda.es\/ca\/wp-json\/wp\/v2\/media?parent=32743"}],"wp:term":[{"taxonomy":"category","embeddable":true,"href":"https:\/\/www.jda.es\/ca\/wp-json\/wp\/v2\/categories?post=32743"},{"taxonomy":"post_tag","embeddable":true,"href":"https:\/\/www.jda.es\/ca\/wp-json\/wp\/v2\/tags?post=32743"}],"curies":[{"name":"wp","href":"https:\/\/api.w.org\/{rel}","templated":true}]}}