{"id":32716,"date":"2023-07-27T16:14:40","date_gmt":"2023-07-27T14:14:40","guid":{"rendered":"https:\/\/www.jda.es\/?p=24542"},"modified":"2023-12-04T07:58:58","modified_gmt":"2023-12-04T06:58:58","slug":"problematica-de-els-administradors-de-fet-en-les-societats-de-capital","status":"publish","type":"post","link":"https:\/\/www.jda.es\/ca\/problematica-de-els-administradors-de-fet-en-les-societats-de-capital\/","title":{"rendered":"Problem\u00e0tica de \u201cels administradors de fet\u201d en les societats de capital"},"content":{"rendered":"<div class=\"summary\">\n<p>Els actes realitzats per un administrador d&#8217;aquestes caracter\u00edstiques poden passar per desapercebuts quan existeix un acord general, no obstant aix\u00f2, poden ser impugnats al\u00b7legant falta de legitimaci\u00f3 quan hi hagi algun desacord, podent-los declarar nuls.<\/p>\n<\/div>\n<div class=\"content\">\n<p>Com ja sap, la responsabilitat dels administradors s&#8217;est\u00e9n &#8220;l&#8217;administrador de fet&#8221; (qui exerceix com a tal sense haver estat nomenat formalment -o havent caducat el seu c\u00e0rrec- o dona instruccions a l&#8217;administrador nomenat oficialment), per\u00f2 cal poder demostrar que ho \u00e9s.<\/p>\n<p>El Tribunal Suprem ent\u00e9n per administradors de fet als qui, sense ostentar formalment el nomenament d&#8217;administrador i altres requisits exigibles, exerceixen la funci\u00f3 com si estiguessin legitimats prescindint d&#8217;aquestes formalitats.<\/p>\n<p>Exclou d&#8217;aquesta definici\u00f3 a les persones que actuen regularment per mandat dels administradors o com a gestors d&#8217;aquests, perqu\u00e8 la caracter\u00edstica de l&#8217;administrador de fet no \u00e9s la realitzaci\u00f3 material de determinades funcions, sin\u00f3 l&#8217;actuaci\u00f3 en la condici\u00f3 d&#8217;administrador amb inobservan\u00e7a de les formalitats m\u00ednimes que la Llei o els estatuts exigeixen per a adquirir aquesta condici\u00f3.<\/p>\n<p>Tampoc s&#8217;ha de confondre amb la figura dels apoderats. Els apoderats s\u00f3n persones nomenades unilateralment per la societat perqu\u00e8 actu\u00efn en nom seu. Es caracteritzen per ser nomenats mitjan\u00e7ant escriptura p\u00fablica i durant un determinat per\u00edode de temps o per a unes determinades actuacions, tot aix\u00f2 figurar\u00e0 en el poder, que \u00e9s revocable en determinades condicions i circumst\u00e0ncies. Aix\u00ed, no s&#8217;ha de confondre i englobar-ho dins de la definici\u00f3 d&#8217;administrador de fet, existint una jurisprud\u00e8ncia \u00e0mplia que els diferencia.<\/p>\n<p>Pot tractar-se d&#8217;administrador ocult, que dicta les instruccions als administradors de dret de com procedir, o d&#8217;un administrador notori, que actua i es reconeix com a tal, per\u00f2 sense donar compliment als procediments per a un correcte nomenament.<\/p>\n<p>L&#8217;exist\u00e8ncia d&#8217;aquesta figura no \u00e9s estranya, ja que a vegades per facilitar i apressar els tr\u00e0mits a realitzar se suprimeix el compliment de les normes estatut\u00e0ries, i la societat queda conforme amb l&#8217;administrador de fet.<\/p>\n<p>Els actes duts a terme per un administrador d&#8217;aquestes caracter\u00edstiques poden passar per desapercebuts quan existeix un acord general, no obstant aix\u00f2, poden ser impugnats al\u00b7legant falta de legitimaci\u00f3 quan hi hagi algun desacord, podent-los declarar nuls.<\/p>\n<p>En addici\u00f3, malgrat no tractar-se de veritables administradors de dret, tenen la seva mateixa responsabilitat, aix\u00ed ho estableix l&#8217;article 263.3 de la Llei de societats de capital.<\/p>\n<p>Existeixen m\u00faltiples condemnes a administradors de fet a responsabilitat solid\u00e0ria amb la mercantil, com si es tract\u00e9s d&#8217;administradors de dret. Abundant jurisprud\u00e8ncia ha posat els seus esfor\u00e7os a determinar si la responsabilitat solid\u00e0ria afectava aquestes persones o no, atenent les seves funcions i caracter\u00edstiques per a determinar si es podrien considerar administradors de fet o no. Tamb\u00e9 en cas de demandes per administraci\u00f3 lesiva.<\/p>\n<p>En s\u00edntesi, encara que a vegades resulti m\u00e9s r\u00e0pid i senzill a curt termini la via del fet no \u00e9s recomanable deixar de costat la via del dret, ja que la seva inobservan\u00e7a pot comportar problemes a mitj\u00e0 i llarg termini, sobretot quan sorgeixen discrep\u00e0ncies entre les diferents persones a qui les uneix un vincle jur\u00eddic.<\/p>\n<p>No \u00e9s excepci\u00f3 \u00e9s aix\u00f2 el nomenament d&#8217;administradors en les societats.<\/p>\n<p>Es poden posar en contacte amb aquest despatx professional per qualsevol dubte o aclariment que puguin tenir sobre aquesta q\u00fcesti\u00f3.<\/p>\n<\/div>\n<p>Consulteu els nostres serveis fiscals, laborals i legals\u00a0<a href=\"https:\/\/www.jda.esservicios\/\">aqu\u00ed<\/a>.<\/p>\n<div class=\"wpb_text_column\">\n<div class=\"wpb_text_column\">\n<p>JDA\/SFAI<\/p>\n<\/div>\n<\/div>\n","protected":false},"excerpt":{"rendered":"<p>Els actes realitzats per un administrador d&#8217;aquestes caracter\u00edstiques poden passar per desapercebuts quan existeix un acord general, no obstant aix\u00f2, poden ser impugnats al\u00b7legant falta de legitimaci\u00f3 quan hi hagi algun desacord, podent-los declarar nuls. Com ja sap, la responsabilitat dels administradors s&#8217;est\u00e9n &#8220;l&#8217;administrador de fet&#8221; (qui exerceix com a tal sense haver estat nomenat<\/p>\n","protected":false},"author":50,"featured_media":32717,"comment_status":"open","ping_status":"open","sticky":false,"template":"","format":"standard","meta":{"rs_blank_template":"","rs_page_bg_color":"","slide_template_v7":"","footnotes":""},"categories":[78,833,764,794,678,785,80,826],"tags":[],"class_list":["post-32716","post","type-post","status-publish","format-standard","has-post-thumbnail","hentry","category-economia","category-economia-ca","category-emprendedores","category-emprenedors","category-empresas","category-empreses","category-fiscal","category-fiscal-ca-2"],"_links":{"self":[{"href":"https:\/\/www.jda.es\/ca\/wp-json\/wp\/v2\/posts\/32716","targetHints":{"allow":["GET"]}}],"collection":[{"href":"https:\/\/www.jda.es\/ca\/wp-json\/wp\/v2\/posts"}],"about":[{"href":"https:\/\/www.jda.es\/ca\/wp-json\/wp\/v2\/types\/post"}],"author":[{"embeddable":true,"href":"https:\/\/www.jda.es\/ca\/wp-json\/wp\/v2\/users\/50"}],"replies":[{"embeddable":true,"href":"https:\/\/www.jda.es\/ca\/wp-json\/wp\/v2\/comments?post=32716"}],"version-history":[{"count":0,"href":"https:\/\/www.jda.es\/ca\/wp-json\/wp\/v2\/posts\/32716\/revisions"}],"wp:featuredmedia":[{"embeddable":true,"href":"https:\/\/www.jda.es\/ca\/wp-json\/wp\/v2\/media\/32717"}],"wp:attachment":[{"href":"https:\/\/www.jda.es\/ca\/wp-json\/wp\/v2\/media?parent=32716"}],"wp:term":[{"taxonomy":"category","embeddable":true,"href":"https:\/\/www.jda.es\/ca\/wp-json\/wp\/v2\/categories?post=32716"},{"taxonomy":"post_tag","embeddable":true,"href":"https:\/\/www.jda.es\/ca\/wp-json\/wp\/v2\/tags?post=32716"}],"curies":[{"name":"wp","href":"https:\/\/api.w.org\/{rel}","templated":true}]}}