{"id":32696,"date":"2023-11-29T12:54:22","date_gmt":"2023-11-29T11:54:22","guid":{"rendered":"https:\/\/www.jda.es\/?p=32696"},"modified":"2023-11-29T12:54:23","modified_gmt":"2023-11-29T11:54:23","slug":"en-quins-casos-es-obligatori-expedir-les-factures-rectificatives-de-liva","status":"publish","type":"post","link":"https:\/\/www.jda.es\/ca\/en-quins-casos-es-obligatori-expedir-les-factures-rectificatives-de-liva\/","title":{"rendered":"En quins casos \u00e9s obligatori expedir les factures rectificatives de l&#8217;IVA?"},"content":{"rendered":"\n\n\n<div class=\"summary\">\n<p>D&#8217;acord amb la normativa de l&#8217;IVA, s&#8217;ha d&#8217;expedir una factura rectificativa en els casos en qu\u00e8 la factura original no compleixi algun dels requisits establerts com a obligatoris en el reglament pel qual es regulen les obligacions de facturaci\u00f3. Tamb\u00e9 \u00e9s obligat\u00f2ria en els casos en qu\u00e8 les quotes repercutides s&#8217;hagin determinat incorrectament o s&#8217;hagin produ\u00eft les circumst\u00e0ncies que donen lloc a la modificaci\u00f3 de la base imposable (devoluci\u00f3 d&#8217;envasos o embalatges, descomptes, resoluci\u00f3 d&#8217;operacions, alteraci\u00f3 en preus o preus provisionals, impagaments).<\/p>\n<\/div>\n<div class=\"content\">\n<p>En alguna ocasi\u00f3 vost\u00e8 s&#8217;ha vist obligat a rectificar una factura ja emesa. Aix\u00f2 pot suposar un augment o una disminuci\u00f3 de l&#8217;IVA que s&#8217;ha de declarar a Hisenda. Com ha d&#8217;actuar en aquests casos?<\/p>\n<p>Normalment, la rectificaci\u00f3 de factures deriva de l&#8217;activitat habitual del negoci, i gaireb\u00e9 sempre suposa una reducci\u00f3 de l&#8217;import facturat i de l&#8217;IVA corresponent. Per exemple, mercaderies retornades, descomptes o bonificacions atorgades amb posterioritat a la venda (r\u00e0pels), devolucions d&#8217;envasos o embalatges, etc.<\/p>\n<p><strong>En quins casos \u00e9s obligatori expedir-les?<\/strong><\/p>\n<ul>\n<li>En els casos en qu\u00e8 la factura no compleixi algun dels requisits establerts com a obligatoris en els articles 6 i 7 del Reglament pel qual es regulen les obligacions de facturaci\u00f3.<\/li>\n<li>Quan s&#8217;hagin produ\u00eft les circumst\u00e0ncies que donen lloc a la modificaci\u00f3 de la base imposable de l&#8217;IVA establertes en l&#8217;article 80 de la Llei 37\/1992 de l&#8217;IVA (devoluci\u00f3 d&#8217;envasos o embalatges, descomptes, resoluci\u00f3 d&#8217;operacions, alteraci\u00f3 en preus o preus provisionals, impagaments). Vegeu &#8220;Contingut relacionat&#8221;.<\/li>\n<li>Quan les quotes repercutides de l&#8217;IVA s&#8217;hagin determinat incorrectament.<\/li>\n<\/ul>\n<p>No obstant aix\u00f2,\u00a0<strong>no procedir\u00e0 la rectificaci\u00f3 de les quotes impositives repercutides<\/strong>:<\/p>\n<ul>\n<li>Quan la rectificaci\u00f3 no estigui motivada per les causes previstes en l&#8217;article 80 de la Llei de l&#8217;IVA, impliqui un augment de les quotes repercutides i els destinataris de les operacions no actu\u00efn com a empresaris o professionals de l&#8217;impost, excepte en sup\u00f2sits d&#8217;elevaci\u00f3 legal dels tipus impositius, en qu\u00e8 la rectificaci\u00f3 es podr\u00e0 efectuar en el mes en qu\u00e8 tingui lloc l&#8217;entrada en vigor dels nous tipus impositius i en el seg\u00fcent.<\/li>\n<li>Quan sigui l&#8217;Administraci\u00f3 Tribut\u00e0ria qui posi de manifest, a trav\u00e9s de les corresponents liquidacions, quotes impositives reportades i no repercutides m\u00e9s grans que les declarades per l&#8217;empresari i aquest hagi participat en un frau o b\u00e9 sabia o havia d&#8217;haver sabut que efectuava una operaci\u00f3 que formava part d&#8217;un frau.<\/li>\n<\/ul>\n<p><strong>No tenen la consideraci\u00f3 de factures\u00a0<\/strong>rectificatives les que s&#8217;expedeixin en substituci\u00f3 de factures simplificades expedides amb anterioritat, sempre que complissin els requisits reglamentaris.<\/p>\n<p><strong>Quan s&#8217;han d&#8217;emetre?<\/strong><\/p>\n<p>La rectificaci\u00f3 s&#8217;efectuar\u00e0 tan aviat com l&#8217;obligat a expedir la factura tingui const\u00e0ncia de les circumst\u00e0ncies que obliguen a la seva expedici\u00f3 sempre que no\u00a0<strong>haguessin transcorregut quatre anys<\/strong>\u00a0a partir del moment en qu\u00e8 es va reportar l&#8217;impost o, si \u00e9s el cas, de la data en qu\u00e8 s&#8217;hagin produ\u00eft les circumst\u00e0ncies regulades en l&#8217;article 80 de la Llei de l&#8217;IVA, que donen lloc a la modificaci\u00f3 de la base imposable de l&#8217;IVA.<\/p>\n<p>Les\u00a0<strong>factures rectificatives s&#8217;hauran de remetre<\/strong>\u00a0abans del dia 16 del mes seg\u00fcent a aquell en qu\u00e8 s&#8217;hagu\u00e9s expedit la factura.<\/p>\n<p><strong>Quins requisits han de reunir les factures de rectificaci\u00f3?<\/strong><\/p>\n<p>La rectificaci\u00f3 es far\u00e0 mitjan\u00e7ant l&#8217;expedici\u00f3 d&#8217;una nova factura en la qual es faran constar les dades identificatives de la factura rectificada.<\/p>\n<p>Es podr\u00e0 efectuar la\u00a0<strong>rectificaci\u00f3 de diverses factures en un \u00fanic document de rectificaci\u00f3<\/strong>, sempre que s&#8217;identifiquin totes les factures rectificades.<\/p>\n<p>Aquesta factura rectificativa haur\u00e0 de complir els requisits que s&#8217;estableixen com a obligatoris amb car\u00e0cter general.<\/p>\n<p>Quan el que s&#8217;expedeixi sigui una factura rectificativa, la base imposable i la quota es poden consignar indicant directament l&#8217;import de la rectificaci\u00f3, sigui el resultat positiu o negatiu, o b\u00e9 tal com quedin despr\u00e9s de la rectificaci\u00f3 efectuada, sent obligatori en aquest \u00faltim cas d&#8217;assenyalar l&#8217;import de la rectificaci\u00f3.<\/p>\n<p>En totes les factures rectificatives es far\u00e0 constar la seva condici\u00f3 de document rectificatiu i la identificaci\u00f3 de les factures rectificades.<\/p>\n<p>No obstant aix\u00f2, hi ha\u00a0<strong>dues excepcions<\/strong>\u00a0a aquests requisits:<\/p>\n<ul>\n<li>Quan la modificaci\u00f3 de la base imposable sigui conseq\u00fc\u00e8ncia de la\u00a0<strong>devoluci\u00f3 de mercaderies o d&#8217;envasos i embalatges\u00a0<\/strong>i per l&#8217;operaci\u00f3 en la qual es van lliurar s&#8217;hagu\u00e9s expedit factura o factura simplificada, no ser\u00e0 necess\u00e0ria l&#8217;expedici\u00f3 d&#8217;una factura o factura simplificada rectificativa, sin\u00f3 que es podr\u00e0 practicar la rectificaci\u00f3 en la factura que s&#8217;expedeixi per una operaci\u00f3 posterior que tingui el mateix destinatari, sempre que el tipus impositiu aplicable a totes les operacions sigui el mateix, amb independ\u00e8ncia que el resultat sigui positiu o negatiu.<\/li>\n<li>Quan la modificaci\u00f3 de la base imposable tingui el seu origen en la\u00a0<strong>concessi\u00f3 de descomptes o bonificacions per volum d&#8217;operacions<\/strong>, aix\u00ed com en els altres casos en qu\u00e8 s&#8217;autoritzin pel Departament de Gesti\u00f3 Tribut\u00e0ria de l&#8217;Ag\u00e8ncia Estatal d&#8217;Administraci\u00f3 Tribut\u00e0ria, no ser\u00e0 necess\u00e0ria l&#8217;especificaci\u00f3 de les factures rectificades, i n&#8217;hi haur\u00e0 prou amb la simple determinaci\u00f3 del per\u00edode a qu\u00e8 es refereixin.<\/li>\n<\/ul>\n<p>El Departament de Gesti\u00f3 Tribut\u00e0ria de l&#8217;AEAT podr\u00e0 autoritzar altres procediments de rectificaci\u00f3 de factures, pr\u00e8via sol\u00b7licitud dels interessats, quan quedi justificat per les pr\u00e0ctiques comercials o administratives del sector.<\/p>\n<p><strong>LLIBRES DE REGISTRE<\/strong><\/p>\n<p><strong>Llibre de registre de factures expedides.<\/strong>\u00a0S&#8217;estableix l&#8217;obligaci\u00f3 d&#8217;anotar per separat les factures rectificatives, en atenci\u00f3 a la seva especificitat a fi d&#8217;evitar duplicitats.<\/p>\n<p><strong>Llibre de registre de factures rebudes.\u00a0<\/strong>Registrar les factures rectificatives rebudes en una p\u00e0gina independent del llibre de registre de factures rebudes.<\/p>\n<p>Es poden posar en contacte amb aquest despatx professional per qualsevol dubte o aclariment que puguin tenir sobre aquesta q\u00fcesti\u00f3.<\/p>\n<\/div>\n<p>\u00a0<\/p>\n<div class=\"wpb_text_column\">\n<p>Consulteu els nostres serveis fiscals, laborals i legals\u00a0<a href=\"https:\/\/www.jda.es\/servicios\/\">aqu\u00ed<\/a>.<\/p>\n<div class=\"wpb_text_column\">\n<div class=\"wpb_text_column\">\n<p>JDA\/SFAI<\/p>\n<\/div>\n<\/div>\n<\/div>\n","protected":false},"excerpt":{"rendered":"<p>D&#8217;acord amb la normativa de l&#8217;IVA, s&#8217;ha d&#8217;expedir una factura rectificativa en els casos en qu\u00e8 la factura original no compleixi algun dels requisits establerts com a obligatoris en el reglament pel qual es regulen les obligacions de facturaci\u00f3. Tamb\u00e9 \u00e9s obligat\u00f2ria en els casos en qu\u00e8 les quotes repercutides s&#8217;hagin determinat incorrectament o s&#8217;hagin<\/p>\n","protected":false},"author":50,"featured_media":32672,"comment_status":"open","ping_status":"open","sticky":false,"template":"","format":"standard","meta":{"rs_blank_template":"","rs_page_bg_color":"","slide_template_v7":"","footnotes":""},"categories":[827,833,794,785,826],"tags":[],"class_list":["post-32696","post","type-post","status-publish","format-standard","has-post-thumbnail","hentry","category-contabilitat","category-economia-ca","category-emprenedors","category-empreses","category-fiscal-ca-2"],"_links":{"self":[{"href":"https:\/\/www.jda.es\/ca\/wp-json\/wp\/v2\/posts\/32696","targetHints":{"allow":["GET"]}}],"collection":[{"href":"https:\/\/www.jda.es\/ca\/wp-json\/wp\/v2\/posts"}],"about":[{"href":"https:\/\/www.jda.es\/ca\/wp-json\/wp\/v2\/types\/post"}],"author":[{"embeddable":true,"href":"https:\/\/www.jda.es\/ca\/wp-json\/wp\/v2\/users\/50"}],"replies":[{"embeddable":true,"href":"https:\/\/www.jda.es\/ca\/wp-json\/wp\/v2\/comments?post=32696"}],"version-history":[{"count":0,"href":"https:\/\/www.jda.es\/ca\/wp-json\/wp\/v2\/posts\/32696\/revisions"}],"wp:featuredmedia":[{"embeddable":true,"href":"https:\/\/www.jda.es\/ca\/wp-json\/wp\/v2\/media\/32672"}],"wp:attachment":[{"href":"https:\/\/www.jda.es\/ca\/wp-json\/wp\/v2\/media?parent=32696"}],"wp:term":[{"taxonomy":"category","embeddable":true,"href":"https:\/\/www.jda.es\/ca\/wp-json\/wp\/v2\/categories?post=32696"},{"taxonomy":"post_tag","embeddable":true,"href":"https:\/\/www.jda.es\/ca\/wp-json\/wp\/v2\/tags?post=32696"}],"curies":[{"name":"wp","href":"https:\/\/api.w.org\/{rel}","templated":true}]}}