{"id":32513,"date":"2023-09-27T17:56:01","date_gmt":"2023-09-27T15:56:01","guid":{"rendered":"https:\/\/www.jda.es\/?p=24709"},"modified":"2023-12-05T09:31:27","modified_gmt":"2023-12-05T08:31:27","slug":"lliuraments-de-bens-dinversio-durant-el-periode-de-regularitzacio-de-liva","status":"publish","type":"post","link":"https:\/\/www.jda.es\/ca\/lliuraments-de-bens-dinversio-durant-el-periode-de-regularitzacio-de-liva\/","title":{"rendered":"Lliuraments de b\u00e9ns d&#8217;inversi\u00f3 durant el per\u00edode de regularitzaci\u00f3 de l&#8217;IVA"},"content":{"rendered":"<div class=\"summary\">\n<p>D&#8217;acord amb la Llei de l&#8217;IVA, en cas que els b\u00e9ns d&#8217;inversi\u00f3 es transmetin durant el per\u00edode de regularitzaci\u00f3 d&#8217;aquest impost, s&#8217;efectua una regularitzaci\u00f3 \u00fanica pels anys del per\u00edode de regularitzaci\u00f3 que quedin per transc\u00f3rrer, aplicant una s\u00e8rie de regles. Li ho expliquem.<\/p>\n<\/div>\n<div class=\"content\">\n<p>Una q\u00fcesti\u00f3 molt controvertida per a molts empresaris i professionals, ha estat l&#8217;obligaci\u00f3 de regularitzar l&#8217;IVA que dedu\u00efm en el per\u00edode d&#8217;adquisici\u00f3 durant els quatre o nou (si es tracta de terrenys o construccions) anys naturals seg\u00fcents a aquell en els quals el subjecte passiu hagi adquirit els b\u00e9ns d&#8217;inversi\u00f3.<\/p>\n<p>La Llei 37\/1992 de l&#8217;IVA estableix com es regula el tractament dels lliuraments de b\u00e9ns d&#8217;inversi\u00f3 durant el per\u00edode de regularitzaci\u00f3. Durant aquest per\u00edode, les empreses tenen l&#8217;oportunitat de regularitzar la situaci\u00f3 fiscal dels b\u00e9ns d&#8217;inversi\u00f3 que han estat utilitzats tant per a activitats subjectes i no subjectes a l&#8217;IVA.<\/p>\n<p>En l&#8217;adquisici\u00f3 de b\u00e9ns d&#8217;inversi\u00f3 el subjecte passiu podr\u00e0 deduir la quota suportada de manera directa i immediata. Si b\u00e9, la Llei no oblida que aquestes quotes aix\u00ed dedu\u00efdes, s&#8217;hauran de regularitzar (\u00e9s a dir augmentar o disminuir la deducci\u00f3 practicada) si es donen determinades circumst\u00e0ncies que alterin el compliment dels requisits inicials. Aquestes regularitzacions nom\u00e9s es practicaran quan, entre el percentatge de deducci\u00f3 definitiu corresponent a cadascun d&#8217;aquests anys i el que va prevaler l&#8217;any en qu\u00e8 es va suportar la repercussi\u00f3, existeixi una difer\u00e8ncia superior a deu punts.<\/p>\n<p>Per a dur a terme la regularitzaci\u00f3 dels lliuraments de b\u00e9ns d&#8217;inversi\u00f3, \u00e9s fonamental complir amb uns certs requisits i seguir procediments espec\u00edfics. Aix\u00f2 inclou la presentaci\u00f3 de declaracions especials i el c\u00e0lcul de la base imposable ajustada.<\/p>\n<p><strong>Concepte de b\u00e9ns d&#8217;inversi\u00f3.<\/strong><\/p>\n<p>A l&#8217;efecte de l&#8217;IVA, es consideraran d&#8217;inversi\u00f3 els b\u00e9ns corporals, mobles, semovents o immobles que, per la seva naturalesa i funci\u00f3, estiguin normalment destinats a ser usats per un per\u00edode de temps superior a un any com a instruments de treball o mitjans d&#8217;explotaci\u00f3.<\/p>\n<p>No tindran la consideraci\u00f3 de b\u00e9ns d&#8217;inversi\u00f3:<\/p>\n<p>1r Els accessoris i peces de recanvi adquirits per a la reparaci\u00f3 dels b\u00e9ns d&#8217;inversi\u00f3 emprats pel subjecte passiu.<\/p>\n<p>2n Les execucions d&#8217;obra per a la reparaci\u00f3 d&#8217;altres b\u00e9ns d&#8217;inversi\u00f3.<\/p>\n<p>3r Els envasos i embalatges, encara que siguin susceptibles de reutilitzaci\u00f3.<\/p>\n<p>4t Les robes utilitzades per al treball pels subjectes passius o el personal dependent.<\/p>\n<p>5\u00e8 Qualsevol altre b\u00e9 el valor d&#8217;adquisici\u00f3 del qual sigui inferior a 3.005,06 euros.<\/p>\n<p><strong>Transmissi\u00f3 de b\u00e9ns d&#8217;inversi\u00f3<\/strong><\/p>\n<p>En cas que els b\u00e9ns d&#8217;inversi\u00f3\u00a0<strong>es transmetin<\/strong>\u00a0durant el per\u00edode de regularitzaci\u00f3, s&#8217;efectua una regularitzaci\u00f3 \u00fanica pels anys del per\u00edode de regularitzaci\u00f3 que quedin per transc\u00f3rrer, aplicant les seg\u00fcents regles:<\/p>\n<ol>\n<li><strong>Lliurament subjecte i no exempt<\/strong>: es considera que el b\u00e9 es va emprar nom\u00e9s en operacions amb dret a deduir durant l&#8217;any de venda i els restants fins a l&#8217;expiraci\u00f3 del per\u00edode de regularitzaci\u00f3 (percentatge del 100%).<\/li>\n<\/ol>\n<p><strong>L\u00edmit de la deducci\u00f3<\/strong>: la quota meritada pel lliurament del b\u00e9.<\/p>\n<ol>\n<li value=\"2\">Lliurament\u00a0<strong>exempt o no subjecte<\/strong>: es considera que el b\u00e9 es va emprar nom\u00e9s en operacions sense dret a deduir durant tot l&#8217;any de venda i els restants fins a l&#8217;expiraci\u00f3 del per\u00edode de regularitzaci\u00f3 (percentatge del 0%).<\/li>\n<\/ol>\n<p>No obstant aix\u00f2, en cas d&#8217;exempcions plenes, \u00e9s a dir, en els lliuraments exempts que originen el dret a la deducci\u00f3 (exportacions, lliuraments intracomunitaris, etc.) els ser\u00e0 aplicable el percentatge del 100%. El l\u00edmit de les deduccions ser\u00e0 la quota que resultaria d&#8217;aplicar el tipus impositiu vigent aplicable a b\u00e9ns de la mateixa naturalesa al valor interior dels b\u00e9ns exportats o enviats a un altre Estat membre.<\/p>\n<p>En qualsevol cas, aquesta regularitzaci\u00f3 \u00fanica es practicar\u00e0 encara que en els anys anteriors no s&#8217;hagi aplicat la regla de la prorrata o fins i tot si el b\u00e9 d&#8217;inversi\u00f3 es transmet amb anterioritat a la seva posada en funcionament o \u00fas dins de l&#8217;empresa.<\/p>\n<p>En resum, la Llei 37\/1992 de l&#8217;IVA estableix normes clares per als lliuraments de b\u00e9ns d&#8217;inversi\u00f3 durant el per\u00edode de regularitzaci\u00f3. Complir amb aquests requisits i procediments pot ajudar les empreses a evitar problemes fiscals i aprofitar els beneficis de la regularitzaci\u00f3.<\/p>\n<p><strong>Exemple<\/strong><\/p>\n<p>Un edifici adquirit en &#8220;n-1&#8221; per 2.000.000 d&#8217;euros, m\u00e9s 420.000 euros d&#8217;IVA, es ven en &#8220;n&#8221; per 1.000.000 d&#8217;euros.<\/p>\n<p>La prorrata o percentatge definitiu de deducci\u00f3 de &#8220;n-1&#8221; va ser del 50%.<\/p>\n<ol>\n<li>Si el lliurament est\u00e0 subjecte i no exempt per ren\u00fancia a l&#8217;exempci\u00f3:<\/li>\n<\/ol>\n<p>IVA repercutit en la venda: (1.000.000 x 21%) = 210.000 euros<\/p>\n<p><strong>Regularitzaci\u00f3:<\/strong><\/p>\n<ul>\n<li>IVA dedu\u00efble en &#8220;n-1&#8221;: 420.000 x 50% = 210.000 euros<\/li>\n<li>IVA dedu\u00efble en &#8220;n&#8221;: &#8211; 420.000 x 100% = &#8211; 420.000 euros<\/li>\n<li>Total: (210.000 euros &#8211; 420.000 euros) = &#8211; 210.000 euros<\/li>\n<li>Aquesta difer\u00e8ncia negativa es divideix entre 10 i es multiplica per 9:<\/li>\n<li>(-210.000 \u00f7 10) x 9 = &#8211; 189.000 euros (*)<\/li>\n<\/ul>\n<p>Deducci\u00f3 complement\u00e0ria de 189.000 euros<\/p>\n<ol>\n<li value=\"2\">Si el lliurament est\u00e0 subjecte per\u00f2 exempt:<\/li>\n<\/ol>\n<p>IVA repercutit en la venda: 1.000.000 x 21% = 210.000 euros<\/p>\n<p><strong>Regularitzaci\u00f3:<\/strong><\/p>\n<ul>\n<li>IVA dedu\u00efble en &#8220;n-1&#8221;: 420.000 x 50% = 210.000 euros<\/li>\n<li>IVA dedu\u00efble en &#8220;n&#8221;: &#8211; 420.000 x 0% = 0 euros<\/li>\n<li>Total: 210.000 euros<\/li>\n<li>Aquesta difer\u00e8ncia positiva es divideix entre 10 i es multiplica per 9:<\/li>\n<li>(210.000 \u00f7 10) x 9 = 189.000 euros (*)<\/li>\n<\/ul>\n<p>Ingr\u00e9s complementari de 189.000 euros<\/p>\n<p><strong>Nota a l&#8217;exemple:<\/strong><\/p>\n<p>(*) Es divideix entre 10, perqu\u00e8 en tractar-se d&#8217;una edificaci\u00f3 el per\u00edode de regularitzaci\u00f3 \u00e9s de deu anys, i es multiplica per 9, perqu\u00e8 s\u00f3n els anys que falten perqu\u00e8 acabi el per\u00edode de regularitzaci\u00f3, computant-se a aquest efecte l&#8217;any en qu\u00e8 es produeix la transmissi\u00f3.<\/p>\n<p><em>Font: AEAT<\/em><\/p>\n<p>Es poden posar en contacte amb aquest despatx professional per qualsevol dubte o aclariment que puguin tenir sobre aquesta q\u00fcesti\u00f3.<\/p>\n<\/div>\n<div class=\"wpb_text_column\">\n<div class=\"wpb_text_column\">\n<p>Consulti els nostres serveis\u00a0<a href=\"https:\/\/www.jda.esca\/serveis\/\">aqu\u00ed<\/a>.<\/p>\n<p>JDA\/SFAI<\/p>\n<\/div>\n<\/div>\n","protected":false},"excerpt":{"rendered":"<p>D&#8217;acord amb la Llei de l&#8217;IVA, en cas que els b\u00e9ns d&#8217;inversi\u00f3 es transmetin durant el per\u00edode de regularitzaci\u00f3 d&#8217;aquest impost, s&#8217;efectua una regularitzaci\u00f3 \u00fanica pels anys del per\u00edode de regularitzaci\u00f3 que quedin per transc\u00f3rrer, aplicant una s\u00e8rie de regles. Li ho expliquem. Una q\u00fcesti\u00f3 molt controvertida per a molts empresaris i professionals, ha estat<\/p>\n","protected":false},"author":50,"featured_media":32514,"comment_status":"open","ping_status":"open","sticky":false,"template":"","format":"standard","meta":{"rs_blank_template":"","rs_page_bg_color":"","slide_template_v7":"","footnotes":""},"categories":[833,794,785,826],"tags":[],"class_list":["post-32513","post","type-post","status-publish","format-standard","has-post-thumbnail","hentry","category-economia-ca","category-emprenedors","category-empreses","category-fiscal-ca-2"],"_links":{"self":[{"href":"https:\/\/www.jda.es\/ca\/wp-json\/wp\/v2\/posts\/32513","targetHints":{"allow":["GET"]}}],"collection":[{"href":"https:\/\/www.jda.es\/ca\/wp-json\/wp\/v2\/posts"}],"about":[{"href":"https:\/\/www.jda.es\/ca\/wp-json\/wp\/v2\/types\/post"}],"author":[{"embeddable":true,"href":"https:\/\/www.jda.es\/ca\/wp-json\/wp\/v2\/users\/50"}],"replies":[{"embeddable":true,"href":"https:\/\/www.jda.es\/ca\/wp-json\/wp\/v2\/comments?post=32513"}],"version-history":[{"count":0,"href":"https:\/\/www.jda.es\/ca\/wp-json\/wp\/v2\/posts\/32513\/revisions"}],"wp:featuredmedia":[{"embeddable":true,"href":"https:\/\/www.jda.es\/ca\/wp-json\/wp\/v2\/media\/32514"}],"wp:attachment":[{"href":"https:\/\/www.jda.es\/ca\/wp-json\/wp\/v2\/media?parent=32513"}],"wp:term":[{"taxonomy":"category","embeddable":true,"href":"https:\/\/www.jda.es\/ca\/wp-json\/wp\/v2\/categories?post=32513"},{"taxonomy":"post_tag","embeddable":true,"href":"https:\/\/www.jda.es\/ca\/wp-json\/wp\/v2\/tags?post=32513"}],"curies":[{"name":"wp","href":"https:\/\/api.w.org\/{rel}","templated":true}]}}