{"id":32414,"date":"2023-11-22T15:20:50","date_gmt":"2023-11-22T14:20:50","guid":{"rendered":"https:\/\/www.jda.es\/?p=32414"},"modified":"2023-11-22T15:20:53","modified_gmt":"2023-11-22T14:20:53","slug":"els-interessos-per-lajornament-en-el-pagament-del-preu-sinclouen-en-la-base-imposable-de-liva","status":"publish","type":"post","link":"https:\/\/www.jda.es\/ca\/els-interessos-per-lajornament-en-el-pagament-del-preu-sinclouen-en-la-base-imposable-de-liva\/","title":{"rendered":"Els interessos per l&#8217;ajornament en el pagament del preu s&#8217;inclouen en la base imposable de l&#8217;IVA?"},"content":{"rendered":"\n\n\n<p>\u00a0<\/p>\n<div class=\"summary\">\n<p>D&#8217;acord amb la Llei de l&#8217;IVA, no s&#8217;inclouran en la contraprestaci\u00f3 els interessos per l&#8217;ajornament en el pagament del preu en la part en qu\u00e8 aquest ajornament correspongui a un per\u00edode posterior al lliurament dels b\u00e9ns o la prestaci\u00f3 dels serveis.<\/p>\n<\/div>\n<div class=\"content\">\n<p>Es pot donar el cas que en el desenvolupament d&#8217;una activitat econ\u00f2mica i m\u00e9s concretament amb motiu del cobrament de l&#8217;import pactat en les operacions desenvolupades es donin una s\u00e8rie de despeses que s&#8217;hagin de repercutir al client sense con\u00e8ixer exactament com fer-ho ni la seva tributaci\u00f3, normalment a l&#8217;efecte d&#8217;IVA.\u00a0<\/p>\n<p><strong>Interessos pactats per l&#8217;ajornament del pagament<\/strong><\/p>\n<p>En aquest sentit, uns dels dubtes m\u00e9s freq\u00fcents es refereix als interessos pactats per l&#8217;ajornament del pagament.<\/p>\n<p>En aquest sentit, cal acudir al que assenyala l&#8217;article 78 de la Llei de l&#8217;IVA, sobre les regles generals per a la determinaci\u00f3 de la base imposable de l&#8217;IVA. S&#8217;hi estableix que la base imposable est\u00e0 constitu\u00efda per l&#8217;import total de la contraprestaci\u00f3 de les operacions subjectes al mateix procedent del destinatari o de terceres persones.<\/p>\n<p>Quan el subjecte passiu no repercuteixi expressament i separada la quota de l&#8217;impost en factura s&#8217;ent\u00e9n que la contraprestaci\u00f3 no va incloure aquestes quotes, excepte en els casos seg\u00fcents:<\/p>\n<ol>\n<li>Quan la repercussi\u00f3 expressa de l&#8217;impost no sigui obligat\u00f2ria.<\/li>\n<li>En els sup\u00f2sits de percepcions retingudes conformement a dret en el cas de resoluci\u00f3 de les operacions.<\/li>\n<\/ol>\n<p><strong>S&#8217;inclouen en el concepte de contraprestaci\u00f3:<\/strong><\/p>\n<ol>\n<li><strong>Qualsevol cr\u00e8dit efectiu<\/strong>\u00a0a favor de qui faci el lliurament o presti el servei, derivat de la prestaci\u00f3 principal o de les access\u00f2ries, com les despeses de comissions, ports i transport, assegurances o primes per prestacions anticipades.<\/li>\n<\/ol>\n<p><strong>No s&#8217;inclouran els interessos per l&#8217;ajornament en el pagament del preu\u00a0<\/strong>quan compleixin els seg\u00fcents requisits:<\/p>\n<ol>\n<li>Que corresponguin a un per\u00edode posterior al lliurament dels b\u00e9ns o la prestaci\u00f3 dels serveis.<\/li>\n<li>Que siguin retribucions de les operacions financeres d&#8217;ajornament o demora en el pagament del preu, exemptes de l&#8217;impost.<\/li>\n<li>Que constin separadament en la factura expedida pel subjecte passiu.<\/li>\n<li>Que no excedeixin de l&#8217;usualment aplicat en el mercat.<\/li>\n<\/ol>\n<p>Per tant, quant als interessos per ajornament de pagament en factura podem distingir dos escenaris determinants per a comprendre la seva facturaci\u00f3:<\/p>\n<ul>\n<li><strong>Quan es meritin amb anterioritat a la venda<\/strong>\u00a0s&#8217;inclouran en la base imposable de l&#8217;IVA corresponent a la mateixa operaci\u00f3 el termini de pagament de la qual s&#8217;ajorna. Per tant, en aquest cas estaran inclosos en la factura de venda amb IVA, formant part del preu de l&#8217;operaci\u00f3 principal (encara que s&#8217;hi matisin els imports).<\/li>\n<li><strong>Quan es meritin amb posterioritat a la venda<\/strong>\u00a0es consideraran per si mateixos com la contraprestaci\u00f3 d&#8217;una operaci\u00f3 financera independent. Per tant, per aquests interessos s&#8217;emetr\u00e0 factura a part sense IVA, ja que estan exempts.<\/li>\n<\/ul>\n<p><strong>Atenci\u00f3.\u00a0<\/strong>L&#8217;import de les factures sense IVA emeses pels interessos per ajornament de pagament en factura no s&#8217;han d&#8217;incloure en els models 303 trimestrals per\u00f2 s\u00ed en el resum anual de l&#8217;IVA, model 390.<\/p>\n<p><strong>Exemple<\/strong><\/p>\n<p><em>El mar\u00e7 de 2023 es compra un pis de 100.000 euros que es rep l&#8217;1 d&#8217;octubre. Els pagaments a fer s\u00f3n:<\/em><\/p>\n<ul>\n<li><em>Abril: 30.000 i 1.000 euros d&#8217;interessos.<\/em><\/li>\n<li><em>Octubre: 40.000 i 2.000 euros d&#8217;interessos.<\/em><\/li>\n<li><em>Desembre: 30.000 i 3.000 euros d&#8217;interessos.<\/em><\/li>\n<\/ul>\n<p>La base imposable \u00e9s:<\/p>\n<ul>\n<li>Abril: 31.000, inclou els interessos per ser anteriors a la meritaci\u00f3.<\/li>\n<li>Octubre: 70.000 (40.000 que es paguen a l&#8217;octubre m\u00e9s els 30.000 que es pagaran al desembre), en fer el lliurament es meriti l&#8217;IVA dels pagaments pendents, en aquest cas els interessos reportats a partir d&#8217;aquest moment no formen part de la base imposable.<\/li>\n<\/ul>\n<\/div>\n<p>\u00a0<\/p>\n<p>Consulteu els nostres serveis fiscals, laborals i legals\u00a0<a href=\"https:\/\/www.jda.es\/servicios\/\">aqu\u00ed<\/a>.<\/p>\n<div class=\"wpb_text_column\">\n<div class=\"wpb_text_column\">\n<p>JDA\/SFAI<\/p>\n<\/div>\n<\/div>\n","protected":false},"excerpt":{"rendered":"<p>\u00a0 D&#8217;acord amb la Llei de l&#8217;IVA, no s&#8217;inclouran en la contraprestaci\u00f3 els interessos per l&#8217;ajornament en el pagament del preu en la part en qu\u00e8 aquest ajornament correspongui a un per\u00edode posterior al lliurament dels b\u00e9ns o la prestaci\u00f3 dels serveis. Es pot donar el cas que en el desenvolupament d&#8217;una activitat econ\u00f2mica i<\/p>\n","protected":false},"author":50,"featured_media":32394,"comment_status":"open","ping_status":"open","sticky":false,"template":"","format":"standard","meta":{"rs_blank_template":"","rs_page_bg_color":"","slide_template_v7":"","footnotes":""},"categories":[827,833,794,785,791],"tags":[],"class_list":["post-32414","post","type-post","status-publish","format-standard","has-post-thumbnail","hentry","category-contabilitat","category-economia-ca","category-emprenedors","category-empreses","category-fiscal-ca"],"_links":{"self":[{"href":"https:\/\/www.jda.es\/ca\/wp-json\/wp\/v2\/posts\/32414","targetHints":{"allow":["GET"]}}],"collection":[{"href":"https:\/\/www.jda.es\/ca\/wp-json\/wp\/v2\/posts"}],"about":[{"href":"https:\/\/www.jda.es\/ca\/wp-json\/wp\/v2\/types\/post"}],"author":[{"embeddable":true,"href":"https:\/\/www.jda.es\/ca\/wp-json\/wp\/v2\/users\/50"}],"replies":[{"embeddable":true,"href":"https:\/\/www.jda.es\/ca\/wp-json\/wp\/v2\/comments?post=32414"}],"version-history":[{"count":0,"href":"https:\/\/www.jda.es\/ca\/wp-json\/wp\/v2\/posts\/32414\/revisions"}],"wp:featuredmedia":[{"embeddable":true,"href":"https:\/\/www.jda.es\/ca\/wp-json\/wp\/v2\/media\/32394"}],"wp:attachment":[{"href":"https:\/\/www.jda.es\/ca\/wp-json\/wp\/v2\/media?parent=32414"}],"wp:term":[{"taxonomy":"category","embeddable":true,"href":"https:\/\/www.jda.es\/ca\/wp-json\/wp\/v2\/categories?post=32414"},{"taxonomy":"post_tag","embeddable":true,"href":"https:\/\/www.jda.es\/ca\/wp-json\/wp\/v2\/tags?post=32414"}],"curies":[{"name":"wp","href":"https:\/\/api.w.org\/{rel}","templated":true}]}}