{"id":32385,"date":"2023-11-15T17:13:06","date_gmt":"2023-11-15T16:13:06","guid":{"rendered":"https:\/\/www.jda.es\/?p=32385"},"modified":"2023-11-15T17:13:07","modified_gmt":"2023-11-15T16:13:07","slug":"un-pas-cap-endavant-en-la-regulacio-de-la-intelligencia-artificial","status":"publish","type":"post","link":"https:\/\/www.jda.es\/ca\/un-pas-cap-endavant-en-la-regulacio-de-la-intelligencia-artificial\/","title":{"rendered":"Un pas cap endavant en la regulaci\u00f3 de la intel\u00b7lig\u00e8ncia artificial"},"content":{"rendered":"\n<div class=\"summary\">\n<p>Al BOE del dia 9 de novembre, s&#8217;ha publicat el Reial decret 817\/2023 que posa en marxa l&#8217;entorn controlat de proves (&#8220;sandbox&#8221;) del Reglament europeu d&#8217;intel\u00b7lig\u00e8ncia artificial<\/p>\n<\/div>\n<div class=\"content\">\n<p>L&#8217;informem que al BOE del dia 9 de novembre, s&#8217;ha publicat el Reial decret 817\/2023 pel qual s&#8217;habilita al Ministeri d&#8217;Assumptes Econ\u00f2mics i Transformaci\u00f3 Digital, a trav\u00e9s de la seva Secretaria d&#8217;Estat de Digitalitzaci\u00f3 i Intel\u00b7lig\u00e8ncia Artificial,\u00a0<strong>a obrir la convocat\u00f2ria a empreses per a participar en l&#8217;entorn controlat de proves -sandbox- del Reglament europeu d&#8217;intel\u00b7lig\u00e8ncia artificial<\/strong>.<\/p>\n<p>Cal tenir en compte que actualment el Parlament i Consell europeus estan elaborant un reglament d&#8217;intel\u00b7lig\u00e8ncia artificial.<\/p>\n<p>En aquest context, el Govern d&#8217;Espanya, amb la col\u00b7laboraci\u00f3 de la Comissi\u00f3 Europea, ha posat en marxa el primer entorn controlat de proves per a comprovar la manera d&#8217;implementar els requisits aplicables als sistemes d&#8217;intel\u00b7lig\u00e8ncia artificial (IA) d&#8217;alt risc de la proposta de Reglament europeu d&#8217;intel\u00b7lig\u00e8ncia artificial.<\/p>\n<p><strong>Objectiu i entrada en vigor<\/strong><\/p>\n<p>La norma t\u00e9 per objecte establir un entorn controlat de proves per a assajar el compliment d&#8217;uns certs requisits per part d&#8217;alguns sistemes d&#8217;intel\u00b7lig\u00e8ncia artificial (IA) que puguin suposar riscos per a la seguretat, la salut i els drets fonamentals de les persones. Aix\u00ed mateix, es regula el procediment de selecci\u00f3 dels sistemes i entitats que participaran en l&#8217;entorn controlat de proves<\/p>\n<p>L&#8217;entorn de proves possibilita la cooperaci\u00f3 entre els usuaris i els prove\u00efdors d&#8217;IA. A m\u00e9s, pret\u00e9n acostar a les autoritats competents les empreses desenvolupadores d&#8217;IA.<\/p>\n<p>L&#8217;objectiu de la norma ser\u00e0 anticipar-se a les exig\u00e8ncies que previsiblement incorporar\u00e0 el reglament europeu d&#8217;IA, amb la finalitat que, sense necessitat d&#8217;esperar al fet que aquest s&#8217;aprovi, prove\u00efdors, usuaris i autoritats comencin a analitzar i a posar en pr\u00e0ctica els requisits reguladors que s&#8217;espera que introdueixi. De fet, la norma preveu que aquest Reial decret\u00a0<strong>tindr\u00e0 una vig\u00e8ncia de m\u00e0xim 36 mesos<\/strong>\u00a0des de la seva entrada en vigor (10 de novembre de 2023) o, si \u00e9s el cas, fins que sigui aplicable en el Regne d&#8217;Espanya el reglament del Parlament Europeu i del Consell pel qual s&#8217;estableixen normes harmonitzades en mat\u00e8ria d&#8217;IA.<\/p>\n<p><strong>\u00c0mbit d&#8217;aplicaci\u00f3<\/strong><\/p>\n<p>La norma \u00e9s aplicable:<\/p>\n<ul>\n<li>A les\u00a0<em>administracions p\u00fabliques i entitats del sector p\u00fablic institucional.<\/em><\/li>\n<li>A\u00a0<em>entitats privades<\/em>\u00a0seleccionades en l&#8217;entorn controlat de proves d&#8217;intel\u00b7lig\u00e8ncia artificial.<\/li>\n<\/ul>\n<p><strong>Definicions<\/strong><\/p>\n<p>En la norma es regulen les definicions, entre les quals podem destacar:<\/p>\n<p><strong>1)Sistema d&#8217;intel\u00b7lig\u00e8ncia artificial\u00bb<\/strong>: sistema dissenyat per a funcionar amb un cert nivell d&#8217;autonomia i que, basant-se en dades d&#8217;entrades proporcionades per m\u00e0quines o per persones, infereix com aconseguir un conjunt d&#8217;objectius establerts utilitzant estrat\u00e8gies d&#8217;aprenentatge autom\u00e0tic o basades en la l\u00f2gica i el coneixement, i genera informaci\u00f3 de sortida, com a continguts (sistemes d&#8217;intel\u00b7lig\u00e8ncia artificial generatius), prediccions, recomanacions o decisions, que influeixin en els entorns amb els quals interactua.<\/p>\n<p><strong>2)\u00abSistema d&#8217;intel\u00b7lig\u00e8ncia artificial d&#8217;alt risc\u00bb<\/strong>: sistema d&#8217;intel\u00b7lig\u00e8ncia artificial que compleixi algun dels seg\u00fcents sup\u00f2sits:<\/p>\n<ul>\n<li>Un sistema d&#8217;intel\u00b7lig\u00e8ncia artificial que constitueixi un producte regulat per la legislaci\u00f3 d&#8217;harmonitzaci\u00f3 de la Uni\u00f3 especificada en l&#8217;annex VII del present reial decret es considerar\u00e0 d&#8217;alt risc si ha de sotmetre&#8217;s a una avaluaci\u00f3 de la conformitat per un tercer amb vista a la introducci\u00f3 en el mercat o posada en servei d&#8217;aquest producte conformement a la legislaci\u00f3 esmentada.<\/li>\n<li>Un sistema d&#8217;intel\u00b7lig\u00e8ncia artificial que s&#8217;hagi de fer servir com un component que compleix una funci\u00f3 de seguretat i que la seva fallada o el defecte de funcionament posa en perill la salut i la seguretat de les persones o els b\u00e9ns en un producte regulat per una norma harmonitzada de la Uni\u00f3 Europea, si ha de sotmetre&#8217;s a una avaluaci\u00f3 de conformitat per part d&#8217;un tercer amb vista a la introducci\u00f3 en el mercat o posada en servei d&#8217;aquest producte conformement a la legislaci\u00f3 d&#8217;harmonitzaci\u00f3 aplicable. Aquest sup\u00f2sit ser\u00e0 aplicable, encara que el sistema d&#8217;intel\u00b7lig\u00e8ncia artificial es comercialitzi o es posi en servei independentment del producte.<\/li>\n<li>Sistemes d&#8217;intel\u00b7lig\u00e8ncia artificial esmentats en l&#8217;annex II, sempre que la resposta del sistema sigui rellevant respecte a l&#8217;acci\u00f3 o decisi\u00f3 a prendre, i pugui, per tant, provocar un risc significatiu per a la salut, els drets de les persones treballadores en l&#8217;\u00e0mbit laboral o la seguretat o els drets fonamentals.<\/li>\n<\/ul>\n<p><strong>3)<\/strong>\u00a0<strong>\u00abSistema d&#8217;intel\u00b7lig\u00e8ncia artificial de prop\u00f2sit general\u00bb<\/strong>: sistema d&#8217;intel\u00b7lig\u00e8ncia artificial que, independentment de la modalitat en la qual es comercialitzi o es posi en servei, fins i tot com a programari de codi obert, est\u00e0 destinat pel prove\u00efdor del sistema a realitzar funcions d&#8217;aplicaci\u00f3 general, com el reconeixement de text, imatges i de la parla; la generaci\u00f3 de textos, \u00e0udios, imatges o v\u00eddeos; detecci\u00f3 de patrons; resposta a preguntes; traducci\u00f3 i altres.<\/p>\n<p><strong>4)<\/strong>\u00a0<strong>\u00abModel fundacional\u00bb<\/strong>: \u00e9s un model d&#8217;intel\u00b7lig\u00e8ncia artificial entrenat en una gran quantitat de dades no etiquetades a escala (generalment mitjan\u00e7ant aprenentatge autosupervisat o amb recopilaci\u00f3 autom\u00e0tica de contingut i dades a trav\u00e9s d&#8217;internet mitjan\u00e7ant programes inform\u00e0tics) que dona com a resultat un model que es pot adaptar a una \u00e0mplia gamma de tasques posteriors.<\/p>\n<p><strong>5)<\/strong>\u00a0<strong>\u00abProve\u00efdor de sistemes d&#8217;intel\u00b7lig\u00e8ncia artificial\u00bb, d&#8217;ara endavant \u00abProve\u00efdor IA\u00bb<\/strong>: tota persona jur\u00eddica privada, entitat del sector p\u00fablic a Espanya, o organisme d&#8217;una altra \u00edndole, que ha desenvolupat o per a qui s&#8217;ha desenvolupat un sistema d&#8217;intel\u00b7lig\u00e8ncia artificial, i que l&#8217;introdueix en el mercat o el posa en servei sota el seu propi nom o marca comercial, sigui de manera onerosa o gratu\u00efta. El prove\u00efdor IA ser\u00e0 designat de les formes indicades a continuaci\u00f3 segons la fase del proc\u00e9s en la qual es trobi.<\/p>\n<ul>\n<li>\u00abProve\u00efdor IA sol\u00b7licitant\u00bb: prove\u00efdor IA que ha sol\u00b7licitat l&#8217;admissi\u00f3 en l&#8217;entorn controlat de proves.<\/li>\n<li>\u00abProve\u00efdor IA participant\u00bb: prove\u00efdor IA que ha estat adm\u00e8s en l&#8217;entorn controlat de proves.<\/li>\n<\/ul>\n<p><strong>6) \u00abUsuari\u00bb<\/strong>: les persones jur\u00eddiques privades o les administracions p\u00fabliques i entitats del sector p\u00fablic institucional a Espanya sota l&#8217;autoritat del qual s&#8217;utilitzi un sistema d&#8217;intel\u00b7lig\u00e8ncia artificial. L&#8217;usuari ser\u00e0 designat de les formes indicades a continuaci\u00f3 segons la fase del proc\u00e9s en qu\u00e8 es trobi.<\/p>\n<ul>\n<li>\u00abUsuari sol\u00b7licitant\u00bb: usuari del sistema d&#8217;intel\u00b7lig\u00e8ncia artificial que ha sol\u00b7licitat la seva admissi\u00f3 en l&#8217;entorn controlat de proves.<\/li>\n<li>\u00abUsuari participant\u00bb: usuari del sistema d&#8217;intel\u00b7lig\u00e8ncia artificial que ha estat adm\u00e8s en l&#8217;entorn controlat de proves i que participa juntament amb el prove\u00efdor IA en aquest entorn.<\/li>\n<\/ul>\n<p><strong>7) \u00abAutoavaluaci\u00f3 d&#8217;acompliment\u00bb:\u00a0<\/strong>procediment de verificaci\u00f3 de l&#8217;acompliment dels requisits, del sistema de gesti\u00f3 de la qualitat, de la documentaci\u00f3 t\u00e8cnica i del pla de seguiment posterior a la comercialitzaci\u00f3, tots ells detallats en aquest reial decret, realitzats pel prove\u00efdor IA i si \u00e9s el cas, per l&#8217;usuari, i que pot servir com a refer\u00e8ncia per a l&#8217;avaluaci\u00f3 de conformitat que defineix la proposta del reglament europeu pel qual s&#8217;estableixen normes harmonitzades en mat\u00e8ria d&#8217;intel\u00b7lig\u00e8ncia artificial. L&#8217;autoavaluaci\u00f3 d&#8217;acompliment se circumscriu a l&#8217;\u00e0mbit d&#8217;aquest entorn, sense que suposi l&#8217;equiparaci\u00f3 a la superaci\u00f3 d&#8217;avaluacions de conformitat exigides en altres legislacions espec\u00edfiques, en particular en la proposta del Reglament europeu d&#8217;intel\u00b7lig\u00e8ncia artificial.<\/p>\n<p><strong>8)<\/strong>\u00a0<strong>\u00abComercialitzaci\u00f3\u00bb:\u00a0<\/strong>tot subministrament d&#8217;un sistema d&#8217;intel\u00b7lig\u00e8ncia artificial per a la seva distribuci\u00f3 o utilitzaci\u00f3 en el mercat de la Uni\u00f3 Europea en el transcurs d&#8217;una activitat comercial, tant si es produeix el subministrament de manera onerosa o com gratu\u00efta.<\/p>\n<p><strong>Requisits d&#8217;elegibilitat per a la participaci\u00f3 en l&#8217;entorn<\/strong><\/p>\n<p>La norma estableix que la participaci\u00f3 en l&#8217;entorn controlat de proves est\u00e0 oberta a aquells prove\u00efdors IA i usuaris residents a Espanya o que tinguin un establiment permanent a Espanya, o b\u00e9, siguin part d&#8217;una agrupaci\u00f3 d&#8217;entitats, on el representant de l&#8217;agrupaci\u00f3 o apoderat \u00fanic sent-ne integrant, sigui l&#8217;entitat sol\u00b7licitant i que el domicili o l&#8217;establiment principal es trobi necess\u00e0riament en territori espanyol.<\/p>\n<ul>\n<li><strong>Atenci\u00f3.<\/strong>\u00a0Podran accedir a aquest entorn, en qualitat d&#8217;usuari participant, les persones jur\u00eddiques privades i administracions p\u00fabliques i entitats del sector p\u00fablic institucional que facin \u00fas d&#8217;un sistema d&#8217;intel\u00b7lig\u00e8ncia artificial d&#8217;alt risc, sistemes de prop\u00f2sit general, o models fundacionals, sempre que el corresponent prove\u00efdor IA accedeixi conjuntament a l&#8217;entorn amb l&#8217;usuari participant.<\/li>\n<\/ul>\n<p>El prove\u00efdor IA sol\u00b7licitant podr\u00e0 presentar una o diverses propostes de sistema d&#8217;intel\u00b7lig\u00e8ncia artificial d&#8217;alt risc, de prop\u00f2sit general, o model fundacional. Aquests sistemes podran ser nous desenvolupaments o sistemes ja establerts. Alhora, aquests sistemes d&#8217;intel\u00b7lig\u00e8ncia artificial han d&#8217;haver assolit un nivell de desenvolupament prou avan\u00e7at per a poder-se comercialitzar o posar-se en servei dins del marc temporal de l&#8217;entorn controlat de proves o a la seva finalitzaci\u00f3. La sol\u00b7licitud es rebutjar\u00e0 si el sistema d&#8217;intel\u00b7lig\u00e8ncia artificial proposat no est\u00e0 prou madur.<\/p>\n<p>Si \u00e9s el cas, per a aquells sistemes d&#8217;intel\u00b7lig\u00e8ncia artificial que facin \u00fas o tractament de dades personals hauran de complir la normativa de protecci\u00f3 de dades.<\/p>\n<p><strong>Exclusions<\/strong><\/p>\n<p>Els sistemes d&#8217;intel\u00b7lig\u00e8ncia artificial suggerits pels prove\u00efdors IA sol\u00b7licitants\u00a0<strong>no podran estar inclosos en els seg\u00fcents sup\u00f2sits<\/strong>:<\/p>\n<ul>\n<li>Sistemes d&#8217;intel\u00b7lig\u00e8ncia artificial comercialitzats o posats en servei per a activitats militars, de defensa o seguretat nacional, sigui quina sigui l&#8217;entitat que desenvolupi aquestes activitats.<\/li>\n<li>Sistemes d&#8217;intel\u00b7lig\u00e8ncia artificial que se serveixin de t\u00e8cniques subliminals que transcendeixin la consci\u00e8ncia d&#8217;una persona amb l&#8217;objectiu o l&#8217;efecte d&#8217;alterar efectivament el seu comportament d&#8217;una forma que provoqui o pugui provocar, amb probabilitat raonable, perjudicis f\u00edsics o psicol\u00f2gics a aquesta persona o a una altra.<\/li>\n<li>Sistemes d&#8217;intel\u00b7lig\u00e8ncia artificial que aprofitin alguna de les vulnerabilitats d&#8217;un grup espec\u00edfic de persones a causa de la seva edat o discapacitat o una situaci\u00f3 social o econ\u00f2mica espec\u00edfica amb l&#8217;objectiu o l&#8217;efecte d&#8217;alterar efectivament el comportament d&#8217;una persona d&#8217;aquest grup d&#8217;una forma que provoqui o pugui provocar, amb probabilitat raonable, perjudicis f\u00edsics o psicol\u00f2gics a aquesta persona o a una altra.<\/li>\n<li>Sistemes d&#8217;intel\u00b7lig\u00e8ncia artificial que tinguin la fi d&#8217;avaluar o classificar persones f\u00edsiques durant un per\u00edode determinat de temps atenent la seva conducta social o a caracter\u00edstiques personals o de la seva personalitat conegudes o predites, de manera que la classificaci\u00f3 social resultant provoqui una o diverses de les situacions seg\u00fcents:<\/li>\n<\/ul>\n<ol>\n<li>Un tracte perjudicial o desfavorable cap a determinades persones f\u00edsiques o col\u00b7lectius en contextos socials que no tinguin relaci\u00f3 amb els contextos on es van generar o van recaptar les dades originalment.<\/li>\n<li>Un tracte perjudicial o desfavorable cap a determinades persones f\u00edsiques o col\u00b7lectius que sigui injustificat o desproporcionat respecte al seu comportament social o la gravetat d&#8217;aquest.<\/li>\n<\/ol>\n<ul>\n<li>Sistemes d&#8217;identificaci\u00f3 biom\u00e8trica remota \u00aben temps real\u00bb per al seu \u00fas en espais d&#8217;acc\u00e9s p\u00fablic amb finalitats d&#8217;aplicaci\u00f3 de la llei, excepte i en la mesura en qu\u00e8 aquest \u00fas sigui estrictament necessari per a aconseguir un o diversos dels objectius seg\u00fcents:<\/li>\n<\/ul>\n<ol>\n<li>La cerca selectiva de possibles v\u00edctimes concretes d&#8217;un delicte, inclosos menors desapareguts.<\/li>\n<li>La prevenci\u00f3 d&#8217;una amena\u00e7a espec\u00edfica, important i imminent per a la vida o la seguretat f\u00edsica de les persones f\u00edsiques, per a infraestructures cr\u00edtiques, o un atemptat terrorista.<\/li>\n<li>La detenci\u00f3, la localitzaci\u00f3, la identificaci\u00f3 o l&#8217;enjudiciament de la persona que ha com\u00e8s o se sospita que ha com\u00e8s algun dels delictes esmentats en l&#8217;article 2, apartat 2, de la Decisi\u00f3 marc 584\/2002\/JAI del Consell, per al qual la normativa en vigor en l&#8217;Estat membre implicat imposi una pena o una mesura de seguretat privatives de llibertat la durada m\u00e0xima de la qual sigui almenys tres anys, segons determini el Dret d&#8217;aquest Estat membre.<\/li>\n<\/ol>\n<p><strong>Informe i procediment<\/strong><\/p>\n<p>Pr\u00e8via a la finalitzaci\u00f3, tant dels prove\u00efdors IA participants com dels usuaris participants, lliuraran un informe a la Subdirecci\u00f3 General d&#8217;Intel\u00b7lig\u00e8ncia Artificial i Tecnologies Habilitadores Digitals.<\/p>\n<p>El contingut de l&#8217;informe anterior s&#8217;indicar\u00e0 en les guies que ofereixi l&#8217;\u00f2rgan competent. Les entitats que hagin completat les fases de l&#8217;entorn controlat de proves rebran un document acreditatiu de la seva participaci\u00f3 en el mateix juntament amb un informe de valoraci\u00f3 dels resultats obtinguts.<\/p>\n<p>L&#8217;\u00f2rgan competent podr\u00e0 obrir noves convocat\u00f2ries en el futur.<\/p>\n<p>Quan l&#8217;\u00f2rgan competent consideri que l&#8217;entorn controlat de proves ha complert amb l&#8217;objecte indicat en el present reial decret podr\u00e0 determinar-ne la finalitzaci\u00f3 i emetr\u00e0 un comunicat p\u00fablic a aquest efecte en el portal web de l&#8217;\u00f2rgan competent.<\/p>\n<p>El prove\u00efdor IA i, si \u00e9s el cas, l&#8217;usuari, podran sol\u00b7licitar, mitjan\u00e7ant comunicaci\u00f3 a l&#8217;\u00f2rgan competent a trav\u00e9s del canal especificat en l&#8217;article 20.3 del present reial decret, la retirada volunt\u00e0ria de l&#8217;entorn controlat de proves per motius justificats.<\/p>\n<p>Una vegada instru\u00eft el procediment, l&#8217;\u00f2rgan competent resoldr\u00e0 la sol\u00b7licitud de sortida volunt\u00e0ria de forma motivada en el termini m\u00e0xim de quinze dies h\u00e0bils. Aquesta resoluci\u00f3 posa fi a la via administrativa i el sentit del silenci administratiu ser\u00e0 positiu.<\/p>\n<p>En el cas que el prove\u00efdor IA participant o, si \u00e9s el cas, l&#8217;usuari participant es retiri de l&#8217;entorn controlat de proves, haur\u00e0 de mantenir el deure de confidencialitat en els termes previstos en la resoluci\u00f3 d&#8217;admissi\u00f3.<\/p>\n<p>Aix\u00ed mateix, la sortida tant d&#8217;un prove\u00efdor IA participant com d&#8217;un usuari participant no generar\u00e0 en cap cas dret d&#8217;indemnitzaci\u00f3 ni cap compensaci\u00f3 per part de l&#8217;\u00f2rgan competent.<\/p>\n<p>L&#8217;\u00f2rgan competent, si aix\u00ed ho considera convenient per al resultat de l&#8217;entorn, podr\u00e0 cobrir la posici\u00f3 alliberada per la retirada volunt\u00e0ria amb la seg\u00fcent entitat que hagu\u00e9s sol\u00b7licitat la participaci\u00f3 d&#8217;acord amb el que es disposa en la convocat\u00f2ria.<\/p>\n<p>Es podr\u00e0 declarar la finalitzaci\u00f3 anticipada de les proves en l&#8217;entorn de manera individualitzada, donant per finalitzada l&#8217;experi\u00e8ncia sense \u00e8xit per a aquest prove\u00efdor IA participant o, si \u00e9s el cas, usuari participant, mitjan\u00e7ant resoluci\u00f3 motivada de l&#8217;\u00f2rgan competent d&#8217;acord amb la concurr\u00e8ncia d&#8217;alguna de les seg\u00fcents circumst\u00e0ncies:<\/p>\n<ul>\n<li>S&#8217;ha produ\u00eft un incompliment del r\u00e8gim jur\u00eddic en la convocat\u00f2ria o en la resoluci\u00f3 d&#8217;admissi\u00f3.<\/li>\n<li>S&#8217;ha cessat en el compliment d&#8217;algun dels requisits inicials per a l&#8217;elegibilitat per a la participaci\u00f3 en l&#8217;entorn controlat de proves.<\/li>\n<li>S&#8217;ha produ\u00eft un incompliment del deure de facilitar informaci\u00f3 requerida en el marc de seguiment establert per l&#8217;\u00f2rgan competent.<\/li>\n<li>S&#8217;han produ\u00eft incidents greus o errors de funcionament en els sistemes d&#8217;intel\u00b7lig\u00e8ncia artificial.<\/li>\n<li>S&#8217;ha identificat un risc no previst en la mem\u00f2ria t\u00e8cnica.<\/li>\n<li>L&#8217;entitat no aporta els recursos necessaris per a implantaci\u00f3 dels requisits acordats en el pla d&#8217;implantaci\u00f3.<\/li>\n<li>L&#8217;entitat no compleix amb les accions necess\u00e0ries per a superar la declaraci\u00f3 de compliment.<\/li>\n<li>Qualsevol altra circumst\u00e0ncia que es prevei\u00e9s en la convocat\u00f2ria.<\/li>\n<\/ul>\n<p>Una vegada s&#8217;ha identificat alguna de les circumst\u00e0ncies anteriors, l&#8217;\u00f2rgan competent, pr\u00e8via audi\u00e8ncia amb els participants resoldr\u00e0 de forma motivada en el termini m\u00e0xim de quinze dies h\u00e0bils. Aquesta resoluci\u00f3 posa fi a la via administrativa.<\/p>\n<p>Addicionalment, als casos indicats, tamb\u00e9 es declarar\u00e0 la finalitzaci\u00f3 anticipada de l&#8217;experi\u00e8ncia en el cas que el prove\u00efdor IA no dugu\u00e9s a terme les actuacions que li permetin donar compliment als requisits, descrits en l&#8217;article 11 del present reial decret, en el termini establert en la convocat\u00f2ria, deixant de formar part de l&#8217;entorn controlat de proves previ l&#8217;oport\u00fa procediment.<\/p>\n<p>En el cas que el prove\u00efdor IA participant fos obligat a abandonar l&#8217;experi\u00e8ncia tamb\u00e9 ho hauria de fer, en el cas que particip\u00e9s, l&#8217;usuari del sistema d&#8217;intel\u00b7lig\u00e8ncia artificial.<\/p>\n<p>La finalitzaci\u00f3 anticipada de l&#8217;entorn controlat de proves no donar\u00e0 lloc a cap indemnitzaci\u00f3 per part de l&#8217;\u00f2rgan competent.<\/p>\n<p>L&#8217;\u00f2rgan competent, si aix\u00ed ho considera convenient per al resultat de l&#8217;entorn, podr\u00e0 cobrir mitjan\u00e7ant resoluci\u00f3 la posici\u00f3 alliberada per la finalitzaci\u00f3 anticipada de les proves amb la seg\u00fcent entitat que hagu\u00e9s sol\u00b7licitat la participaci\u00f3 d&#8217;acord amb el que es disposa en la convocat\u00f2ria.<\/p>\n<\/div>\n<p>\u00a0<\/p>\n<p>Consulteu els nostres serveis fiscals, laborals i legals\u00a0<a href=\"https:\/\/www.jda.es\/servicios\/\">aqu\u00ed<\/a>.<\/p>\n<div class=\"wpb_text_column\">\n<div class=\"wpb_text_column\">\n<p>JDA\/SFAI<\/p>\n<\/div>\n<\/div>\n","protected":false},"excerpt":{"rendered":"<p>Al BOE del dia 9 de novembre, s&#8217;ha publicat el Reial decret 817\/2023 que posa en marxa l&#8217;entorn controlat de proves (&#8220;sandbox&#8221;) del Reglament europeu d&#8217;intel\u00b7lig\u00e8ncia artificial L&#8217;informem que al BOE del dia 9 de novembre, s&#8217;ha publicat el Reial decret 817\/2023 pel qual s&#8217;habilita al Ministeri d&#8217;Assumptes Econ\u00f2mics i Transformaci\u00f3 Digital, a trav\u00e9s de<\/p>\n","protected":false},"author":50,"featured_media":32386,"comment_status":"open","ping_status":"open","sticky":false,"template":"","format":"standard","meta":{"rs_blank_template":"","rs_page_bg_color":"","slide_template_v7":"","footnotes":""},"categories":[833,794,785,766],"tags":[],"class_list":["post-32385","post","type-post","status-publish","format-standard","has-post-thumbnail","hentry","category-economia-ca","category-emprenedors","category-empreses","category-legal-ca"],"_links":{"self":[{"href":"https:\/\/www.jda.es\/ca\/wp-json\/wp\/v2\/posts\/32385","targetHints":{"allow":["GET"]}}],"collection":[{"href":"https:\/\/www.jda.es\/ca\/wp-json\/wp\/v2\/posts"}],"about":[{"href":"https:\/\/www.jda.es\/ca\/wp-json\/wp\/v2\/types\/post"}],"author":[{"embeddable":true,"href":"https:\/\/www.jda.es\/ca\/wp-json\/wp\/v2\/users\/50"}],"replies":[{"embeddable":true,"href":"https:\/\/www.jda.es\/ca\/wp-json\/wp\/v2\/comments?post=32385"}],"version-history":[{"count":0,"href":"https:\/\/www.jda.es\/ca\/wp-json\/wp\/v2\/posts\/32385\/revisions"}],"wp:featuredmedia":[{"embeddable":true,"href":"https:\/\/www.jda.es\/ca\/wp-json\/wp\/v2\/media\/32386"}],"wp:attachment":[{"href":"https:\/\/www.jda.es\/ca\/wp-json\/wp\/v2\/media?parent=32385"}],"wp:term":[{"taxonomy":"category","embeddable":true,"href":"https:\/\/www.jda.es\/ca\/wp-json\/wp\/v2\/categories?post=32385"},{"taxonomy":"post_tag","embeddable":true,"href":"https:\/\/www.jda.es\/ca\/wp-json\/wp\/v2\/tags?post=32385"}],"curies":[{"name":"wp","href":"https:\/\/api.w.org\/{rel}","templated":true}]}}