{"id":24174,"date":"2023-06-07T13:41:06","date_gmt":"2023-06-07T11:41:06","guid":{"rendered":"http:\/\/fwcpfcf.cluster026.hosting.ovh.net\/?p=24174"},"modified":"2023-06-07T13:41:06","modified_gmt":"2023-06-07T11:41:06","slug":"es-aconsellable-impugnar-les-declaracions-de-limpost-sobre-el-patrimoni-dels-exercicis-2021-i-2022-en-vista-del-recurs-dinconstitucionalitat-en-tramit","status":"publish","type":"post","link":"https:\/\/www.jda.es\/ca\/es-aconsellable-impugnar-les-declaracions-de-limpost-sobre-el-patrimoni-dels-exercicis-2021-i-2022-en-vista-del-recurs-dinconstitucionalitat-en-tramit\/","title":{"rendered":"\u00c9s aconsellable impugnar les declaracions de l&#8217;impost sobre el patrimoni dels exercicis 2021 i 2022 en vista del recurs d&#8217;inconstitucionalitat en tr\u00e0mit?"},"content":{"rendered":"<div class=\"summary\">\n<p>L&#8217;abril de 2021, el Tribunal Constitucional va admetre a tr\u00e0mit el recurs d&#8217;inconstitucionalitat interposat pel Grup Parlamentari Popular contra la regulaci\u00f3 de l&#8217;impost sobre el patrimoni introdu\u00efda en la Llei de pressupostos generals de l&#8217;Estat per al 2021. Aquest fet ha obert el debat sobre quina \u00e9s la situaci\u00f3 en la qual es trobarien els contribuents d&#8217;aquest impost a partir de l&#8217;exercici 2021 i seg\u00fcents en cas de prosperar el recurs esmentat.<\/p>\n<\/div>\n<div class=\"content\">\n<p>Volem informar-los que l&#8217;abril de 2021, el Tribunal Constitucional (TC) va admetre a tr\u00e0mit el recurs d&#8217;inconstitucionalitat interposat pel Grup Parlamentari Popular contra la regulaci\u00f3 de l&#8217;impost sobre el patrimoni (IP) introdu\u00efda en la Llei de pressupostos generals de l&#8217;Estat per al 2021. Aquest fet ha obert el debat sobre quina \u00e9s la situaci\u00f3 en la qual es trobarien els contribuents d&#8217;aquest impost a partir de l&#8217;exercici 2021 i seg\u00fcents en cas de prosperar el recurs esmentat.<\/p>\n<p>Com ja sap, l&#8217;IP s&#8217;aplica individualment, no sobre ingressos anuals o transaccions, sin\u00f3 sobre el patrimoni personal de les persones f\u00edsiques, i el seu fet imposable es computa basant-se en el valor global de tots els b\u00e9ns que integren el patrimoni del subjecte passiu sense distingir per ra\u00f3 de la seva peculiar naturalesa econ\u00f2mica.<\/p>\n<p>Si b\u00e9 \u00e9s cert que la fortuna o el patrimoni net d&#8217;un individu pot indicar el seu grau de consum de l&#8217;estat de dret en qualitat de beneficiari directe d&#8217;una infraestructura sustentada per tots els contribuents, no \u00e9s menys cert que estem davant un impost anacr\u00f2nic en vies d&#8217;extinci\u00f3, ja que no deixa de grava b\u00e9ns i capitals pels quals ja es van satisfer impostos en el moment de la seva adquisici\u00f3.<\/p>\n<p>L&#8217;impost va n\u00e9ixer en 1977 amb car\u00e0cter temporal sota el pretext de complementar dades patrimonials dels contribuents en l&#8217;impost sobre la renda, per\u00f2 com \u00e9s habitual, l&#8217;excepcional i intempestiu va acabar establint bases en el sistema tributari espanyol, i amb els seus partidaris i detractors, la Llei org\u00e0nica 8\/1980, de finan\u00e7ament de les comunitats aut\u00f2nomes (LOFCA) va acabar cedint el seu rendiment \u00edntegre a les comunitats aut\u00f2nomes, afectant avui m\u00e9s de 200.000 contribuents en funci\u00f3 del valor de la totalitat dels seus b\u00e9ns en finalitzar l&#8217;any natural.<\/p>\n<p>Amb els anys es va establir una aplicaci\u00f3 d&#8217;una bonificaci\u00f3 general del 100%, per a posteriorment ressorgir amb el RDL 13\/2011 que va restablir la seva aplicaci\u00f3 temporal per als exercicis 2011 i 2012, prorrogant-se anualment fins que la Llei 11\/2020 de pressupostos generals de l&#8217;Estat del 2021 (LPGE 2021) va recon\u00e8ixer irrevocablement el seu car\u00e0cter indefinit en l&#8217;article 66 que va modificar l&#8217;article 30 de la Llei 19\/1991 que regula l&#8217;impost sobre el patrimoni (LIP).<\/p>\n<p><strong>RECURS D&#8217;INCONSTITUCIONALITAT<\/strong><\/p>\n<p>El Grup Parlamentari Popular va presentar recurs d&#8217;inconstitucionalitat contra el referit article 66 LPGE per al 2021, recorrent davant el Tribunal Constitucional (TC) la disposici\u00f3 derogat\u00f2ria primera de la Llei de pressupostos, per la qual es deroga l&#8217;apartat segon de l&#8217;article \u00fanic del Reial decret llei 13\/2011, de 16 de setembre, pel qual es restableix l&#8217;IP amb car\u00e0cter temporal.<\/p>\n<p>Conv\u00e9 significar que la Llei de PGE per a 2021 va introduir dues modificacions molt rellevants en la LIP, a trav\u00e9s de la modificaci\u00f3 de l&#8217;article 30. Concretament, l&#8217;increment del tipus marginal m\u00e0xim del referit impost, passant del 2,5% al 3,5%; i la conversi\u00f3 amb car\u00e0cter indefinit de l&#8217;impost sobre el patrimoni, fins ara definit com a temporal des del seu restabliment en 2011.<\/p>\n<p>Aquest augment en l&#8217;escala a un tipus m\u00e0xim del 3,5%, pot superar amb escreix els tipus d&#8217;inter\u00e8s de mercat, i fa que en alguns casos i tenint en compte la incapacitat de generar rendiments d&#8217;uns certs patrimonis, s&#8217;hagi d&#8217;abonar un impost que redunda incongruentment en la reducci\u00f3 del patrimoni personal, i amb aix\u00f2 es pot vulnerar l&#8217;article 31 de la Constituci\u00f3 del principi desideratiu de capacitat econ\u00f2mica, at\u00e8s que sotmet a gravamen una riquesa irreal, inexistent o fict\u00edcia.<\/p>\n<p>Aix\u00ed mateix, el Grup Popular va assenyalar com a causa d&#8217;oposici\u00f3 que la Llei de pressupostos no pot crear impostos per ci\u00e8ncia infusa, circumst\u00e0ncia que s&#8217;ent\u00e9n produ\u00efda en convertir en indefinit un impost de naturalesa temporal i que sens dubte planteja vicis de nul\u00b7litat puix que l&#8217;article 134.7 de la Constituci\u00f3, estableix que &#8220;la Llei de pressupostos no pot crear tributs, nom\u00e9s podr\u00e0 modificar-los quan una llei substantiva el prevegi&#8221;, que \u00f2bviament no \u00e9s el cas que aqu\u00ed ocupa.<\/p>\n<p>La possible declaraci\u00f3 d&#8217;inconstitucionalitat i la seva conseq\u00fcent expulsi\u00f3 de l&#8217;ordenament jur\u00eddic afectaria previsiblement les comunitats aut\u00f2nomes que no tinguessin aprovada la seva pr\u00f2pia tarifa de l&#8217;impost, aix\u00ed com als no residents que tributen aplicant la tarifa estatal.<\/p>\n<p><strong>CONSEQ\u00dc\u00c8NCIES DE LA DECLARACI\u00d3 D&#8217;INSCONTITUCIONALITAT DE L&#8217;IP. QUINES POSSIBILITATS OFEREIX AL CONTRIBUENT?<\/strong><\/p>\n<p>Per tant, si el TC declar\u00e9s inconstitucional la supressi\u00f3 definitiva de la bonificaci\u00f3 del 100% de l&#8217;impost per extralimitaci\u00f3 normativa de la LGPE,\u00a0<strong>la conseq\u00fc\u00e8ncia seria que en els anys 2021 i seg\u00fcents aquesta bonificaci\u00f3 estaria vigent i, per tant, l&#8217;Administraci\u00f3 estaria cridada indefectiblement a la devoluci\u00f3 de l&#8217;impost satisfet en aquests exercicis<\/strong>.<\/p>\n<p>Meritant l&#8217;anterior, potser procediria sense embuts i bona l\u00f2gica instar la rectificaci\u00f3 de les autoliquidacions dels exercicis ressenyats a risc d&#8217;interrompre les seves respectives prescripcions tribut\u00e0ries. No oblidem el singular criteri aplicat pel TC en la seva \u00faltima sent\u00e8ncia sobre plusv\u00e0lua municipal (STC 182\/2021) on la nul\u00b7litat dels articles de la Llei d&#8217;hisendes locals, es va limitar temporalment a aquells casos en els quals el contribuent, a la data de dictar-se la sent\u00e8ncia, hagu\u00e9s recorregut una liquidaci\u00f3 o instat una rectificaci\u00f3 de la seva autoliquidaci\u00f3.<\/p>\n<p>Si el TC mantingu\u00e9s aquest criteri per analogia, d&#8217;igual manera que en el cas anterior nom\u00e9s podran beneficiar-se de l&#8217;eventual declaraci\u00f3 d&#8217;inconstitucionalitat\u00a0<strong>aquells contribuents que haguessin impugnat dins del termini i en la forma escaient l&#8217;impost sobre patrimoni, no sent possible la seva devoluci\u00f3 en qualsevol altre cas per inc\u00f3rrer en una situaci\u00f3 consolidada<\/strong>.<\/p>\n<p>Per tot aix\u00f2, i davant una possible declaraci\u00f3 d&#8217;inconstitucionalitat de l&#8217;impost, seria convenient analitzar, en cada cas, la possibilitat d&#8217;impugnar les declaracions de l&#8217;impost sobre el patrimoni ja presentades i que no es trobin prescrites, en la mesura en qu\u00e8 es doni una possible vulneraci\u00f3 del principi de capacitat econ\u00f2mica, per al que quedem a la seva disposici\u00f3 per a valorar la possibilitat d&#8217;impugnar les liquidacions en els termes exposats davant la imminent resoluci\u00f3 del Tribunal Constitucional.<\/p>\n<p>Es poden posar en contacte amb aquest despatx professional per qualsevol dubte o aclariment que puguin tenir sobre aquesta q\u00fcesti\u00f3.<\/p>\n<\/div>\n<p>&nbsp;<\/p>\n<p>Consulteu els nostres serveis fiscals, laborals i legals\u00a0<a href=\"https:\/\/www.jda.es\/servicios\/\">aqu\u00ed<\/a>.<\/p>\n<div class=\"wpb_text_column\">\n<div class=\"wpb_text_column\">\n<p>JDA\/SFAI<\/p>\n<\/div>\n<\/div>\n","protected":false},"excerpt":{"rendered":"<p>L&#8217;abril de 2021, el Tribunal Constitucional va admetre a tr\u00e0mit el recurs d&#8217;inconstitucionalitat interposat pel Grup Parlamentari Popular contra la regulaci\u00f3 de l&#8217;impost sobre el patrimoni introdu\u00efda en la Llei de pressupostos generals de l&#8217;Estat per al 2021. Aquest fet ha obert el debat sobre quina \u00e9s la situaci\u00f3 en la qual es trobarien els<\/p>\n","protected":false},"author":50,"featured_media":24164,"comment_status":"open","ping_status":"open","sticky":false,"template":"","format":"standard","meta":{"rs_blank_template":"","rs_page_bg_color":"","slide_template_v7":"","footnotes":""},"categories":[833,794,785,791],"tags":[],"class_list":["post-24174","post","type-post","status-publish","format-standard","has-post-thumbnail","hentry","category-economia-ca","category-emprenedors","category-empreses","category-fiscal-ca"],"_links":{"self":[{"href":"https:\/\/www.jda.es\/ca\/wp-json\/wp\/v2\/posts\/24174","targetHints":{"allow":["GET"]}}],"collection":[{"href":"https:\/\/www.jda.es\/ca\/wp-json\/wp\/v2\/posts"}],"about":[{"href":"https:\/\/www.jda.es\/ca\/wp-json\/wp\/v2\/types\/post"}],"author":[{"embeddable":true,"href":"https:\/\/www.jda.es\/ca\/wp-json\/wp\/v2\/users\/50"}],"replies":[{"embeddable":true,"href":"https:\/\/www.jda.es\/ca\/wp-json\/wp\/v2\/comments?post=24174"}],"version-history":[{"count":0,"href":"https:\/\/www.jda.es\/ca\/wp-json\/wp\/v2\/posts\/24174\/revisions"}],"wp:featuredmedia":[{"embeddable":true,"href":"https:\/\/www.jda.es\/ca\/wp-json\/wp\/v2\/media\/24164"}],"wp:attachment":[{"href":"https:\/\/www.jda.es\/ca\/wp-json\/wp\/v2\/media?parent=24174"}],"wp:term":[{"taxonomy":"category","embeddable":true,"href":"https:\/\/www.jda.es\/ca\/wp-json\/wp\/v2\/categories?post=24174"},{"taxonomy":"post_tag","embeddable":true,"href":"https:\/\/www.jda.es\/ca\/wp-json\/wp\/v2\/tags?post=24174"}],"curies":[{"name":"wp","href":"https:\/\/api.w.org\/{rel}","templated":true}]}}