{"id":23984,"date":"2023-05-04T11:01:15","date_gmt":"2023-05-04T11:01:15","guid":{"rendered":"http:\/\/fwcpfcf.cluster026.hosting.ovh.net\/?p=23984"},"modified":"2023-05-04T11:01:15","modified_gmt":"2023-05-04T11:01:15","slug":"quines-son-les-principals-novetats-de-la-proxima-llei-dhabitatge","status":"publish","type":"post","link":"https:\/\/www.jda.es\/ca\/quines-son-les-principals-novetats-de-la-proxima-llei-dhabitatge\/","title":{"rendered":"Quines s\u00f3n les principals novetats de la pr\u00f2xima Llei d&#8217;habitatge?"},"content":{"rendered":"<div class=\"summary\">\n<p>El projecte de llei pel dret a l&#8217;habitatge, actualment en tr\u00e0mit parlamentari i que t\u00e9 prevista la seva aprovaci\u00f3 aquest mes de maig, introdueix mesures importants que afectaran grans tenidors, promotors i fons que operen en el sector immobiliari.<\/p>\n<\/div>\n<div class=\"content\">\n<p>Volem informar-los que en el Butllet\u00ed Oficial de les Corts Generals (Congr\u00e9s dels Diputats) del 24 d&#8217;abril, s&#8217;ha publicat el\u00a0<a class=\"external\" href=\"https:\/\/www.congreso.es\/public_oficiales\/L14\/CONG\/BOCG\/A\/BOCG-14-A-89-4.PDF\" target=\"_blank\" rel=\"external noopener\"><strong>projecte de llei pel dret a l&#8217;habitatge<\/strong><\/a>\u00a0que incorpora l&#8217;informe de la pon\u00e8ncia i diverses esmenes transaccionals.<\/p>\n<p>Mancant la votaci\u00f3 al Senat i de la seva tramitaci\u00f3 parlament\u00e0ria (l&#8217;aprovaci\u00f3 definitiva de la qual est\u00e0 prevista per a finals d&#8217;aquest mes de maig i la seva publicaci\u00f3 en el BOE), la nova normativa porta el control dels lloguers en les zones que es declarin tenses, un nou \u00edndex de refer\u00e8ncia per a actualitzar les rendes i la reducci\u00f3 de la declaraci\u00f3 de gran tenidor a cinc pisos en aquestes \u00e0rees de preu limitat.<\/p>\n<p>La nova Llei d&#8217;habitatge tamb\u00e9 regular\u00e0 els desnonaments, els ajuts a l&#8217;acc\u00e9s a l&#8217;habitatge, la creaci\u00f3 d&#8217;un parc p\u00fablic d&#8217;habitatge assequible, els immobles buits o la limitaci\u00f3 dels preus del lloguer, entre altres q\u00fcestions.<\/p>\n<p>A continuaci\u00f3 veurem de forma resumida les principals novetats que incorpora la nova Llei d&#8217;habitatge, sense perjudici que pugui sofrir modificacions durant la resta de la seva tramitaci\u00f3 parlament\u00e0ria.<\/p>\n<p><strong>Principals novetats<\/strong><\/p>\n<p><strong>1. Limitacions al preu dels lloguers d&#8217;habitatges<\/strong><\/p>\n<p><strong>1.1 Eliminaci\u00f3 de l&#8217;IPC com a mecanisme de revisi\u00f3 de l&#8217;actualitzaci\u00f3 anual de la renda<\/strong><\/p>\n<p>Actualment, es troba en vigor, i fins al 31 de desembre de 2023, la renovaci\u00f3 dels contractes de lloguer que no pot superar el 2% d&#8217;increment. Doncs b\u00e9, la nova llei estableix que durant el 2024 en els contractes d&#8217;arrendament d&#8217;habitatge en els quals sigui procedent actualitzar la renda, l&#8217;increment no podr\u00e0 superar el 3% en el cas de grans tenidors (persones f\u00edsiques o jur\u00eddiques titulars de m\u00e9s de 10 immobles d&#8217;\u00fas residencial o una superf\u00edcie constru\u00efda de m\u00e9s de 1.500 m\u00b2 d&#8217;\u00fas residencial, excloent garatges i trasters).<\/p>\n<p>En els sup\u00f2sits en els quals l&#8217;arrendador no fos un gran tenidor, l&#8217;increment ser\u00e0 el pactat entre les parts i, a falta de pacte, no podr\u00e0 ser m\u00e9s del 3%.<\/p>\n<p>Aix\u00ed mateix, s&#8217;habilita a l&#8217;Institut Nacional d&#8217;Estad\u00edstica (INE) a definir, abans del 31 de desembre de 2024, un nou \u00edndex de refer\u00e8ncia que s&#8217;aplicar\u00e0, en lloc de l&#8217;IPC. Aix\u00f2 suposar\u00e0 la fi de l&#8217;IPC com a refer\u00e8ncia per als contractes de lloguer.<\/p>\n<p>Aquestes mesures afectaran les actualitzacions de renda de tots els contractes d&#8217;arrendament d&#8217;habitatge, amb independ\u00e8ncia que els habitatges estiguin situats o no en una zona de mercat residencial tensat.<\/p>\n<p><strong>1.2 Els contractes no podran excloure l&#8217;aplicaci\u00f3 de la Llei d&#8217;habitatge<\/strong><\/p>\n<p>S&#8217;eliminen les cl\u00e0usules que permetien la no aplicaci\u00f3 de les mesures que cont\u00e9 la Llei d&#8217;existir un acord entre les parts.<\/p>\n<p>A m\u00e9s, es prohibeix augmentar les rendes de lloguer per la via de noves despeses, que obligarien els inquilins a abonar despeses de comunitat, taxes d&#8217;escombraries o qualsevol altre no atribu\u00efble que no estiguessin acordades pr\u00e8viament en el contracte.<\/p>\n<p><strong>1.3 Declaraci\u00f3 de zona tensa de lloguer<\/strong><\/p>\n<p>Les autoritats competents en habitatge, comunitats aut\u00f2nomes i ajuntaments, podran declarar zones de mercat de lloguer tens si es compleix un d&#8217;aquests dos requisits:<\/p>\n<ul>\n<li>Que la c\u00e0rrega mitjana del cost de la hipoteca o del lloguer en el pressupost personal o de la unitat de conviv\u00e8ncia, m\u00e9s les despeses i subministraments b\u00e0sics, superi el 30% dels ingressos mitjans de les llars.<\/li>\n<li>Que el preu de compra o de lloguer de l&#8217;habitatge hagi augmentat en aquesta zona, en els \u00faltims cinc anys, almenys 3 punts per sobre de l&#8217;IPC auton\u00f2mic corresponent.<\/li>\n<\/ul>\n<p>El compliment de qualsevol de les condicions previstes no comportar\u00e0 que la zona afectada sigui considerada autom\u00e0ticament zona de mercat residencial tens sin\u00f3 que caldr\u00e0 que l&#8217;administraci\u00f3 competent la declari expressament. La vig\u00e8ncia inicial de la declaraci\u00f3 ser\u00e0 de tres anys, que es pot prorrogar anualment.<\/p>\n<p>La declaraci\u00f3 d&#8217;una zona de mercat residencial tens\u00a0<strong>permetr\u00e0 modificar el r\u00e8gim de pr\u00f2rrogues dels contractes<\/strong>\u00a0d&#8217;arrendaments d&#8217;habitatges, en establir que una vegada finalitzat el per\u00edode de pr\u00f2rroga obligat\u00f2ria o de pr\u00f2rroga t\u00e0cita, l&#8217;arrendatari podr\u00e0 sol\u00b7licitar una pr\u00f2rroga extraordin\u00e0ria per terminis anuals, amb un m\u00e0xim de tres anys, durant la qual es continuaran aplicant les mateixes condicions del contracte en vigor.<\/p>\n<p>L&#8217;arrendador, sigui gran tenidor o no, estar\u00e0 obligat a acceptar la pr\u00f2rroga tret que s&#8217;hagin fixat altres termes o condicions per acord entre les parts o l&#8217;arrendador hagi comunicat en els terminis legals la necessitat d&#8217;ocupar l&#8217;habitatge arrendat per destinar-lo a habitatge permanent per a ell o els seus familiars en primer grau de consanguinitat o per adopci\u00f3 o per al seu c\u00f2njuge en els sup\u00f2sits de sent\u00e8ncia ferma de separaci\u00f3, divorci o nul\u00b7litat matrimonial; o se subscrigui un nou contracte amb les limitacions de renda.<\/p>\n<p><strong>Si se signen contractes nous\u00a0<\/strong>les implicacions seran diferents en funci\u00f3 de si l&#8217;arrendador \u00e9s un gran tenidor o no.<\/p>\n<p>Si l&#8217;<strong>arrendador no \u00e9s un gran tenidor<\/strong>, la renda no podr\u00e0 excedir la del contracte anterior, una vegada aplicada la cl\u00e0usula d&#8217;actualitzaci\u00f3 anual, excepte determinats sup\u00f2sits en els quals es podr\u00e0 incrementar en un m\u00e0xim del 10%. Aix\u00ed mateix, no es podr\u00e0 repercutir a l&#8217;arrendatari quotes o despeses que no estiguessin previstes en el contracte anterior.<\/p>\n<p>Si l&#8217;<strong>arrendador \u00e9s un gran tenidor<\/strong>\u00a0la renda del nou contracte no podr\u00e0 excedir del l\u00edmit m\u00e0xim del preu aplicable conforme al sistema d&#8217;\u00edndexs de preus de refer\u00e8ncia que es publiqui en un futur. Aquesta regulaci\u00f3 s&#8217;aplicar\u00e0 als contractes que es formalitzin a partir de l&#8217;entrada en vigor del projecte de llei, una vegada estigui aprovat el sistema d&#8217;\u00edndexs.<\/p>\n<p><strong>Atenci\u00f3.<\/strong>\u00a0S&#8217;introdueix en la Llei estatal una definici\u00f3 de car\u00e0cter general del concepte de &#8220;gran tenidor&#8221;, com la persona f\u00edsica o jur\u00eddica que sigui titular de m\u00e9s de deu immobles urbans d&#8217;\u00fas residencial o una superf\u00edcie constru\u00efda de m\u00e9s de 1.500 m\u00b2, tamb\u00e9 d&#8217;\u00fas residencial, exclosos en tots dos casos, garatges i trasters. No obstant aix\u00f2, la nova Llei permet expressament que, en les zones de mercat residencial tensat, les comunitats aut\u00f2nomes puguin disminuir el llindar a 5 immobles o m\u00e9s.<\/p>\n<p><strong>2. El propietari pagar\u00e0 les despeses de gesti\u00f3 immobili\u00e0ria i de formalitzaci\u00f3 del contracte<\/strong><\/p>\n<p>La nova Llei estableix que les despeses de gesti\u00f3 immobili\u00e0ria i de formalitzaci\u00f3 del contracte seran a c\u00e0rrec de l&#8217;arrendador\/propietari de l&#8217;immoble.<\/p>\n<p><strong>3. Mesures fiscals per a incentivar als propietaris d&#8217;habitatges<\/strong><\/p>\n<p><strong>3.1 IRPF<\/strong><\/p>\n<p>S&#8217;estimular\u00e0 fiscalment el lloguer d&#8217;habitatge habitual a preus assequibles, a trav\u00e9s de la modulaci\u00f3 de la reducci\u00f3 del rendiment net del lloguer d&#8217;habitatge habitual (nom\u00e9s per als rendiments del capital immobiliari, per\u00f2 no afecta els que realitzin arrendaments que tinguin la consideraci\u00f3 d&#8217;activitat econ\u00f2mica en els termes de la LIRPF). Aquestes noves reduccions comen\u00e7aran a aplicar-se a partir de l&#8217;1 de gener de 2024.<\/p>\n<p>En concret, la nova Llei preveu les seg\u00fcents reduccions incompatibles entre elles i que s&#8217;apliquen en el seg\u00fcent ordre:<\/p>\n<ul>\n<li><strong>Reducci\u00f3 incrementada del 90%<\/strong>\u00a0quan s&#8217;hagu\u00e9s formalitzat pel mateix arrendador un nou contracte d&#8217;arrendament sobre un habitatge situat en una zona de mercat residencial tens, en el qual la renda inicial s&#8217;hagu\u00e9s rebaixat en m\u00e9s d&#8217;un 5% en relaci\u00f3 amb l&#8217;\u00faltima renda de l&#8217;anterior contracte d&#8217;arrendament.<\/li>\n<li><strong>Reducci\u00f3 incrementada del 70% quan<\/strong>\u00a0l&#8217;arrendador hagu\u00e9s llogat per primera vegada l&#8217;habitatge, sempre que es trobi en una zona de mercat residencial tens i l&#8217;arrendatari tingui una edat compresa entre 18 i 35 anys i es tracti d&#8217;habitatges arrendats a l&#8217;administraci\u00f3 o a entitats sense fins lucratius i es destini al lloguer social amb una renda mensual inferior a l&#8217;establerta en el programa d&#8217;ajuts al lloguer del pla estatal d&#8217;habitatge, o a l&#8217;allotjament de persones en situaci\u00f3 de vulnerabilitat econ\u00f2mica o quan l&#8217;habitatge estigui acollit a algun programa p\u00fablic d&#8217;habitatge o qualificaci\u00f3 en virtut del qual l&#8217;administraci\u00f3 limiti la renda del lloguer.<\/li>\n<li><strong>Reducci\u00f3 incrementada del 60%<\/strong>\u00a0per als casos en qu\u00e8 s&#8217;haguessin efectuat obres de rehabilitaci\u00f3 en els dos anys anteriors a la signatura del contracte d&#8217;arrendament.<\/li>\n<\/ul>\n<p>El contribuent podr\u00e0 aplicar la m\u00e9s gran de les reduccions que li correspongui entre les indicades, i sempre\u00a0<strong>queda la possibilitat d&#8217;aplicar la reducci\u00f3 del 50%<\/strong>. Totes aquestes reduccions esdevenen inaplicables si s&#8217;incompleixen les normes (previstes en la LAU) sobre increment de rendes dins d&#8217;una zona de mercat residencial tens.<\/p>\n<p><strong>3.2. Rec\u00e0rrecs en l&#8217;IBI per a habitatges buits o desocupats<\/strong><\/p>\n<p>En la nova Llei es defineix un\u00a0<strong>habitatge buit<\/strong>\u00a0com aquell que romangui desocupat, de forma continuada, per un termini superior a dos anys excepte determinades causes justificades. Aquesta situaci\u00f3 de desocupaci\u00f3 es declarar\u00e0 mitjan\u00e7ant un procediment administratiu amb audi\u00e8ncia del contribuent.<\/p>\n<p>Per a promoure la seva sortida al mercat, s&#8217;ofereix als ajuntaments la possibilitat d&#8217;establir\u00a0<strong>un rec\u00e0rrec de fins al 150%<\/strong>\u00a0(ara est\u00e0 en el 50%) en la quota l\u00edquida de l&#8217;impost sobre b\u00e9ns immobles (IBI), que afectaria els habitatges que s&#8217;hagin mantingut\u00a0<strong><em>desocupats durant m\u00e9s de dos anys<\/em><\/strong>, sense causa justificada, per a propietaris amb un m\u00ednim de quatre habitatges.<\/p>\n<p>Si l&#8217;<strong><em>immoble fa tres anys que \u00e9s buit<\/em><\/strong>, el rec\u00e0rrec podr\u00e0 arribar\u00a0<strong>al 100%<\/strong>.<\/p>\n<p>Finalment, hi ha l&#8217;opci\u00f3 d&#8217;incrementar un altre 50% el rec\u00e0rrec (entre 100% i fins al 150%) quan els immobles pertanyin a titulars de dos habitatges desocupats o m\u00e9s en el mateix municipi.<\/p>\n<p><strong>Desnonaments i execucions hipotec\u00e0ries<\/strong><\/p>\n<p>Es contemplen millores en el procediment de desnonament que pugui afectar l&#8217;habitatge habitual de llars vulnerables per a garantir una comunicaci\u00f3 efectiva i r\u00e0pida entre l&#8217;\u00f2rgan judicial i els serveis socials a trav\u00e9s d&#8217;un requeriment perqu\u00e8 aquests avalu\u00efn la situaci\u00f3 i, si \u00e9s el cas, atenguin r\u00e0pidament les persones en situaci\u00f3 de vulnerabilitat econ\u00f2mica o social.<\/p>\n<p>S&#8217;assegura que els\u00a0<strong>serveis socials<\/strong>\u00a0puguin oferir solucions residencials als afectats, evitant situacions de desemparament a conseq\u00fc\u00e8ncia del desallotjament. Mentre aquestes solucions es produeixen,\u00a0<strong>s&#8217;incrementen els terminis de suspensi\u00f3 dels llan\u00e7aments en aquestes situacions de vulnerabilitat<\/strong>, d&#8217;1 a 2 mesos quan el propietari \u00e9s persona f\u00edsica, i de 3 a 4 quan \u00e9s persona jur\u00eddica. A m\u00e9s, s&#8217;introdueixen en el procediment criteris objectius per a definir les situacions de vulnerabilitat econ\u00f2mica.<\/p>\n<p>Quan el demandant tingui la condici\u00f3 de gran tenidor i la demanda de desnonament afecti persones en situaci\u00f3 de vulnerabilitat, s&#8217;haur\u00e0 d&#8217;acreditar l&#8217;aplicaci\u00f3 d&#8217;un\u00a0<strong>procediment de conciliaci\u00f3 o intermediaci\u00f3<\/strong>.<\/p>\n<p>Es poden posar en contacte amb aquest despatx professional per qualsevol dubte o aclariment que puguin tenir sobre aquesta q\u00fcesti\u00f3.<\/p>\n<\/div>\n<p>&nbsp;<\/p>\n<p>Consulteu els nostres serveis fiscals, laborals i legals\u00a0<a href=\"https:\/\/www.jda.es\/servicios\/\">aqu\u00ed<\/a>.<\/p>\n<div class=\"wpb_text_column\">\n<div class=\"wpb_text_column\">\n<div class=\"wpb_text_column\">\n<div class=\"wpb_text_column\">\n<p>JDA\/SFAI<\/p>\n<\/div>\n<\/div>\n<\/div>\n<\/div>\n","protected":false},"excerpt":{"rendered":"<p>El projecte de llei pel dret a l&#8217;habitatge, actualment en tr\u00e0mit parlamentari i que t\u00e9 prevista la seva aprovaci\u00f3 aquest mes de maig, introdueix mesures importants que afectaran grans tenidors, promotors i fons que operen en el sector immobiliari. Volem informar-los que en el Butllet\u00ed Oficial de les Corts Generals (Congr\u00e9s dels Diputats) del 24<\/p>\n","protected":false},"author":50,"featured_media":23977,"comment_status":"open","ping_status":"open","sticky":false,"template":"","format":"standard","meta":{"rs_blank_template":"","rs_page_bg_color":"","slide_template_v7":"","footnotes":""},"categories":[785,791,766],"tags":[],"class_list":["post-23984","post","type-post","status-publish","format-standard","has-post-thumbnail","hentry","category-empreses","category-fiscal-ca","category-legal-ca"],"_links":{"self":[{"href":"https:\/\/www.jda.es\/ca\/wp-json\/wp\/v2\/posts\/23984","targetHints":{"allow":["GET"]}}],"collection":[{"href":"https:\/\/www.jda.es\/ca\/wp-json\/wp\/v2\/posts"}],"about":[{"href":"https:\/\/www.jda.es\/ca\/wp-json\/wp\/v2\/types\/post"}],"author":[{"embeddable":true,"href":"https:\/\/www.jda.es\/ca\/wp-json\/wp\/v2\/users\/50"}],"replies":[{"embeddable":true,"href":"https:\/\/www.jda.es\/ca\/wp-json\/wp\/v2\/comments?post=23984"}],"version-history":[{"count":0,"href":"https:\/\/www.jda.es\/ca\/wp-json\/wp\/v2\/posts\/23984\/revisions"}],"wp:featuredmedia":[{"embeddable":true,"href":"https:\/\/www.jda.es\/ca\/wp-json\/wp\/v2\/media\/23977"}],"wp:attachment":[{"href":"https:\/\/www.jda.es\/ca\/wp-json\/wp\/v2\/media?parent=23984"}],"wp:term":[{"taxonomy":"category","embeddable":true,"href":"https:\/\/www.jda.es\/ca\/wp-json\/wp\/v2\/categories?post=23984"},{"taxonomy":"post_tag","embeddable":true,"href":"https:\/\/www.jda.es\/ca\/wp-json\/wp\/v2\/tags?post=23984"}],"curies":[{"name":"wp","href":"https:\/\/api.w.org\/{rel}","templated":true}]}}