{"id":23705,"date":"2023-03-03T11:39:25","date_gmt":"2023-03-03T11:39:25","guid":{"rendered":"http:\/\/fwcpfcf.cluster026.hosting.ovh.net\/?p=23705"},"modified":"2023-03-03T11:39:43","modified_gmt":"2023-03-03T11:39:43","slug":"la-convocatoria-de-junta-ordinaria-i-el-dret-dinformacio-dels-socis","status":"publish","type":"post","link":"https:\/\/www.jda.es\/ca\/la-convocatoria-de-junta-ordinaria-i-el-dret-dinformacio-dels-socis\/","title":{"rendered":"La convocat\u00f2ria de junta ordin\u00e0ria i el dret d&#8217;informaci\u00f3 dels socis"},"content":{"rendered":"<div class=\"summary\">\n<p>Cal anar amb compte en la redacci\u00f3 de les convocat\u00f2ries de junta i, en particular, assegurar-se de no ometre els drets d&#8217;informaci\u00f3 dels socis que la mateixa Llei de societats de capital estableix que s&#8217;hi han d&#8217;esmentar.<\/p>\n<\/div>\n<div class=\"content\">\n<p>L&#8217;article 272.2 de la Llei de societats de capital estableix, respecte a l&#8217;aprovaci\u00f3 dels comptes per la junta general, que\u00a0<em>&#8220;A partir de la convocat\u00f2ria de la junta general, qualsevol soci podr\u00e0 obtenir de la societat, de manera immediata i gratu\u00efta, els documents que hi han de ser sotmesos a l&#8217;aprovaci\u00f3, aix\u00ed com en el seu cas, l&#8217;informe de gesti\u00f3 i l&#8217;informe de l&#8217;auditor de comptes.\u00a0<strong>En la convocat\u00f2ria es far\u00e0 esment d&#8217;aquest dret<\/strong>&#8220;<\/em>.<\/p>\n<p>Aquest precepte regula un dret d&#8217;informaci\u00f3 dels socis recalcant, amb el seu afegit\u00f3 final, que en les convocat\u00f2ries de les juntes ordin\u00e0ries per a l&#8217;aprovaci\u00f3 de comptes que aquest dret a sol\u00b7licitar les dades i la informaci\u00f3 de manera pr\u00e8via a la junta hi ha de ser plasmat en la seva convocat\u00f2ria. Aix\u00ed, els socis veuen refor\u00e7at aquest dret, ja que, d&#8217;alguna forma, se&#8217;ls recorda que poden exercir-lo.<\/p>\n<p><strong>L&#8217;omissi\u00f3 total o parcial en la convocat\u00f2ria de la junta de l&#8217;esment als drets d&#8217;informaci\u00f3 del soci invalida els acords d&#8217;aprovaci\u00f3 de comptes<\/strong><\/p>\n<p>Aix\u00ed, la Direcci\u00f3 General de Seguretat Jur\u00eddica i Fe P\u00fablica ha em\u00e8s aquest 3 de febrer una resoluci\u00f3 que denega a una societat an\u00f2nima el dip\u00f2sit dels seus comptes anuals ja aprovats en junta ordin\u00e0ria pel 66,666% del capital. La resoluci\u00f3 dona la ra\u00f3 a la negativa de dip\u00f2sit d&#8217;aquests comptes per no figurar en la convocat\u00f2ria l&#8217;esment al dret dels socis a obtenir els documents que serien objecte d&#8217;aprovaci\u00f3 en la junta convocada.<\/p>\n<p>Aquesta interpretaci\u00f3 tan aferrada a la literalitat de la normativa ha estat la seguida hist\u00f2ricament per altres resolucions (20 de desembre de 2022, 29 de desembre de 2022 i fins i tot unes altres de la Direcci\u00f3 General de Registres i del Notariat del 18 de febrer de 2015 o 12 de mar\u00e7 de 2020). Aquesta postura atorga una import\u00e0ncia extrema als drets d&#8217;informaci\u00f3 dels socis, que la societat ha de respectar puntualment, arriscant-se a decisions com les esmentades, que impliquen la nul\u00b7litat de la convocat\u00f2ria per incompliment total o absolut d&#8217;una previsi\u00f3 legal sobre el contingut de l&#8217;escrit de convocat\u00f2ria. Citant literalment el que s&#8217;estableix en la resoluci\u00f3 de 3 de febrer\u00a0<em>&#8220;<\/em><em>no cal fer una interpretaci\u00f3 que permeti tenir per complerts els requisits especialment previstos per la Llei per a la protecci\u00f3 del dret d&#8217;informaci\u00f3 en sup\u00f2sits especials per la mera previsi\u00f3 dels requisits previstos per a altres sup\u00f2sits diferents. Si la Llei ha considerat necessari exigir requisits especials, \u00e9s precisament perqu\u00e8 considera que el dret d&#8217;informaci\u00f3 no est\u00e0 degudament protegit en aquests sup\u00f2sits pels requisits generals&#8221;.<\/em><\/p>\n<p>En conseq\u00fc\u00e8ncia, com que no es respecta aquest requisit, la convocat\u00f2ria esdev\u00e9 nul\u00b7la, de manera que cal tornar a iniciar el procediment i convocar de nou la junta, aquesta vegada amb observan\u00e7a de tots els requisits legals, i celebrar-se de nou la junta ordin\u00e0ria per a l&#8217;aprovaci\u00f3 dels comptes, que, si tot \u00e9s correcte, posteriorment seran dipositats.<\/p>\n<p>Es poden posar en contacte amb aquest despatx professional per qualsevol dubte o aclariment que puguin tenir sobre aquesta q\u00fcesti\u00f3.<\/p>\n<\/div>\n<p>&nbsp;<\/p>\n<p>Consulteu els nostres serveis fiscals, laborals i legals\u00a0<a href=\"https:\/\/www.jda.es\/servicios\/\">aqu\u00ed<\/a>.<\/p>\n<div class=\"wpb_text_column\">\n<div class=\"wpb_text_column\">\n<p>JDA\/SFAI<\/p>\n<\/div>\n<\/div>\n","protected":false},"excerpt":{"rendered":"<p>Cal anar amb compte en la redacci\u00f3 de les convocat\u00f2ries de junta i, en particular, assegurar-se de no ometre els drets d&#8217;informaci\u00f3 dels socis que la mateixa Llei de societats de capital estableix que s&#8217;hi han d&#8217;esmentar. L&#8217;article 272.2 de la Llei de societats de capital estableix, respecte a l&#8217;aprovaci\u00f3 dels comptes per la junta<\/p>\n","protected":false},"author":50,"featured_media":23694,"comment_status":"open","ping_status":"open","sticky":false,"template":"","format":"standard","meta":{"rs_blank_template":"","rs_page_bg_color":"","slide_template_v7":"","footnotes":""},"categories":[833,794,785,791,766],"tags":[],"class_list":["post-23705","post","type-post","status-publish","format-standard","has-post-thumbnail","hentry","category-economia-ca","category-emprenedors","category-empreses","category-fiscal-ca","category-legal-ca"],"_links":{"self":[{"href":"https:\/\/www.jda.es\/ca\/wp-json\/wp\/v2\/posts\/23705","targetHints":{"allow":["GET"]}}],"collection":[{"href":"https:\/\/www.jda.es\/ca\/wp-json\/wp\/v2\/posts"}],"about":[{"href":"https:\/\/www.jda.es\/ca\/wp-json\/wp\/v2\/types\/post"}],"author":[{"embeddable":true,"href":"https:\/\/www.jda.es\/ca\/wp-json\/wp\/v2\/users\/50"}],"replies":[{"embeddable":true,"href":"https:\/\/www.jda.es\/ca\/wp-json\/wp\/v2\/comments?post=23705"}],"version-history":[{"count":0,"href":"https:\/\/www.jda.es\/ca\/wp-json\/wp\/v2\/posts\/23705\/revisions"}],"wp:featuredmedia":[{"embeddable":true,"href":"https:\/\/www.jda.es\/ca\/wp-json\/wp\/v2\/media\/23694"}],"wp:attachment":[{"href":"https:\/\/www.jda.es\/ca\/wp-json\/wp\/v2\/media?parent=23705"}],"wp:term":[{"taxonomy":"category","embeddable":true,"href":"https:\/\/www.jda.es\/ca\/wp-json\/wp\/v2\/categories?post=23705"},{"taxonomy":"post_tag","embeddable":true,"href":"https:\/\/www.jda.es\/ca\/wp-json\/wp\/v2\/tags?post=23705"}],"curies":[{"name":"wp","href":"https:\/\/api.w.org\/{rel}","templated":true}]}}