{"id":23312,"date":"2022-12-22T08:57:26","date_gmt":"2022-12-22T08:57:26","guid":{"rendered":"http:\/\/fwcpfcf.cluster026.hosting.ovh.net\/?p=23312"},"modified":"2022-12-22T09:16:35","modified_gmt":"2022-12-22T09:16:35","slug":"la-factura-electronica-sera-obligatoria-per-a-les-pimes-i-autonoms","status":"publish","type":"post","link":"https:\/\/www.jda.es\/ca\/la-factura-electronica-sera-obligatoria-per-a-les-pimes-i-autonoms\/","title":{"rendered":"La factura electr\u00f2nica ser\u00e0 obligat\u00f2ria per a les pimes i aut\u00f2noms"},"content":{"rendered":"<div class=\"summary\">\n<p>A costa del desenvolupament reglamentari que determinar\u00e0 la data d&#8217;entrada en vigor d&#8217;aquesta mesura, les empreses i professionals han de saber que quedaran obligats a expedir, remetre i rebre factures electr\u00f2niques en les seves relacions comercials amb altres empresaris i professionals. Prengui mesures per a tenir-ho tot llest quan aquesta regla entri en vigor.<\/p>\n<\/div>\n<div class=\"content\">\n<p>Com ja l&#8217;hem estat informant, amb l&#8217;aprovaci\u00f3 de la Llei 18\/2022 de creaci\u00f3 i creixement d&#8217;empresa, s&#8217;estableix la regla general de l&#8217;obligaci\u00f3 de tots els empresaris i professionals d&#8217;expedir, remetre i rebre factures electr\u00f2niques en les seves relacions comercials amb altres empresaris i professionals. L&#8217;obligaci\u00f3 s&#8217;exigeix a totes les seves operacions amb independ\u00e8ncia del sector en el qual desenvolupin la seva activitat.<\/p>\n<p><strong>Atenci\u00f3.<\/strong>\u00a0Totes les empreses i professionals -amb independ\u00e8ncia de la seva mida o plantilla- hauran d&#8217;expedir, remetre i rebre factures electr\u00f2niques en les seves relacions comercials amb altres empresaris i professionals.<\/p>\n<p>Fins ara, aquesta obligaci\u00f3 nom\u00e9s existia en uns casos concrets en els quals el destinatari era una administraci\u00f3 p\u00fablica. Si es tractava d&#8217;un empresari, era voluntari i calia obtenir primer l&#8217;autoritzaci\u00f3 del destinatari.<\/p>\n<p><strong>Particulars.<\/strong>\u00a0Aix\u00ed mateix, s&#8217;ha aprovat que les empreses que prestin serveis d&#8217;especial transcend\u00e8ncia econ\u00f2mica el destinatari dels quals sigui el p\u00fablic en general (serveis bancaris, assegurances, subministraments, transports, comer\u00e7 al detall, etc.) tamb\u00e9 estaran subjectes a aquesta obligaci\u00f3 quan el client sigui un particular i aquest accepti el format electr\u00f2nic o el sol\u00b7liciti expressament. En el cas de les ag\u00e8ncies de viatge, transport i comer\u00e7 al detall, nom\u00e9s existir\u00e0 aquesta formalitat si la contractaci\u00f3 es duu a terme per mitjans electr\u00f2nics.<\/p>\n<p><strong>Entrada en vigor<\/strong><\/p>\n<p>Encara es desconeix quan entrar\u00e0 en vigor aquesta norma. Abans s&#8217;ha d&#8217;aprovar el desenvolupament reglamentari de la nova obligaci\u00f3 i, una vegada aix\u00f2 es produeixi:<\/p>\n<ul>\n<li>En el cas de les empreses i professionals que facturen m\u00e9s de vuit milions d&#8217;euros anuals, ha de transc\u00f3rrer un any des que s&#8217;aprovi aquest reglament.<\/li>\n<li>Per a la resta, aquesta nova obligaci\u00f3 els ser\u00e0 exigible transcorregut un termini de dos anys.<\/li>\n<\/ul>\n<p>No obstant aix\u00f2, l&#8217;entrada en vigor d&#8217;aquesta novetat est\u00e0 supeditada a l&#8217;obtenci\u00f3 de l&#8217;excepci\u00f3 comunit\u00e0ria als articles 218 i 232 de la Directiva 2006\/112\/CE del Consell, de 28 de novembre de 2006, relativa al sistema com\u00fa de l&#8217;IVA.<\/p>\n<p>\u00c9s a dir, perqu\u00e8 aquesta norma sigui aplicable, tamb\u00e9 cal que la Uni\u00f3 Europea accepti la seva implementaci\u00f3 (tal com s&#8217;ha sol\u00b7licitat), ja que contrav\u00e9 el reglament europeu que permet emetre les factures en paper, aix\u00ed com la normativa que supedita l&#8217;enviament de factures electr\u00f2niques a la seva pr\u00e8via acceptaci\u00f3 pel destinatari.<\/p>\n<p><strong>Requisits de les factures electr\u00f2niques<\/strong><\/p>\n<p>Les factures electr\u00f2niques s&#8217;hauran d&#8217;emetre a trav\u00e9s de solucions tecnol\u00f2giques i plataformes d&#8217;empreses especialitzades. Entre altres aspectes, aquestes solucions ha de garantir la interconnexi\u00f3 i la inalterabilitat, a m\u00e9s de proporcionar informaci\u00f3 sobre l&#8217;estat de les factures i permetre descarregar-les, copiar-les o imprimir-les. Ja no n&#8217;hi haur\u00e0 amb remetre-les en PDF per correu electr\u00f2nic.<\/p>\n<ul>\n<li>Hauran de complir, en tot cas, el que es disposa en la normativa espec\u00edfica sobre facturaci\u00f3.<\/li>\n<li>Tant el destinatari com l&#8217;emissor de les factures han d&#8217;informar sobre els estats de les factures.<\/li>\n<li>Els destinataris podran sol\u00b7licitar-ne, durant un termini de quatre anys des de l&#8217;emissi\u00f3 de les factures electr\u00f2niques, c\u00f2pia sense inc\u00f3rrer en costos addicionals.<\/li>\n<li>El receptor de la factura no podr\u00e0 obligar al seu emissor a la utilitzaci\u00f3 d&#8217;una soluci\u00f3, plataforma o prove\u00efdor de serveis de facturaci\u00f3 electr\u00f2nica predeterminat.<\/li>\n<\/ul>\n<p><strong>Requisits de les solucions i plataformes de facturaci\u00f3 electr\u00f2nica<\/strong><\/p>\n<ul>\n<li>Les solucions tecnol\u00f2giques i plataformes ofertes per empreses prove\u00efdores de serveis de facturaci\u00f3 electr\u00f2nica als empresaris i professionals hauran de garantir la seva interconnexi\u00f3 i interoperabilitat gratu\u00eftes.<\/li>\n<li>Les solucions i plataformes de facturaci\u00f3 electr\u00f2nica pr\u00f2pies de les empreses emissores i receptores hauran de complir els mateixos criteris d&#8217;interconnexi\u00f3 i interoperabilitat gratu\u00efta amb la resta de solucions de facturaci\u00f3 electr\u00f2nica.<\/li>\n<li>Els sistemes i programes inform\u00e0tics o electr\u00f2nics que gestionin els processos de facturaci\u00f3 i conservin les factures electr\u00f2niques hauran de respectar els requisits als quals es refereix l&#8217;article 29.2.j) de la LGT i el seu desenvolupament reglamentari, aix\u00f2 \u00e9s, hauran de garantir la integritat, conservaci\u00f3, accessibilitat, llegibilitat, tra\u00e7abilitat i inalterabilitat dels registres, sense interpolacions, omissions o alteracions de les quals no quedi la deguda anotaci\u00f3 en els seus sistemes.<\/li>\n<\/ul>\n<p><strong>Termini per a consultar les factures electr\u00f2niques<\/strong><\/p>\n<p>En cas de resoluci\u00f3 de contracte amb l&#8217;empresa o de revocar el consentiment per a rebre factures electr\u00f2niques, el per\u00edode dels \u00faltims tres anys que el client pot consultar les seves factures per mitjans electr\u00f2nics no sofreix alteraci\u00f3. Tampoc caduca per aquesta causa el seu dret a accedir a les factures emeses amb anterioritat.<\/p>\n<p><strong>R\u00e8gim sancionador<\/strong><\/p>\n<p>Seran sancionades amb advertiment o una multa de fins a 10.000 euros:<\/p>\n<ul>\n<li>Les empreses que, obligades a aix\u00f2, no ofereixin als usuaris la possibilitat de rebre factures electr\u00f2niques o no permetin l&#8217;acc\u00e9s a les seves factures als qui han deixat de ser clients. La determinaci\u00f3 i graduaci\u00f3 de la sanci\u00f3 seguir\u00e0 els criteris establerts en l&#8217;article 2.2. de la Llei reguladora de determinats aspectes dels serveis electr\u00f2nics de confian\u00e7a.<\/li>\n<li>Les empreses que prestin serveis al p\u00fablic en general d&#8217;especial transcend\u00e8ncia econ\u00f2mica que no compleixin les altres obligacions previstes en l&#8217;article 2.1. El titular de la Secretaria d&#8217;Estat de Digitalitzaci\u00f3 i Intel\u00b7lig\u00e8ncia Artificial \u00e9s el competent per a imposar aquesta sanci\u00f3.<\/li>\n<\/ul>\n<p><strong>Procediment d&#8217;acreditaci\u00f3 de la interconnexi\u00f3 i la interoperabilitat de les plataformes<\/strong><\/p>\n<p>S&#8217;estableix que es determinar\u00e0 reglament\u00e0riament. D&#8217;acord amb el que diu la llei, el Reglament s&#8217;ha de publicar en un termini m\u00e0xim de sis mesos a comptar des de la publicaci\u00f3 d&#8217;aquesta Llei (BOE, 29 de setembre de 2022).<\/p>\n<p><strong>Recomanaci\u00f3<\/strong><\/p>\n<p>\u00c9s recomanable que vagi adaptant la facturaci\u00f3 de la seva empresa per a complir amb aquestes exig\u00e8ncies. A l&#8217;espera del desenvolupament reglamentari, si la seva empresa no disposa d&#8217;un programa per a generar factures electr\u00f2niques, pot accedir a\u00a0<a class=\"external\" href=\"https:\/\/www.facturae.gob.es\/Paginas\/Index.aspx\" target=\"_blank\" rel=\"external noopener\">http:\/\/www.facturae.gob.es<\/a>\u00a0i descarregar\u00a0<em>Facturae<\/em>, una aplicaci\u00f3 gratu\u00efta que li permetr\u00e0 fer-ho. Moltes empreses ja utilitzen aquest programa per a emetre les seves factures electr\u00f2niques quan el destinatari \u00e9s una administraci\u00f3 p\u00fablica, per la qual cosa cal entendre que tamb\u00e9 ser\u00e0 v\u00e0lid per a empreses i particulars.<\/p>\n<p>Es poden posar en contacte amb aquest despatx professional per qualsevol dubte o aclariment que puguin tenir sobre aquesta q\u00fcesti\u00f3.<\/p>\n<\/div>\n<p>&nbsp;<\/p>\n<div class=\"wpb_text_column\">\n<div class=\"content\">\n<div class=\"content\">\n<p>Consulteu els nostres serveis fiscals, laborals i legals\u00a0<a href=\"https:\/\/www.jda.es\/servicios\/\">aqu\u00ed<\/a>.<\/p>\n<\/div>\n<p>JDA\/SFAI<\/p>\n<\/div>\n<\/div>\n","protected":false},"excerpt":{"rendered":"<p>A costa del desenvolupament reglamentari que determinar\u00e0 la data d&#8217;entrada en vigor d&#8217;aquesta mesura, les empreses i professionals han de saber que quedaran obligats a expedir, remetre i rebre factures electr\u00f2niques en les seves relacions comercials amb altres empresaris i professionals. Prengui mesures per a tenir-ho tot llest quan aquesta regla entri en vigor. Com<\/p>\n","protected":false},"author":50,"featured_media":23300,"comment_status":"open","ping_status":"open","sticky":false,"template":"","format":"standard","meta":{"rs_blank_template":"","rs_page_bg_color":"","slide_template_v7":"","footnotes":""},"categories":[785,766],"tags":[],"class_list":["post-23312","post","type-post","status-publish","format-standard","has-post-thumbnail","hentry","category-empreses","category-legal-ca"],"_links":{"self":[{"href":"https:\/\/www.jda.es\/ca\/wp-json\/wp\/v2\/posts\/23312","targetHints":{"allow":["GET"]}}],"collection":[{"href":"https:\/\/www.jda.es\/ca\/wp-json\/wp\/v2\/posts"}],"about":[{"href":"https:\/\/www.jda.es\/ca\/wp-json\/wp\/v2\/types\/post"}],"author":[{"embeddable":true,"href":"https:\/\/www.jda.es\/ca\/wp-json\/wp\/v2\/users\/50"}],"replies":[{"embeddable":true,"href":"https:\/\/www.jda.es\/ca\/wp-json\/wp\/v2\/comments?post=23312"}],"version-history":[{"count":0,"href":"https:\/\/www.jda.es\/ca\/wp-json\/wp\/v2\/posts\/23312\/revisions"}],"wp:featuredmedia":[{"embeddable":true,"href":"https:\/\/www.jda.es\/ca\/wp-json\/wp\/v2\/media\/23300"}],"wp:attachment":[{"href":"https:\/\/www.jda.es\/ca\/wp-json\/wp\/v2\/media?parent=23312"}],"wp:term":[{"taxonomy":"category","embeddable":true,"href":"https:\/\/www.jda.es\/ca\/wp-json\/wp\/v2\/categories?post=23312"},{"taxonomy":"post_tag","embeddable":true,"href":"https:\/\/www.jda.es\/ca\/wp-json\/wp\/v2\/tags?post=23312"}],"curies":[{"name":"wp","href":"https:\/\/api.w.org\/{rel}","templated":true}]}}