{"id":22793,"date":"2022-10-19T14:48:35","date_gmt":"2022-10-19T14:48:35","guid":{"rendered":"http:\/\/fwcpfcf.cluster026.hosting.ovh.net\/?p=22793"},"modified":"2022-10-19T14:48:35","modified_gmt":"2022-10-19T14:48:35","slug":"ingres-del-2n-termini-de-la-declaracio-anual-de-lirpf-novembre-2022","status":"publish","type":"post","link":"https:\/\/www.jda.es\/ca\/ingres-del-2n-termini-de-la-declaracio-anual-de-lirpf-novembre-2022\/","title":{"rendered":"Ingr\u00e9s del 2n termini de la declaraci\u00f3 anual de l&#8217;IRPF. Novembre 2022"},"content":{"rendered":"<div class=\"summary\">\n<p>Si ha optat per fraccionar el pagament de l&#8217;IRPF en dos terminis, el pr\u00f2xim dia 7 de novembre de 2022 inclusivament, es compleix el termini per efectuar l&#8217;ingr\u00e9s del segon termini de la renda de l&#8217;exercici 2021.<\/p>\n<\/div>\n<div class=\"content\">\n<p>Li recordem que si ha optat per fraccionar el pagament de l&#8217;IRPF 2021 en dos terminis, el\u00a0<strong>pr\u00f2xim dia 7 de novembre<\/strong>\u00a0es compleix el termini per a efectuar l&#8217;ingr\u00e9s (40% restant del deute tributari) del segon termini de la renda de l&#8217;exercici 2021.<\/p>\n<p>Els contribuents que hagin optat per fraccionar el pagament de l&#8217;IRPF en dos terminis i, a m\u00e9s,\u00a0<strong>hagin domiciliat<\/strong>\u00a0el pagament del segon termini en l&#8217;entitat col\u00b7laboradora en la qual efectuaren l&#8217;ingr\u00e9s del primer termini, no hauran d&#8217;emplenar cap model (en aquest cas, model 102), ja que el lliurament en la citada entitat col\u00b7laboradora del document d&#8217;ingr\u00e9s, model 100, amb les dades de la domiciliaci\u00f3 degudament emplenades,\u00a0<strong>servir\u00e0 com a ordre de deute en compte d&#8217;aquest segon termini<\/strong>.<\/p>\n<p>Els contribuents que, havent optat per fraccionar el pagament,\u00a0<strong>no hagin domiciliat el segon termini en entitat col\u00b7laboradora<\/strong>, hauran d&#8217;efectuar directament l&#8217;ingr\u00e9s d&#8217;aquest termini fins al dia 7 de novembre de 2022 inclusivament, mitjan\u00e7ant la presentaci\u00f3 del model 102, degudament emplenat.<\/p>\n<\/div>\n<p>&nbsp;<\/p>\n<div class=\"wpb_text_column\">\n<div class=\"content\">\n<p>Consulteu els nostres serveis fiscals, laborals i legals\u00a0<a href=\"https:\/\/www.jda.es\/servicios\/\">aqu\u00ed<\/a>.<\/p>\n<\/div>\n<p>JDA\/SFAI<\/p>\n<\/div>\n","protected":false},"excerpt":{"rendered":"<p>Si ha optat per fraccionar el pagament de l&#8217;IRPF en dos terminis, el pr\u00f2xim dia 7 de novembre de 2022 inclusivament, es compleix el termini per efectuar l&#8217;ingr\u00e9s del segon termini de la renda de l&#8217;exercici 2021. Li recordem que si ha optat per fraccionar el pagament de l&#8217;IRPF 2021 en dos terminis, el\u00a0pr\u00f2xim dia<\/p>\n","protected":false},"author":50,"featured_media":22783,"comment_status":"open","ping_status":"open","sticky":false,"template":"","format":"standard","meta":{"rs_blank_template":"","rs_page_bg_color":"","slide_template_v7":"","footnotes":""},"categories":[833,785,791],"tags":[],"class_list":["post-22793","post","type-post","status-publish","format-standard","has-post-thumbnail","hentry","category-economia-ca","category-empreses","category-fiscal-ca"],"_links":{"self":[{"href":"https:\/\/www.jda.es\/ca\/wp-json\/wp\/v2\/posts\/22793","targetHints":{"allow":["GET"]}}],"collection":[{"href":"https:\/\/www.jda.es\/ca\/wp-json\/wp\/v2\/posts"}],"about":[{"href":"https:\/\/www.jda.es\/ca\/wp-json\/wp\/v2\/types\/post"}],"author":[{"embeddable":true,"href":"https:\/\/www.jda.es\/ca\/wp-json\/wp\/v2\/users\/50"}],"replies":[{"embeddable":true,"href":"https:\/\/www.jda.es\/ca\/wp-json\/wp\/v2\/comments?post=22793"}],"version-history":[{"count":0,"href":"https:\/\/www.jda.es\/ca\/wp-json\/wp\/v2\/posts\/22793\/revisions"}],"wp:featuredmedia":[{"embeddable":true,"href":"https:\/\/www.jda.es\/ca\/wp-json\/wp\/v2\/media\/22783"}],"wp:attachment":[{"href":"https:\/\/www.jda.es\/ca\/wp-json\/wp\/v2\/media?parent=22793"}],"wp:term":[{"taxonomy":"category","embeddable":true,"href":"https:\/\/www.jda.es\/ca\/wp-json\/wp\/v2\/categories?post=22793"},{"taxonomy":"post_tag","embeddable":true,"href":"https:\/\/www.jda.es\/ca\/wp-json\/wp\/v2\/tags?post=22793"}],"curies":[{"name":"wp","href":"https:\/\/api.w.org\/{rel}","templated":true}]}}