{"id":22543,"date":"2022-09-02T08:02:43","date_gmt":"2022-09-02T08:02:43","guid":{"rendered":"http:\/\/fwcpfcf.cluster026.hosting.ovh.net\/?p=22543"},"modified":"2022-09-02T08:02:43","modified_gmt":"2022-09-02T08:02:43","slug":"com-afecten-les-empreses-les-mesures-destalvi-energetic-aprovades-pel-reial-decret-llei-14-2022","status":"publish","type":"post","link":"https:\/\/www.jda.es\/ca\/com-afecten-les-empreses-les-mesures-destalvi-energetic-aprovades-pel-reial-decret-llei-14-2022\/","title":{"rendered":"Com afecten les empreses les mesures d&#8217;estalvi energ\u00e8tic aprovades pel Reial decret llei 14\/2022?"},"content":{"rendered":"<div class=\"summary\">\n<p>Entre les novetats m\u00e9s destacades, en els edificis i locals destinats als usos administratiu, comercial (botigues, supermercats, grans magatzems, centres comercials i similars), i en els d&#8217;\u00fas cultural (teatres, cinemes, auditoris, centres de congressos, sales d&#8217;exposicions i similars), d&#8217;espectacles p\u00fablics i activitats recreatives, de restauraci\u00f3 (bars, restaurants i cafeteries) i de transport de persones (estacions i aeroports), la temperatura de l&#8217;aire en els recintes calefactats no ser\u00e0 superior a 19\u00b0, i la temperatura de l&#8217;aire en els recintes refrigerats no ser\u00e0 inferior a 27\u00b0. Aquestes limitacions, que van entrar en vigor el dia 9 d&#8217;agost i tindran vig\u00e8ncia fins a l\u20191 de novembre de 2023, s&#8217;aplicaran, exclusivament, durant l&#8217;\u00fas, explotaci\u00f3 i manteniment de les instal\u00b7lacions t\u00e8rmiques dels edificis i locals, amb independ\u00e8ncia de les condicions interiors de disseny.<\/p>\n<\/div>\n<div class=\"content\">\n<p>El passat 2 d&#8217;agost es va publicar al BOE el\u00a0<a class=\"external\" href=\"https:\/\/www.boe.es\/eli\/es\/rdl\/2022\/08\/01\/14\/dof\/spa\/pdf\" target=\"_blank\" rel=\"external noopener\">Reial decret llei 14\/2022, d&#8217;1 d&#8217;agost<\/a>, de mesures de sostenibilitat econ\u00f2mica en l&#8217;\u00e0mbit del transport, en mat\u00e8ria de beques i ajuts a l&#8217;estudi, aix\u00ed com de mesures d&#8217;estalvi, efici\u00e8ncia energ\u00e8tica i de reducci\u00f3 de la depend\u00e8ncia energ\u00e8tica del gas natural.<\/p>\n<p>Es tracta d&#8217;una norma aprovada en el marc del Pla Nacional de resposta a les conseq\u00fc\u00e8ncies econ\u00f2miques i socials de la guerra a Ucra\u00efna, que, entre altres, recull una s\u00e8rie de mesures d&#8217;estalvi energ\u00e8tic i climatitzaci\u00f3.<\/p>\n<p>En concret, el T\u00edtol V de la norma introdueix un conjunt de mesures dedicades al foment de l&#8217;estalvi i l&#8217;efici\u00e8ncia energ\u00e8tica, entre les quals destaca el denominat Pla de xoc d&#8217;estalvi i gesti\u00f3 energ\u00e8tica en climatitzaci\u00f3. El Pla\u00a0<strong>estar\u00e0 vigent fins a l&#8217;1 de novembre de 2023<\/strong>.<\/p>\n<p>La normativa afecta principalment als organismes de l&#8217;Administraci\u00f3, als transports p\u00fablics, als centres de treball de totes les empreses, els comer\u00e7os i els negocis de cara al p\u00fablic.<\/p>\n<p><strong>OBLIGACIONS EN MAT\u00c8RIA DE CLIMATITZACI\u00d3 D&#8217;EDIFICIS P\u00daBLICS I PRIVATS<\/strong><\/p>\n<p><strong>1. Mantenir les temperatures de calefacci\u00f3 i refrigeraci\u00f3 a 19\u00b0 i 27\u00b0, respectivament<\/strong><\/p>\n<p>Als edificis i locals destinats als usos administratiu, comercial (botigues, supermercats, grans magatzems, centres comercials i similars), i en els de concurr\u00e8ncia p\u00fablica, \u00e9s a dir, els d&#8217;\u00fas cultural (teatres, cinemes, auditoris, centres de congressos, sales d&#8217;exposicions i similars), d&#8217;espectacles p\u00fablics i activitats recreatives, de restauraci\u00f3 (bars, restaurants i cafeteries) i de transport de persones (estacions i aeroports):<\/p>\n<ul>\n<li>La temperatura de l&#8217;aire als recintes calefactats no ser\u00e0 superior a 19\u00b0.<\/li>\n<li>La temperatura de l&#8217;aire als recintes refrigerats no ser\u00e0 inferior a 27\u00b0.<\/li>\n<li>Les condicions de temperatura anteriors estaran referides al manteniment d&#8217;una humitat relativa compresa entre el 30% i el 70%.<\/li>\n<\/ul>\n<p>Aquestes limitacions, que van entrar en\u00a0<strong>vigor el dia 9 d&#8217;agost i tindran vig\u00e8ncia fins a l&#8217;1 de novembre de 2023<\/strong>, s&#8217;aplicaran, exclusivament, durant l&#8217;\u00fas, explotaci\u00f3 i manteniment de les instal\u00b7lacions t\u00e8rmiques dels edificis i locals, amb independ\u00e8ncia de les condicions interiors de disseny.<\/p>\n<p><strong><em>1.1 Quins llocs estaran exempts d&#8217;aplicar el control de temperatura?<\/em><\/strong><\/p>\n<p>No estaran obligats a complir aquestes limitacions aquells recintes que justifiquin la necessitat de mantenir condicions ambientals especials o que disposin de normativa espec\u00edfica, sup\u00f2sits en els quals haur\u00e0 d&#8217;existir una separaci\u00f3 f\u00edsica entre el recinte amb els locals contigus que estiguin obligats a mantenir les condicions indicades anteriorment.<\/p>\n<p>Entre aquests llocs es troben centres sanitaris, educatius, perruqueries i gimnasos. Tampoc ser\u00e0 aplicable a l&#8217;interior de trens, avions o vaixells, ni a les habitacions dels hotels, que s\u00f3n de regulaci\u00f3 privada.<\/p>\n<p><strong>2. Mostrar en cartells o pantalles les mesures d&#8217;estalvi obligat\u00f2ries<\/strong><\/p>\n<p>La norma introdueix una s\u00e8rie d&#8217;obligacions en mat\u00e8ria d&#8217;informaci\u00f3, mitjan\u00e7ant cartells o pantalles, que seran\u00a0<strong>exigibles des del dia 2 de setembre fins a l&#8217;1 de novembre de 2023<\/strong>, sobre les mesures d&#8217;estalvi energ\u00e8tic aplicades.<\/p>\n<p><strong>3. Instal\u00b7lar tancaments autom\u00e0tics a les portes d&#8217;acc\u00e9s<\/strong><\/p>\n<p>Els edificis i locals amb acc\u00e9s des del carrer objecte de limitaci\u00f3 de temperatures disposaran d&#8217;algun sistema de tancament de portes adequat (que podr\u00e0 consistir en un simple bra\u00e7 de tancament autom\u00e0tic) amb la finalitat d&#8217;impedir que romanguin obertes permanentment. L&#8217;obligaci\u00f3 es fa extensiva als edificis i locals que es climatitzin amb energia renovable, que fins al moment estaven exempts d&#8217;obligacions d&#8217;aquest tipus.<\/p>\n<p>Aquesta exig\u00e8ncia\u00a0<strong>caldr\u00e0 complir-la abans del 30 de setembre de 2022<\/strong>.<\/p>\n<p><strong>4. Apagar les llums dels aparadors<\/strong><\/p>\n<p>La il\u00b7luminaci\u00f3 d&#8217;aparadors haur\u00e0 d&#8217;estar apagada des de les 22 hores, i tamb\u00e9 l&#8217;enllumenat d&#8217;edificis p\u00fablics que a aquesta hora es trobin desocupats. Aquesta obligaci\u00f3\u00a0<strong>va entrar en vigor el dia 9 d&#8217;agost i tindr\u00e0 vig\u00e8ncia fins a l&#8217;1 de novembre de 2023<\/strong>.<\/p>\n<p><strong>5. Avan\u00e7ar la seg\u00fcent inspecci\u00f3 d&#8217;efici\u00e8ncia energ\u00e8tica<\/strong><\/p>\n<p>Les instal\u00b7lacions objecte de les limitacions de temperatura assenyalades que tinguin obligaci\u00f3 de sotmetre&#8217;s a inspeccions d&#8217;efici\u00e8ncia energ\u00e8tica i que la seva \u00faltima inspecci\u00f3\u00a0<strong>s&#8217;hagi realitzat amb anterioritat a l&#8217;1 de gener de 2021<\/strong>\u00a0hauran d&#8217;avan\u00e7ar de manera puntual la seg\u00fcent inspecci\u00f3 per\u00a0<strong>complir aquestes obligacions abans de l&#8217;1 de desembre de 2022<\/strong>, perqu\u00e8 no m\u00e9s tard d&#8217;aquest dia les instal\u00b7lacions obligades hagin passat per una inspecci\u00f3 d&#8217;aquest tipus en els \u00faltims dos anys.<\/p>\n<p>L&#8217;informe d&#8217;inspecci\u00f3 haur\u00e0 d&#8217;incloure recomanacions per millorar en termes de rendibilitat l&#8217;efici\u00e8ncia energ\u00e8tica de la instal\u00b7laci\u00f3 inspeccionada.<\/p>\n<p>Les administracions p\u00fabliques podran aplicar procediments de contractaci\u00f3 d&#8217;urg\u00e8ncia a fi d&#8217;executar amb rapidesa les obres de millora energ\u00e8tica en els seus edificis. A m\u00e9s, aquests contractes s&#8217;executaran en un termini inferior a un mes des de la seva formalitzaci\u00f3.<\/p>\n<p>Es poden posar en contacte amb aquest despatx professional per qualsevol dubte o aclariment que puguin tenir sobre aquesta q\u00fcesti\u00f3.<\/p>\n<\/div>\n<p>&nbsp;<\/p>\n<div class=\"wpb_text_column\">\n<p>Consulteu els nostres serveis\u00a0<a href=\"https:\/\/www.jda.es\/servicios\/\">aqu\u00ed<\/a>.<\/p>\n<p>JDA\/SFAI<\/p>\n<\/div>\n<p>&nbsp;<\/p>\n","protected":false},"excerpt":{"rendered":"<p>Entre les novetats m\u00e9s destacades, en els edificis i locals destinats als usos administratiu, comercial (botigues, supermercats, grans magatzems, centres comercials i similars), i en els d&#8217;\u00fas cultural (teatres, cinemes, auditoris, centres de congressos, sales d&#8217;exposicions i similars), d&#8217;espectacles p\u00fablics i activitats recreatives, de restauraci\u00f3 (bars, restaurants i cafeteries) i de transport de persones (estacions<\/p>\n","protected":false},"author":50,"featured_media":22532,"comment_status":"open","ping_status":"open","sticky":false,"template":"","format":"standard","meta":{"rs_blank_template":"","rs_page_bg_color":"","slide_template_v7":"","footnotes":""},"categories":[833,785],"tags":[],"class_list":["post-22543","post","type-post","status-publish","format-standard","has-post-thumbnail","hentry","category-economia-ca","category-empreses"],"_links":{"self":[{"href":"https:\/\/www.jda.es\/ca\/wp-json\/wp\/v2\/posts\/22543","targetHints":{"allow":["GET"]}}],"collection":[{"href":"https:\/\/www.jda.es\/ca\/wp-json\/wp\/v2\/posts"}],"about":[{"href":"https:\/\/www.jda.es\/ca\/wp-json\/wp\/v2\/types\/post"}],"author":[{"embeddable":true,"href":"https:\/\/www.jda.es\/ca\/wp-json\/wp\/v2\/users\/50"}],"replies":[{"embeddable":true,"href":"https:\/\/www.jda.es\/ca\/wp-json\/wp\/v2\/comments?post=22543"}],"version-history":[{"count":0,"href":"https:\/\/www.jda.es\/ca\/wp-json\/wp\/v2\/posts\/22543\/revisions"}],"wp:featuredmedia":[{"embeddable":true,"href":"https:\/\/www.jda.es\/ca\/wp-json\/wp\/v2\/media\/22532"}],"wp:attachment":[{"href":"https:\/\/www.jda.es\/ca\/wp-json\/wp\/v2\/media?parent=22543"}],"wp:term":[{"taxonomy":"category","embeddable":true,"href":"https:\/\/www.jda.es\/ca\/wp-json\/wp\/v2\/categories?post=22543"},{"taxonomy":"post_tag","embeddable":true,"href":"https:\/\/www.jda.es\/ca\/wp-json\/wp\/v2\/tags?post=22543"}],"curies":[{"name":"wp","href":"https:\/\/api.w.org\/{rel}","templated":true}]}}