{"id":22326,"date":"2022-06-22T14:44:09","date_gmt":"2022-06-22T14:44:09","guid":{"rendered":"http:\/\/fwcpfcf.cluster026.hosting.ovh.net\/?p=22326"},"modified":"2022-06-22T14:57:20","modified_gmt":"2022-06-22T14:57:20","slug":"fins-al-30-de-juny-pot-modificar-la-base-de-cotitzacio-com-a-autonom-2022","status":"publish","type":"post","link":"https:\/\/www.jda.es\/ca\/fins-al-30-de-juny-pot-modificar-la-base-de-cotitzacio-com-a-autonom-2022\/","title":{"rendered":"Fins al 30 de juny pot modificar la base de cotitzaci\u00f3 com a aut\u00f2nom 2022"},"content":{"rendered":"<div class=\"summary\">\n<p>Li recordem que t\u00e9 l&#8217;oportunitat de modificar la base de cotitzaci\u00f3 del r\u00e8gim especial de treballadors aut\u00f2noms (RETA) i la quota a pagar, dins dels l\u00edmits permesos segons l\u2019edat, fins al 30 de juny de 2022. Aquesta modificaci\u00f3 tindr\u00e0 efectes a partir de l&#8217;1 de juliol de 2022.<\/p>\n<\/div>\n<div class=\"content\">\n<p>Els aut\u00f2noms s\u00f3n els \u00fanics treballadors que poden triar la base per la qual cotitzen. Aquesta decisi\u00f3 \u00e9s molt important, ja que d&#8217;ella depenen les seves prestacions presents i la seva futura pensi\u00f3. La base de cotitzaci\u00f3 es pot modificar f\u00e0cilment i de manera telem\u00e0tica a trav\u00e9s del sistema RED. No obstant aix\u00f2, cal tenir en compte els tr\u00e0mits i els per\u00edodes per fer el canvi.<\/p>\n<p><strong>Atenci\u00f3.<\/strong>\u00a0L&#8217;elecci\u00f3 que es faci de la quota ser\u00e0 molt rellevant, perqu\u00e8 aquest \u00e9s el par\u00e0metre que marca la quantia de les prestacions que rebr\u00e0 l&#8217;aut\u00f2nom en cas de malaltia, accident, atur, maternitat o jubilaci\u00f3.<\/p>\n<p>Li recordem que dins dels marges de la base m\u00ednima establerta per a 2022, de 960,60 euros mensuals, i de la base m\u00e0xima, que ascendeix a 4.139,40 euros, encara que en alguns casos poden ser diferents, els aut\u00f2noms\u00a0<strong>poden modificar-la segons les seves necessitats fins a 4 vegades en un mateix exercici fiscal<\/strong>, triant-ne una altra dins dels l\u00edmits m\u00ednim i m\u00e0xim que els resultin aplicables en cada exercici (el dia primer d&#8217;abril, juliol, octubre i gener).<\/p>\n<p>No obstant aix\u00f2, segons l&#8217;edat de l&#8217;aut\u00f2nom a 1 de gener, la base de cotitzaci\u00f3 a triar en 2022 est\u00e0 limitada. A aquest efecte:<\/p>\n<ul>\n<li>Si a 1 de gener de 2022 encara no havia complert quaranta-set anys, podr\u00e0 triar qualsevol base de cotitzaci\u00f3 dins dels l\u00edmits m\u00ednims i m\u00e0xims indicats.<\/li>\n<\/ul>\n<ul>\n<li>La mateixa regla se li aplicar\u00e0 si a aquesta data tenia quaranta-set anys i la seva base de cotitzaci\u00f3 a desembre de 2021 va ser igual o superior a 2.077,80 euros (o si causa alta en el RETA amb posterioritat a aquesta data). Si no es compleixen els requisits indicats, no podr\u00e0 triar una base superior a 2.113,20 euros mensuals. No obstant aix\u00f2, podr\u00e0 triar una base superior (fins a la m\u00e0xima de 4.139,40 euros) si exercita la seva opci\u00f3 abans del 30 de juny de 2022 (amb efectes per a l&#8217;1 de juliol de 2022).<\/li>\n<\/ul>\n<ul>\n<li>Els aut\u00f2noms que a principis de 2022 ja tenien 48 o m\u00e9s anys i vulguin augmentar la seva base nom\u00e9s podran triar una base d&#8217;entre 1.035,90 i 2.113,20 euros.<\/li>\n<\/ul>\n<p>Existeixen regles especials per als c\u00f2njuges que hagin hagut de posar-se al capdavant del negoci a conseq\u00fc\u00e8ncia de la defunci\u00f3 del c\u00f2njuge titular, aix\u00ed com per als aut\u00f2noms que amb anterioritat a cinquanta anys haguessin cotitzat en qualsevol dels r\u00e8gims del sistema de la Seguretat Social cinc anys o m\u00e9s.<\/p>\n<p>Per als aut\u00f2noms que en algun moment de l&#8217;any 2021 i de manera simult\u00e0nia hagin tingut contractats 10 treballadors o m\u00e9s, la base m\u00ednima de cotitzaci\u00f3 ser\u00e0 de 1.234,80 euros mensuals. I la mateixa base m\u00ednima tindran els aut\u00f2noms societaris (aut\u00f2noms que es donen d&#8217;alta al RETA per tenir el control de la seva SL i treballar-hi), excepte els que causin alta inicial al RETA, durant els 12 primers mesos de la seva activitat.<\/p>\n<p>Aix\u00ed doncs,\u00a0<strong>els aut\u00f2noms que desitgin canviar la seva quota hauran de fer el canvi en la seva base de cotitzaci\u00f3 fins al 30 de juny<\/strong>. Dada crucial per a milers de treballadors per compte propi que continuen presentant caigudes importants en la seva facturaci\u00f3, i que veuen en la seva quota mensual una despesa que llastra la rendibilitat del seu negoci.<\/p>\n<p>A m\u00e9s, tamb\u00e9 pot sol\u00b7licitar que la quantia per la qual cotitza s&#8217;incrementi autom\u00e0ticament cada any en la mateixa proporci\u00f3 que ho hagi fet la base m\u00ednima o m\u00e0xima de cotitzaci\u00f3, o comunicar que renuncia a aquest increment, i tot aix\u00f2 haur\u00e0 de comunicar-ho tamb\u00e9 abans de l&#8217;1 de juliol.<\/p>\n<p>La sol\u00b7licitud de canvi de la base de cotitzaci\u00f3 en el r\u00e8gim especial de treballadors aut\u00f2noms es pot sol\u00b7licitar directament per l&#8217;aut\u00f2nom a trav\u00e9s de la seu electr\u00f2nica de la Seguretat Social, si disposa d&#8217;un certificat digital o usuari\/contrasenya o mitjan\u00e7ant el servei de Canvi de base de cotitzaci\u00f3-aut\u00f2noms.<\/p>\n<p>Igualment, la sol\u00b7licitud es pot presentar mitjan\u00e7ant el model de sol\u00b7licitud de canvi de base de cotitzaci\u00f3 en el r\u00e8gim especial de treballadors aut\u00f2noms (TC.4005).<\/p>\n<p>Si est\u00e0 interessat a modificar la base de cotitzaci\u00f3 (amb la finalitat d&#8217;augmentar la base de c\u00e0lcul de la jubilaci\u00f3 o la baixa d&#8217;incapacitat temporal), els agrair\u00edem que ens ho fessin saber amb la m\u00e0xima antelaci\u00f3 possible.<\/p>\n<p>Es poden posar en contacte amb aquest despatx professional per qualsevol dubte o aclariment que puguin tenir sobre aquest tema.<\/p>\n<\/div>\n<p>&nbsp;<\/p>\n<p>Consulteu els nostres serveis\u00a0<a href=\"https:\/\/www.jda.es\/servicios\/\">aqu\u00ed<\/a>.<\/p>\n<p>JDA\/SFAI<\/p>\n","protected":false},"excerpt":{"rendered":"<p>Li recordem que t\u00e9 l&#8217;oportunitat de modificar la base de cotitzaci\u00f3 del r\u00e8gim especial de treballadors aut\u00f2noms (RETA) i la quota a pagar, dins dels l\u00edmits permesos segons l\u2019edat, fins al 30 de juny de 2022. Aquesta modificaci\u00f3 tindr\u00e0 efectes a partir de l&#8217;1 de juliol de 2022. Els aut\u00f2noms s\u00f3n els \u00fanics treballadors que<\/p>\n","protected":false},"author":50,"featured_media":22332,"comment_status":"open","ping_status":"open","sticky":false,"template":"","format":"standard","meta":{"rs_blank_template":"","rs_page_bg_color":"","slide_template_v7":"","footnotes":""},"categories":[833,785,791],"tags":[],"class_list":["post-22326","post","type-post","status-publish","format-standard","has-post-thumbnail","hentry","category-economia-ca","category-empreses","category-fiscal-ca"],"_links":{"self":[{"href":"https:\/\/www.jda.es\/ca\/wp-json\/wp\/v2\/posts\/22326","targetHints":{"allow":["GET"]}}],"collection":[{"href":"https:\/\/www.jda.es\/ca\/wp-json\/wp\/v2\/posts"}],"about":[{"href":"https:\/\/www.jda.es\/ca\/wp-json\/wp\/v2\/types\/post"}],"author":[{"embeddable":true,"href":"https:\/\/www.jda.es\/ca\/wp-json\/wp\/v2\/users\/50"}],"replies":[{"embeddable":true,"href":"https:\/\/www.jda.es\/ca\/wp-json\/wp\/v2\/comments?post=22326"}],"version-history":[{"count":0,"href":"https:\/\/www.jda.es\/ca\/wp-json\/wp\/v2\/posts\/22326\/revisions"}],"wp:featuredmedia":[{"embeddable":true,"href":"https:\/\/www.jda.es\/ca\/wp-json\/wp\/v2\/media\/22332"}],"wp:attachment":[{"href":"https:\/\/www.jda.es\/ca\/wp-json\/wp\/v2\/media?parent=22326"}],"wp:term":[{"taxonomy":"category","embeddable":true,"href":"https:\/\/www.jda.es\/ca\/wp-json\/wp\/v2\/categories?post=22326"},{"taxonomy":"post_tag","embeddable":true,"href":"https:\/\/www.jda.es\/ca\/wp-json\/wp\/v2\/tags?post=22326"}],"curies":[{"name":"wp","href":"https:\/\/api.w.org\/{rel}","templated":true}]}}