{"id":22149,"date":"2022-05-18T11:46:47","date_gmt":"2022-05-18T11:46:47","guid":{"rendered":"http:\/\/fwcpfcf.cluster026.hosting.ovh.net\/?p=22149"},"modified":"2022-05-19T09:14:37","modified_gmt":"2022-05-19T09:14:37","slug":"hisenda-inicia-una-campanya-dinformacio-respecte-a-la-cessio-de-lus-de-vehicles-als-treballadors-per-al-seu-us-particular","status":"publish","type":"post","link":"https:\/\/www.jda.es\/ca\/hisenda-inicia-una-campanya-dinformacio-respecte-a-la-cessio-de-lus-de-vehicles-als-treballadors-per-al-seu-us-particular\/","title":{"rendered":"Hisenda inicia una campanya d\u2019informaci\u00f3 respecte a la cessi\u00f3 de l\u2019\u00fas de vehicles als treballadors per al seu \u00fas particular"},"content":{"rendered":"<div class=\"summary\">\n<p>L&#8217;informem que l&#8217;Ag\u00e8ncia Estatal de l&#8217;Administraci\u00f3 Tribut\u00e0ria (AEAT) ha iniciat un enviament massiu de cartes a les empreses avisant-les que disposa d&#8217;<strong>informaci\u00f3 dels vehicles de la seva propietat i d&#8217;aquells de qu\u00e8 disposa mitjan\u00e7ant un contracte de l\u00edsing<\/strong>\u00a0i avisant que han comen\u00e7at una campanya d&#8217;informaci\u00f3 respecte de les conseq\u00fc\u00e8ncies tribut\u00e0ries de la cessi\u00f3 de l&#8217;\u00fas de vehicles als treballadors per al seu \u00fas particular.<\/p>\n<\/div>\n<div class=\"content\">\n<p>En concret, les cartes se centren en les conseq\u00fc\u00e8ncies tribut\u00e0ries de la cessi\u00f3 de l&#8217;\u00fas de vehicles als treballadors per al seu \u00fas particular, \u00e9s a dir, la\u00a0<strong>retribuci\u00f3 en esp\u00e8cie en l&#8217;IRPF sense declarar-lo<\/strong>, per\u00f2 les actuacions de l&#8217;AEAT respecte als cotxes d&#8217;empresa tamb\u00e9 es dirigeixen a\u00a0<strong>les despeses en l&#8217;IVA i a l&#8217;impost sobre societats<\/strong>.<\/p>\n<p>Les cartes\u00a0<strong>apunten directament a vehicles d&#8217;alta gamma<\/strong>, habituals tant en grans empreses com en pimes i sobre els quals Hisenda posa el focus pel seu valor m\u00e9s elevat i, a difer\u00e8ncia d&#8217;uns altres, sobretot els retolats amb el logo de l&#8217;empresa, per la presumpci\u00f3 del seu \u00fas habitual en la vida privada del treballador.<\/p>\n<p>Els contribuents per l&#8217;IRPF (persones f\u00edsiques i entitats en atribuci\u00f3 de rendes no subjectes a l&#8217;impost sobre societats) s\u00f3n els que normalment surten m\u00e9s mal parats quant a la possibilitat de poder deduir un vehicle afecte a l&#8217;activitat i les seves despeses access\u00f2ries. En primer lloc, la deducci\u00f3 de qualsevol despesa relativa al vehicle exigiria que aquest tingu\u00e9s la consideraci\u00f3 d&#8217;element patrimonial afecte a l&#8217;activitat econ\u00f2mica desenvolupada pel contribuent.<\/p>\n<p><strong>Ens podem trobar davant dues tipologies de vehicles:<\/strong><\/p>\n<p><strong>Vehicles sense riscos<\/strong><\/p>\n<ul>\n<li>Els vehicles mixtos destinats al transport de mercaderies.<\/li>\n<li>Els destinats a la prestaci\u00f3 de serveis de transport de viatgers mitjan\u00e7ant contraprestaci\u00f3.<\/li>\n<li>Els destinats a la prestaci\u00f3 de serveis d&#8217;ensenyament de conductors o pilots mitjan\u00e7ant contraprestaci\u00f3.<\/li>\n<li>Els destinats als despla\u00e7aments professionals dels representants o agents comercials.<\/li>\n<li>Els destinats a ser objecte de cessi\u00f3 d&#8217;\u00fas amb habitualitat i onerositat.<\/li>\n<\/ul>\n<p>En aquests casos es presumeix una afectaci\u00f3 total a l&#8217;activitat i la seva deducci\u00f3 com a despesa via amortitzaci\u00f3 i les altres despeses access\u00f2ries (gasolina, reparacions, asseguran\u00e7a, impostos municipals, etc.) no planteja en principi cap mena de dubte. Ara b\u00e9, cal tenir en compte que \u00e9s una llista taxada i limitada a unes certes activitats o caracter\u00edstiques del vehicle. Aix\u00ed, per exemple, qualsevol professional que no sigui agent o representant comercial no podr\u00e0 deduir el vehicle, encara que faci tasques similars. O b\u00e9, si el vehicle no est\u00e0 catalogat com de transport de mercaderies exclusivament, tampoc podria acollir-se a aquesta excepci\u00f3.<\/p>\n<p><strong>La resta de vehicles<\/strong><\/p>\n<p>D&#8217;acord amb aquest precepte, la resta de vehicles, at\u00e8s que l&#8217;activitat ja no es trobar\u00e0 entre les excepcions contemplades anteriorment, s&#8217;exigeix per part de l&#8217;Administraci\u00f3 Tribut\u00e0ria una utilitzaci\u00f3 exclusiva en l&#8217;activitat.<\/p>\n<p><strong>En el cas d&#8217;utilitzaci\u00f3 exclusiva del vehicle en l&#8217;activitat<\/strong>, es podran deduir per a la determinaci\u00f3 del rendiment net de l&#8217;activitat tant l&#8217;amortitzaci\u00f3 del vehicle, com les despeses derivades de la seva utilitzaci\u00f3 (reparacions, carburant, asseguran\u00e7a, etc.). En el cas que la utilitzaci\u00f3 del vehicle en l&#8217;activitat no fos exclusiva, \u00e9s a dir, que tamb\u00e9 fos utilitzat per a altres fins, no tindr\u00e0 la consideraci\u00f3 d&#8217;afecte a l&#8217;activitat econ\u00f2mica, i no seran dedu\u00efbles en la determinaci\u00f3 del rendiment net ni les amortitzacions, ni les esmentades despeses derivades de la seva utilitzaci\u00f3.<\/p>\n<p><strong>Deducci\u00f3 de l&#8217;IVA<\/strong><\/p>\n<p>En l&#8217;IVA, s&#8217;apliquen unes regles diferents que en l&#8217;IRPF. En l&#8217;IVA\u00a0<strong>es mant\u00e9 una deducci\u00f3 del 50% de les quotes suportades<\/strong>. Aix\u00f2 porta com a conseq\u00fc\u00e8ncia la paradoxa que una despesa no sigui fiscalment dedu\u00efble en l&#8217;IRPF, per\u00f2 s\u00ed el 50% de la quota.<\/p>\n<p>Cal tenir en compte que, si el vehicle tamb\u00e9 \u00e9s usat de manera personal per algun treballador, administrador, etc.,\u00a0<strong>es generar\u00e0 una retribuci\u00f3 en esp\u00e8cie que caldr\u00e0 incloure en la seva n\u00f2mina<\/strong>.<\/p>\n<p>En resum, depenent de la classe de vehicle, de l&#8217;activitat que s&#8217;exerceixi, de l&#8217;impost de qu\u00e8 es tracti i de la tipologia del contribuent podrem deduir-lo tot, part o res.<\/p>\n<p>Es poden posar en contacte amb aquest despatx professional per qualsevol dubte o aclariment que puguin tenir sobre aquest tema.<\/p>\n<\/div>\n<p>&nbsp;<\/p>\n<p>Consulteu els nostres serveis\u00a0<a href=\"https:\/\/www.jda.es\/servicios\/\">aqu\u00ed<\/a>.<\/p>\n<p>JDA\/SFAI<\/p>\n","protected":false},"excerpt":{"rendered":"<p>L&#8217;informem que l&#8217;Ag\u00e8ncia Estatal de l&#8217;Administraci\u00f3 Tribut\u00e0ria (AEAT) ha iniciat un enviament massiu de cartes a les empreses avisant-les que disposa d&#8217;informaci\u00f3 dels vehicles de la seva propietat i d&#8217;aquells de qu\u00e8 disposa mitjan\u00e7ant un contracte de l\u00edsing\u00a0i avisant que han comen\u00e7at una campanya d&#8217;informaci\u00f3 respecte de les conseq\u00fc\u00e8ncies tribut\u00e0ries de la cessi\u00f3 de l&#8217;\u00fas<\/p>\n","protected":false},"author":50,"featured_media":22139,"comment_status":"open","ping_status":"open","sticky":false,"template":"","format":"standard","meta":{"rs_blank_template":"","rs_page_bg_color":"","slide_template_v7":"","footnotes":""},"categories":[785,825,796],"tags":[],"class_list":["post-22149","post","type-post","status-publish","format-standard","has-post-thumbnail","hentry","category-empreses","category-actualitat-laboral","category-recursos-humans"],"_links":{"self":[{"href":"https:\/\/www.jda.es\/ca\/wp-json\/wp\/v2\/posts\/22149","targetHints":{"allow":["GET"]}}],"collection":[{"href":"https:\/\/www.jda.es\/ca\/wp-json\/wp\/v2\/posts"}],"about":[{"href":"https:\/\/www.jda.es\/ca\/wp-json\/wp\/v2\/types\/post"}],"author":[{"embeddable":true,"href":"https:\/\/www.jda.es\/ca\/wp-json\/wp\/v2\/users\/50"}],"replies":[{"embeddable":true,"href":"https:\/\/www.jda.es\/ca\/wp-json\/wp\/v2\/comments?post=22149"}],"version-history":[{"count":0,"href":"https:\/\/www.jda.es\/ca\/wp-json\/wp\/v2\/posts\/22149\/revisions"}],"wp:featuredmedia":[{"embeddable":true,"href":"https:\/\/www.jda.es\/ca\/wp-json\/wp\/v2\/media\/22139"}],"wp:attachment":[{"href":"https:\/\/www.jda.es\/ca\/wp-json\/wp\/v2\/media?parent=22149"}],"wp:term":[{"taxonomy":"category","embeddable":true,"href":"https:\/\/www.jda.es\/ca\/wp-json\/wp\/v2\/categories?post=22149"},{"taxonomy":"post_tag","embeddable":true,"href":"https:\/\/www.jda.es\/ca\/wp-json\/wp\/v2\/tags?post=22149"}],"curies":[{"name":"wp","href":"https:\/\/api.w.org\/{rel}","templated":true}]}}