{"id":21984,"date":"2022-04-21T16:07:29","date_gmt":"2022-04-21T16:07:29","guid":{"rendered":"http:\/\/fwcpfcf.cluster026.hosting.ovh.net\/?p=21984"},"modified":"2022-04-21T16:07:29","modified_gmt":"2022-04-21T16:07:29","slug":"fi-de-lobligatorietat-de-lus-de-les-mascares-en-espais-interiors-amb-caracter-general-des-del-20-dabril","status":"publish","type":"post","link":"https:\/\/www.jda.es\/ca\/fi-de-lobligatorietat-de-lus-de-les-mascares-en-espais-interiors-amb-caracter-general-des-del-20-dabril\/","title":{"rendered":"Fi de l\u2019obligatorietat de l\u2019\u00fas de les m\u00e0scares en espais interiors amb car\u00e0cter general des del 20 d\u2019abril"},"content":{"rendered":"<div class=\"summary\">\n<p>Al BOE del 20 d\u2019abril de 2022 s\u2019ha publicat el Reial decret 286\/2022, que posa fi a l\u2019\u00fas de m\u00e0scares en interiors, excepte en determinats casos, com en hospitals o el transport p\u00fablic.<\/p>\n<\/div>\n<div class=\"content\">\n<p>Al BOE del 20 d&#8217;abril de 2022 s&#8217;ha publicat el Reial decret 286\/2022, de 19 d&#8217;abril, pel qual es modifica l&#8217;obligatorietat de l&#8217;\u00fas de m\u00e0scares durant la situaci\u00f3 de crisi sanit\u00e0ria ocasionada per la COVID-19, amb entrada en vigor aquest mateix dia. \u00c9s a dir, des de dimecres passat dia 20 d&#8217;abril de 2022 i despr\u00e9s de gaireb\u00e9 set-cents dies sent obligatori el seu \u00fas en interiors, la m\u00e0scara deixar\u00e0 de ser obligat\u00f2ria.<\/p>\n<p>No obstant aix\u00f2, en aquest RD 286\/2022 s&#8217;estableixen els \u00e0mbits en els quals la\u00a0<strong>m\u00e0scara continuar\u00e0 sent obligat\u00f2ria<\/strong>. No obstant aix\u00f2, es recomana per a totes les persones amb m\u00e9s vulnerabilitat davant la infecci\u00f3 per COVID-19 que es mantingui l&#8217;\u00fas de m\u00e0scara en qualsevol situaci\u00f3 en la qual es tingui contacte prolongat amb persones en una dist\u00e0ncia menor d&#8217;1,5 metres.<\/p>\n<p>Per aix\u00f2, es recomana un \u00fas responsable de la m\u00e0scara en els espais tancats d&#8217;\u00fas p\u00fablic en els quals les persones transiten o romanen un temps prolongat. Aix\u00ed mateix, es recomana l&#8217;\u00fas responsable de la m\u00e0scara en els esdeveniments multitudinaris. En l&#8217;entorn familiar i en reunions o celebracions privades, es recomana un \u00fas responsable en funci\u00f3 de la vulnerabilitat dels participants.<\/p>\n<p>En l&#8217;<strong>entorn laboral<\/strong>, amb car\u00e0cter general, no ser\u00e0 preceptiu l&#8217;\u00fas de m\u00e0scares. No obstant aix\u00f2, els responsables en mat\u00e8ria de prevenci\u00f3 de riscos laborals, d&#8217;acord amb la corresponent avaluaci\u00f3 de riscos del lloc de treball, podran determinar les mesures preventives adequades que s&#8217;hagin d&#8217;implantar al lloc de treball o en determinats espais dels centres de treball, incl\u00f2s el possible \u00fas de m\u00e0scares, si aix\u00ed es deriv\u00e9s de la referida avaluaci\u00f3.<\/p>\n<p><strong>Obligatorietat de l&#8217;\u00fas de la m\u00e0scara des del 20 d&#8217;abril de 2022<\/strong><\/p>\n<p>Als\u00a0<strong>centres, serveis i establiments sanitaris (farm\u00e0cies, per exemple)<\/strong>, ja que s\u00f3n \u00e0mbits on pot haver-hi una concentraci\u00f3 m\u00e9s elevada de persones vulnerables en les quals el risc de malaltia greu \u00e9s m\u00e9s gran i, d&#8217;altra banda, on la probabilitat de transmissi\u00f3 \u00e9s m\u00e9s alta, ja que s\u00f3n llocs on pot haver-hi un nombre m\u00e9s elevat de persones amb infeccions respirat\u00f2ries transmissibles, a m\u00e9s de la COVID-19.<\/p>\n<p>En segon lloc, s&#8217;ha d&#8217;atendre a la\u00a0<strong>situaci\u00f3 espec\u00edfica dels centres sociosanitaris i, en particular, de les resid\u00e8ncies d&#8217;ancians<\/strong>. En aquests centres, la probabilitat de transmissi\u00f3 tamb\u00e9 \u00e9s elevada, sobretot davant l&#8217;aparici\u00f3 de brots, amb un alt impacte en incidir sobre les persones vulnerables. At\u00e8s que la instituci\u00f3 constitueix el domicili de les persones que hi resideixen, l&#8217;\u00fas permanent de la m\u00e0scara n&#8217;afectaria el benestar, i es valora tamb\u00e9 que les persones que es troben dins de la instituci\u00f3 tancada no s\u00f3n la font d&#8217;infecci\u00f3, a difer\u00e8ncia dels treballadors i visitants en contacte amb l&#8217;exterior, que poden ser els agents que introdueixin el virus.<\/p>\n<p>Finalment, als\u00a0<strong>mitjans de transport<\/strong>, es concentra molta poblaci\u00f3 en espais petits, amb poca dist\u00e0ncia interpersonal, a vegades durant llargs per\u00edodes de temps. Si b\u00e9 molts transports compten amb bons sistemes de ventilaci\u00f3 dotats amb filtres d&#8217;alta efici\u00e8ncia, aquesta ventilaci\u00f3 no sempre est\u00e0 garantida en tots ells. \u00c9s per aix\u00f2 que, en aquest \u00e0mbit, la probabilitat de transmissi\u00f3 en abs\u00e8ncia de m\u00e0scara pot ser elevada, amb un impacte moderat tenint en compte la diversitat de persones exposades, entre les quals n&#8217;hi podria haver de vulnerables.\u00a0<strong>Es mant\u00e9 per tant l&#8217;obligatorietat en el transport aeri, per ferrocarril o per cable, en el transport p\u00fablic de viatgers i en els espais tancats de vaixells i embarcacions, quan no es pugui mantenir la dist\u00e0ncia de seguretat. No obstant aix\u00f2, s&#8217;ha considerat que aquesta obligaci\u00f3 d&#8217;utilitzaci\u00f3 de la m\u00e0scara no s&#8217;ha de mantenir per a les andanes i estacions de viatgers<\/strong>.<\/p>\n<p>Les\u00a0<strong>persones de sis anys en endavant<\/strong>\u00a0estan obligades a utilitzar les m\u00e0scares en els seg\u00fcents sup\u00f2sits:<\/p>\n<p><strong>a)<\/strong>\u00a0En els centres, serveis i establiments sanitaris segons el que s&#8217;estableix en el Reial decret 1277\/2003, de 10 d&#8217;octubre, pel qual s&#8217;estableixen les bases generals sobre autoritzaci\u00f3 de centres, serveis i establiments sanitaris, per part dels treballadors, dels visitants i dels pacients amb excepci\u00f3 dels ingressats quan romanguin a la seva habitaci\u00f3.<\/p>\n<p><strong>b)\u00a0<\/strong>En els centres sociosanitaris, els treballadors i els visitants quan estiguin en zones compartides.<\/p>\n<p><strong>c)<\/strong>En els mitjans de transport aeri, per ferrocarril o per cable i en els autobusos, aix\u00ed com en els transports p\u00fablics de viatgers. En els espais tancats de vaixells i embarcacions en els quals no sigui possible mantenir la dist\u00e0ncia d&#8217;1,5 metres, excepte en les cabines, quan siguin compartides per nuclis de convivents.<\/p>\n<p>Es poden posar en contacte amb aquest despatx professional per qualsevol dubte o aclariment que puguin tenir sobre aquest tema.<\/p>\n<\/div>\n<p>&nbsp;<\/p>\n<p>Consulti els nostres serveis<a href=\"https:\/\/www.jda.es\/ca\/serveis\/\"> aqu\u00ed<\/a>.<\/p>\n<p>JDA\/SFAI<\/p>\n","protected":false},"excerpt":{"rendered":"<p>Al BOE del 20 d\u2019abril de 2022 s\u2019ha publicat el Reial decret 286\/2022, que posa fi a l\u2019\u00fas de m\u00e0scares en interiors, excepte en determinats casos, com en hospitals o el transport p\u00fablic. Al BOE del 20 d&#8217;abril de 2022 s&#8217;ha publicat el Reial decret 286\/2022, de 19 d&#8217;abril, pel qual es modifica l&#8217;obligatorietat de<\/p>\n","protected":false},"author":50,"featured_media":21971,"comment_status":"open","ping_status":"open","sticky":false,"template":"","format":"standard","meta":{"rs_blank_template":"","rs_page_bg_color":"","slide_template_v7":"","footnotes":""},"categories":[825],"tags":[],"class_list":["post-21984","post","type-post","status-publish","format-standard","has-post-thumbnail","hentry","category-actualitat-laboral"],"_links":{"self":[{"href":"https:\/\/www.jda.es\/ca\/wp-json\/wp\/v2\/posts\/21984","targetHints":{"allow":["GET"]}}],"collection":[{"href":"https:\/\/www.jda.es\/ca\/wp-json\/wp\/v2\/posts"}],"about":[{"href":"https:\/\/www.jda.es\/ca\/wp-json\/wp\/v2\/types\/post"}],"author":[{"embeddable":true,"href":"https:\/\/www.jda.es\/ca\/wp-json\/wp\/v2\/users\/50"}],"replies":[{"embeddable":true,"href":"https:\/\/www.jda.es\/ca\/wp-json\/wp\/v2\/comments?post=21984"}],"version-history":[{"count":0,"href":"https:\/\/www.jda.es\/ca\/wp-json\/wp\/v2\/posts\/21984\/revisions"}],"wp:featuredmedia":[{"embeddable":true,"href":"https:\/\/www.jda.es\/ca\/wp-json\/wp\/v2\/media\/21971"}],"wp:attachment":[{"href":"https:\/\/www.jda.es\/ca\/wp-json\/wp\/v2\/media?parent=21984"}],"wp:term":[{"taxonomy":"category","embeddable":true,"href":"https:\/\/www.jda.es\/ca\/wp-json\/wp\/v2\/categories?post=21984"},{"taxonomy":"post_tag","embeddable":true,"href":"https:\/\/www.jda.es\/ca\/wp-json\/wp\/v2\/tags?post=21984"}],"curies":[{"name":"wp","href":"https:\/\/api.w.org\/{rel}","templated":true}]}}