{"id":21978,"date":"2022-04-21T16:02:35","date_gmt":"2022-04-21T16:02:35","guid":{"rendered":"http:\/\/fwcpfcf.cluster026.hosting.ovh.net\/?p=21978"},"modified":"2022-04-21T16:02:35","modified_gmt":"2022-04-21T16:02:35","slug":"el-tribunal-suprem-aclareix-la-manera-en-que-la-pujada-de-lsmi-afecta-els-convenis-col%c2%b7lectius","status":"publish","type":"post","link":"https:\/\/www.jda.es\/ca\/el-tribunal-suprem-aclareix-la-manera-en-que-la-pujada-de-lsmi-afecta-els-convenis-col%c2%b7lectius\/","title":{"rendered":"El Tribunal Suprem aclareix la manera en qu\u00e8 la pujada de l\u2019SMI afecta els convenis col\u00b7lectius"},"content":{"rendered":"<div class=\"summary\">\n<div class=\"summary\">\n<p>Unes sent\u00e8ncies del Tribunal Suprem assenyalen que per aconseguir l\u2019efectiva percepci\u00f3 de l\u2019SMI, s\u2019ha de sumar tant el salari base com els complements previstos en el conveni col\u00b7lectiu.<\/p>\n<\/div>\n<div class=\"content\">\n<p>Les importants pujades que ha experimentat l&#8217;SMI en els \u00faltims anys han suscitat dubtes sobre la manera en qu\u00e8 havien de repercutir en els ingressos percebuts per bona part de la poblaci\u00f3 activa. En particular, i\u00a0<strong>respecte del fixat per a l&#8217;any 2019, s&#8217;ha discutit si les noves quantitats s&#8217;havien de prendre com a &#8220;salari base&#8221; i sobre elles calcular els diversos complements<\/strong>\u00a0(antiguitat, pen\u00faria, perillositat), tal com estableix la literalitat del Reial decret 1462\/2018 (que fixa l&#8217;SMI per a 2019) o, si, per contra, aquests conceptes\/complements disposats en el conveni col\u00b7lectiu s&#8217;han de sumar al &#8220;salari base&#8221; fins a assolir la quantitat de l&#8217;SMI, procedint al seu increment en cas de no assolir aquesta quantitat, d&#8217;acord amb el que es preveu en l&#8217;Estatut dels Treballadors.<\/p>\n<p>El Tribunal Suprem s&#8217;inclina cap a la segona interpretaci\u00f3, i conclou que, per assolir l&#8217;efectiva percepci\u00f3 de l&#8217;SMI,\u00a0<strong>s&#8217;ha de sumar tant el salari base com els complements previstos en el conveni col\u00b7lectiu<\/strong>:<\/p>\n<ul>\n<li>En la primera sent\u00e8ncia de data 22 de gener de 2022 (Rec. 89\/2020), el Tribunal Suprem considera que el cobrat per complement d&#8217;antiguitat forma part del salari que s&#8217;ha de comparar amb el nou SMI.<\/li>\n<li>La segona sent\u00e8ncia de data 29 de mar\u00e7 de 2022 (Rec. 162\/2019), est\u00e9n aquesta regla a tots els complements salarials, fins i tot variables.<\/li>\n<li>La tercera i \u00faltima sent\u00e8ncia de data 29 de mar\u00e7 de 2022 (Rec. 60\/2020), reitera les anteriors interpretacions i determina que les percepcions extrasalarials queden fora d&#8217;aquesta regla.<\/li>\n<\/ul>\n<p>El Tribunal Suprem argumenta que el contrari suposaria descon\u00e8ixer la regla de l&#8217;article 27.1 de l&#8217;Estatut dels Treballadors, per\u00f2 tamb\u00e9 dissoldre el mateix concepte d&#8217;SMI, ja que acabaria sent diferent per a cada col\u00b7lectiu subjecte a una regulaci\u00f3 convencional, o fins i tot per a cada persona (a la vista dels seus complements d&#8217;aquesta \u00edndole).<\/p>\n<p>En qualsevol cas, el Tribunal Suprem adverteix que caldr\u00e0 prestar especial atenci\u00f3 al conveni col\u00b7lectiu que en cada cas sigui aplicable, perqu\u00e8 aquesta regla \u00e9s aplicable, &#8220;<em>tret que una norma amb rang de llei aboqui a una altra conclusi\u00f3, o el mateix conveni col\u00b7lectiu ho indiqui de manera expressa<\/em>&#8220;.<\/p>\n<p>Es poden posar en contacte amb aquest despatx professional per qualsevol dubte o aclariment que puguin tenir sobre aquest tema.<\/p>\n<\/div>\n<\/div>\n<p>&nbsp;<\/p>\n<p>Consulti els nostres serveis <a href=\"https:\/\/www.jda.es\/ca\/serveis\/\">aqu\u00ed<\/a>.<\/p>\n<p>JDA\/SFAI<\/p>\n<p>&nbsp;<\/p>\n","protected":false},"excerpt":{"rendered":"<p>Unes sent\u00e8ncies del Tribunal Suprem assenyalen que per aconseguir l\u2019efectiva percepci\u00f3 de l\u2019SMI, s\u2019ha de sumar tant el salari base com els complements previstos en el conveni col\u00b7lectiu. Les importants pujades que ha experimentat l&#8217;SMI en els \u00faltims anys han suscitat dubtes sobre la manera en qu\u00e8 havien de repercutir en els ingressos percebuts per<\/p>\n","protected":false},"author":50,"featured_media":21965,"comment_status":"open","ping_status":"open","sticky":false,"template":"","format":"standard","meta":{"rs_blank_template":"","rs_page_bg_color":"","slide_template_v7":"","footnotes":""},"categories":[785,773],"tags":[],"class_list":["post-21978","post","type-post","status-publish","format-standard","has-post-thumbnail","hentry","category-empreses","category-laboral-ca"],"_links":{"self":[{"href":"https:\/\/www.jda.es\/ca\/wp-json\/wp\/v2\/posts\/21978","targetHints":{"allow":["GET"]}}],"collection":[{"href":"https:\/\/www.jda.es\/ca\/wp-json\/wp\/v2\/posts"}],"about":[{"href":"https:\/\/www.jda.es\/ca\/wp-json\/wp\/v2\/types\/post"}],"author":[{"embeddable":true,"href":"https:\/\/www.jda.es\/ca\/wp-json\/wp\/v2\/users\/50"}],"replies":[{"embeddable":true,"href":"https:\/\/www.jda.es\/ca\/wp-json\/wp\/v2\/comments?post=21978"}],"version-history":[{"count":0,"href":"https:\/\/www.jda.es\/ca\/wp-json\/wp\/v2\/posts\/21978\/revisions"}],"wp:featuredmedia":[{"embeddable":true,"href":"https:\/\/www.jda.es\/ca\/wp-json\/wp\/v2\/media\/21965"}],"wp:attachment":[{"href":"https:\/\/www.jda.es\/ca\/wp-json\/wp\/v2\/media?parent=21978"}],"wp:term":[{"taxonomy":"category","embeddable":true,"href":"https:\/\/www.jda.es\/ca\/wp-json\/wp\/v2\/categories?post=21978"},{"taxonomy":"post_tag","embeddable":true,"href":"https:\/\/www.jda.es\/ca\/wp-json\/wp\/v2\/tags?post=21978"}],"curies":[{"name":"wp","href":"https:\/\/api.w.org\/{rel}","templated":true}]}}