{"id":21891,"date":"2022-04-06T11:38:29","date_gmt":"2022-04-06T11:38:29","guid":{"rendered":"http:\/\/fwcpfcf.cluster026.hosting.ovh.net\/?p=21891"},"modified":"2022-04-06T11:38:29","modified_gmt":"2022-04-06T11:38:29","slug":"activat-el-mecanisme-red-per-a-les-agencies-de-viatges","status":"publish","type":"post","link":"https:\/\/www.jda.es\/ca\/activat-el-mecanisme-red-per-a-les-agencies-de-viatges\/","title":{"rendered":"Activat el mecanisme RED per a les ag\u00e8ncies de viatges"},"content":{"rendered":"<div class=\"summary\">\n<p>El Butllet\u00ed Oficial de l\u2019Estat de l\u20191 d\u2019abril ha publicat l\u2019Ordre amb l\u2019acord del Consell de Ministres pel qual es declara l\u2019activaci\u00f3 del mecanisme RED de flexibilitat i estabilitzaci\u00f3 de l\u2019ocupaci\u00f3 per al sector de les ag\u00e8ncies de viatge.<\/p>\n<\/div>\n<div class=\"content\">\n<p>L&#8217;informem que al BOE de l&#8217;1 d&#8217;abril de 2022 s&#8217;ha publicat l&#8217;<em>Ordre PCM\/250\/2022, de 31 de mar\u00e7<\/em>, per la qual es publica l&#8217;acord del Consell de Ministres de 29 de mar\u00e7 de 2022, pel qual es declara l&#8217;activaci\u00f3 del mecanisme RED de flexibilitat i estabilitzaci\u00f3 de l&#8217;ocupaci\u00f3, de conformitat amb l&#8217;article 47 bis del text ref\u00f3s de la Llei de l&#8217;Estatut dels Treballadors, aprovat pel Reial decret legislatiu 2\/2015, de 23 d&#8217;octubre, per al sector de les ag\u00e8ncies de viatge.<\/p>\n<p>L&#8217;objectiu prioritari del Reial decret llei 32\/2021, de 28 de desembre, de mesures urgents per a la reforma laboral, la garantia de l&#8217;estabilitat en l&#8217;ocupaci\u00f3 i la transformaci\u00f3 del mercat de treball, \u00e9s promoure l&#8217;estabilitat en l&#8217;ocupaci\u00f3 i limitar el recurs abusiu a la contractaci\u00f3 temporal, per la qual cosa es potencia el recurs als mecanismes de flexibilitat interna per les empreses a trav\u00e9s de les reduccions temporals de jornada i suspensions dels contractes de treball, amb l&#8217;objectiu d&#8217;afavorir la continu\u00eftat de l&#8217;ocupaci\u00f3 davant conjuntures negatives, com a alternatives als acomiadaments massius i a l&#8217;elevada taxa de temporalitat.<\/p>\n<p>El sector tur\u00edstic ha estat un dels que m\u00e9s impacte ha sofert (i de m\u00e9s intensitat). Segons l&#8217;Organitzaci\u00f3 Mundial del Turisme, la pand\u00e8mia de la COVID-19 va rebaixar el PIB directe tur\u00edstic mundial a la meitat, fins a reduir-lo a l&#8217;1,8\u2006% del PIB mundial. Aix\u00f2 representa el 70\u2006% de la caiguda del PIB mundial total durant 2020. I \u00e9s que la pand\u00e8mia va suposar un fre gaireb\u00e9 complet a una gran part de l&#8217;activitat tur\u00edstica, suposant un descens d&#8217;un 73\u2006% de les arribades a escala mundial en 2020. Aquesta realitat ha tingut incid\u00e8ncia en totes les activitats directament o indirectament relacionades amb aquest sector, si b\u00e9 resulten els seus efectes han estat especialment pronunciats en el principal actor intermediari global del mercat: les ag\u00e8ncies de viatge.<\/p>\n<p>Ara, es declara l&#8217;activaci\u00f3 del mecanisme RED de flexibilitat i estabilitzaci\u00f3 de l&#8217;ocupaci\u00f3 per al sector de les ag\u00e8ncies de viatges, en la seva modalitat sectorial, de conformitat amb l&#8217;article 47 bis.1.b) del text ref\u00f3s de la Llei de l&#8217;Estatut dels Treballadors, aprovat pel Reial decret legislatiu 2\/2015, de 23 d&#8217;octubre.<\/p>\n<p>Pel present acord,\u00a0<strong>les empreses l&#8217;activitat de les quals es classifiqui en els codis de la Classificaci\u00f3 nacional d&#8217;activitats econ\u00f2miques -CNAE-2009- 7911, 7912 i 7990 a data 31 de mar\u00e7 de 2022, podran sol\u00b7licitar l&#8217;aplicaci\u00f3 de les mesures de reducci\u00f3 temporal de jornada i suspensi\u00f3 de contractes de treball pr\u00f2pies del mecanisme RED sectorial, entre l&#8217;1 d&#8217;abril i el 31 de desembre de 2022<\/strong>. El mecanisme romandr\u00e0 activat pel mateix per\u00edode, i perdr\u00e0 la seva vig\u00e8ncia i efectes el 31 de desembre de 2022, amb independ\u00e8ncia de la data de la sol\u00b7licitud de l&#8217;empresa.<\/p>\n<p>El present acord es publicar\u00e0 al Butllet\u00ed Oficial de l&#8217;Estat, mitjan\u00e7ant Ordre del ministre de la Presid\u00e8ncia, Relacions amb les Corts i Mem\u00f2ria Democr\u00e0tica, i\u00a0<strong>produir\u00e0 efectes des de l&#8217;1 d&#8217;abril de 2022<\/strong>.<\/p>\n<p>L&#8217;activaci\u00f3 d&#8217;aquest mecanisme proporciona a les empreses una extraordin\u00e0ria flexibilitat per adaptar-se al futur, al mateix temps que incentiva les accions formatives mitjan\u00e7ant exoneracions a la Seguretat Social per culminar el proc\u00e9s de recuperaci\u00f3 del sector. D&#8217;aquesta manera, les empreses que s&#8217;hi adhereixin hauran de presentar un pla de requalificaci\u00f3 amb accions de formaci\u00f3 per possibilitar la recol\u00b7locaci\u00f3 dels treballadors en un altre lloc dins de la mateixa empresa, o b\u00e9 en altres empreses. Les empreses tindran una exoneraci\u00f3 del 40\u2006% de les cotitzacions dels seus treballadors a la Seguretat Social.<\/p>\n<p>Es poden posar en contacte amb aquest despatx professional per qualsevol dubte o aclariment que puguin tenir sobre aquest tema.<\/p>\n<\/div>\n<p>&nbsp;<\/p>\n<p>JDA\/SFAI<\/p>\n","protected":false},"excerpt":{"rendered":"<p>El Butllet\u00ed Oficial de l\u2019Estat de l\u20191 d\u2019abril ha publicat l\u2019Ordre amb l\u2019acord del Consell de Ministres pel qual es declara l\u2019activaci\u00f3 del mecanisme RED de flexibilitat i estabilitzaci\u00f3 de l\u2019ocupaci\u00f3 per al sector de les ag\u00e8ncies de viatge. L&#8217;informem que al BOE de l&#8217;1 d&#8217;abril de 2022 s&#8217;ha publicat l&#8217;Ordre PCM\/250\/2022, de 31 de<\/p>\n","protected":false},"author":50,"featured_media":21876,"comment_status":"open","ping_status":"open","sticky":false,"template":"","format":"standard","meta":{"rs_blank_template":"","rs_page_bg_color":"","slide_template_v7":"","footnotes":""},"categories":[833,785],"tags":[],"class_list":["post-21891","post","type-post","status-publish","format-standard","has-post-thumbnail","hentry","category-economia-ca","category-empreses"],"_links":{"self":[{"href":"https:\/\/www.jda.es\/ca\/wp-json\/wp\/v2\/posts\/21891","targetHints":{"allow":["GET"]}}],"collection":[{"href":"https:\/\/www.jda.es\/ca\/wp-json\/wp\/v2\/posts"}],"about":[{"href":"https:\/\/www.jda.es\/ca\/wp-json\/wp\/v2\/types\/post"}],"author":[{"embeddable":true,"href":"https:\/\/www.jda.es\/ca\/wp-json\/wp\/v2\/users\/50"}],"replies":[{"embeddable":true,"href":"https:\/\/www.jda.es\/ca\/wp-json\/wp\/v2\/comments?post=21891"}],"version-history":[{"count":0,"href":"https:\/\/www.jda.es\/ca\/wp-json\/wp\/v2\/posts\/21891\/revisions"}],"wp:featuredmedia":[{"embeddable":true,"href":"https:\/\/www.jda.es\/ca\/wp-json\/wp\/v2\/media\/21876"}],"wp:attachment":[{"href":"https:\/\/www.jda.es\/ca\/wp-json\/wp\/v2\/media?parent=21891"}],"wp:term":[{"taxonomy":"category","embeddable":true,"href":"https:\/\/www.jda.es\/ca\/wp-json\/wp\/v2\/categories?post=21891"},{"taxonomy":"post_tag","embeddable":true,"href":"https:\/\/www.jda.es\/ca\/wp-json\/wp\/v2\/tags?post=21891"}],"curies":[{"name":"wp","href":"https:\/\/api.w.org\/{rel}","templated":true}]}}