{"id":21651,"date":"2022-03-16T10:18:56","date_gmt":"2022-03-16T10:18:56","guid":{"rendered":"http:\/\/fwcpfcf.cluster026.hosting.ovh.net\/?p=21651"},"modified":"2022-03-16T10:18:56","modified_gmt":"2022-03-16T10:18:56","slug":"novetats-en-materia-de-transport-per-carretera","status":"publish","type":"post","link":"https:\/\/www.jda.es\/ca\/novetats-en-materia-de-transport-per-carretera\/","title":{"rendered":"Novetats en mat\u00e8ria de transport per carretera"},"content":{"rendered":"<div class=\"summary\">\n<p>El passat 2 de mar\u00e7 de 2022 es va publicar el Reial decret llei 3\/2022, d\u20191 de mar\u00e7, de mesures per a la millora de la sostenibilitat del transport de mercaderies per carretera i del funcionament de la cadena log\u00edstica. Entre altres novetats, s\u2019inclou la prohibici\u00f3, amb car\u00e0cter general, que el conductor realitzi la c\u00e0rrega i desc\u00e0rrega de la mercaderia i suports en vehicles superiors a 7,5 tones, permetent excepcions puntuals, i la reducci\u00f3 del temps d\u2019espera a partir del qual el transportista tindr\u00e0 dret a indemnitzaci\u00f3 quan fa una c\u00e0rrega o desc\u00e0rrega de les dues hores actuals a una hora, amb la inclusi\u00f3 a m\u00e9s d\u2019una disposici\u00f3 relacionada amb el c\u00e0lcul de les indemnitzacions al transportista per danys ocasionats que impliquin la paralitzaci\u00f3 del vehicle.<\/p>\n<\/div>\n<div class=\"content\">\n<p>El passat 2 de mar\u00e7 de 2022 es va publicar al BOE el Reial decret llei 3\/2022, d&#8217;1 de mar\u00e7, de mesures per a la millora de la sostenibilitat del transport de mercaderies per carretera i del funcionament de la cadena log\u00edstica, i pel qual es transposa la Directiva (UE) 2020\/1057, de 15 de juliol de 2020, per la qual es fixen normes espec\u00edfiques respecte a la Directiva 96\/71\/CE i la Directiva 2014\/67\/UE per al despla\u00e7ament dels conductors en el sector del transport per carretera, i de mesures excepcionals en mat\u00e8ria de revisi\u00f3 de preus en els contractes p\u00fablics d&#8217;obres, que entr\u00e0\u00a0<strong><em>en vigor amb car\u00e0cter general el dia 2 de mar\u00e7 de 2022<\/em><\/strong>.<\/p>\n<p><strong>Mesures en mat\u00e8ria de transport per carretera<\/strong><\/p>\n<p>L&#8217;objectiu essencial d&#8217;aquesta norma \u00e9s reequilibrar les asimetries existents en l&#8217;actualitat entre els actors del sector del transport de mercaderies per carretera, millorar la seva posici\u00f3 i competitivitat i garantir condicions laborals adequades i protecci\u00f3 social per als conductors.<\/p>\n<p>Les mesures aprovades inclouen:<\/p>\n<p><strong>C\u00e0rrega i desc\u00e0rrega dels vehicles<\/strong><\/p>\n<p>En el territori espanyol,\u00a0<strong>es prohibeix la participaci\u00f3 dels conductors de vehicles de m\u00e9s de 7,5 tones<\/strong>\u00a0en les operacions de c\u00e0rrega i desc\u00e0rrega de les mercaderies, dels seus suports, envasos, contenidors o g\u00e0bies excepte en aquests sup\u00f2sits:<\/p>\n<p>a) Transport de mudances i guardamobles.<\/p>\n<p>b) Transport en vehicles cisterna.<\/p>\n<p>c) Transport d&#8217;\u00e0rids o l&#8217;efectuat en vehicles basculants o prove\u00efts de grua o altres dispositius inherents al vehicle destinats a fer les operacions de c\u00e0rrega i desc\u00e0rrega.<\/p>\n<p>d) Transport en portavehicles i grues d&#8217;auxili en carretera.<\/p>\n<p>e) Transport de c\u00e0rrega fraccionada entre el centre de distribuci\u00f3 i el punt de venda segons el que es determini reglament\u00e0riament, serveis de paqueteria i qualssevol altres similars que impliquin la recollida o repartiment d&#8217;enviaments de mercaderies consistents en un redu\u00eft nombre d&#8217;embalums que puguin ser f\u00e0cilment manipulats per una persona. A l&#8217;efecte d&#8217;aquesta lletra, s&#8217;entendr\u00e0 per transport de c\u00e0rrega fraccionada aquell en el qual resultin necess\u00e0ries operacions pr\u00e8vies de manipulaci\u00f3, agrupatge, classificaci\u00f3, o altres similars.<\/p>\n<p>f) Transport d&#8217;animals vius, en els llocs de control aprovats de conformitat amb la normativa comunit\u00e0ria, sense perjudici de les responsabilitats establertes en la normativa sobre la protecci\u00f3 dels animals durant el seu transport.<\/p>\n<p>g) Sup\u00f2sits en els quals la normativa reguladora de determinats tipus de transport estableixi espec\u00edficament una altra cosa en relaci\u00f3 amb la participaci\u00f3 del conductor.<\/p>\n<p>h) Els sup\u00f2sits que reglament\u00e0riament s&#8217;estableixin, sempre que es garanteixi la seguretat del conductor.<\/p>\n<p>Les operacions de c\u00e0rrega de les mercaderies a bord dels vehicles, aix\u00ed com les de desc\u00e0rrega d&#8217;aquests, seran per compte, respectivament, del carregador i del destinatari, tret que abans de l&#8217;efectiva presentaci\u00f3 del vehicle per a la seva c\u00e0rrega s&#8217;hagi pactat per escrit que corresponen al portador contra el pagament d&#8217;un suplement respecte del preu del transport. En abs\u00e8ncia de formalitzaci\u00f3 per escrit d&#8217;aquest pacte, es presumir\u00e0 no acordat. Quan es realitzin pel portador les operacions de c\u00e0rrega i desc\u00e0rrega, la contraprestaci\u00f3 pactada s&#8217;haur\u00e0 de reflectir en la factura de manera diferenciada respecte del preu del transport. Les operacions d&#8217;estiba i desestiba de les mercaderies a bord dels vehicles seran per compte, respectivament del carregador i del destinatari, tret que expressament s&#8217;assumeixin pel portador.<\/p>\n<p>Aquesta prohibici\u00f3\u00a0<strong>entrar\u00e0 en vigor el 2 de setembre de 2022<\/strong>.<\/p>\n<p><strong>Reducci\u00f3 del temps d&#8217;espera: paralitzacions<\/strong><\/p>\n<p>La reducci\u00f3 del temps d&#8217;espera a partir del qual el transportista tindr\u00e0 dret a indemnitzaci\u00f3 quan fa una c\u00e0rrega o desc\u00e0rrega passa de les dues hores actuals a una hora, i s&#8217;inclou a m\u00e9s una disposici\u00f3 relacionada amb el c\u00e0lcul de les indemnitzacions al transportista per danys ocasionats que impliquin la paralitzaci\u00f3 del vehicle.<\/p>\n<p><strong>Revisi\u00f3 del preu del combustible<\/strong><\/p>\n<p>Quan el preu del combustible hagu\u00e9s variat entre el dia de formalitzaci\u00f3 del contracte i el moment de realitzar-se el transport, el portador, aix\u00ed com l&#8217;obligat al pagament incrementaran o reduiran, si \u00e9s el cas, el preu pactat al principi en la quantia que resulti d&#8217;aplicar els criteris o f\u00f3rmules que, a cada moment, tingui establerts l&#8217;Administraci\u00f3 en les corresponents condicions generals de contractaci\u00f3 del transport de mercaderies per carretera. La variaci\u00f3 respecte del preu pactat d&#8217;entrada es reflectir\u00e0 en la factura de manera desglossada, tret que expressament s&#8217;hagu\u00e9s recollit en el contracte una altra manera de reflectir aquest ajust. Aquests criteris o f\u00f3rmules s&#8217;hauran de basar en la repercussi\u00f3 que la partida de combustible tingui sobre l&#8217;estructura de costos dels vehicles de transport de mercaderies.<\/p>\n<p>Per a l&#8217;aplicaci\u00f3 del precepte, el preu del combustible ha d&#8217;experimentar una variaci\u00f3 igual o superior al 5 per cent, tret que, expressament i per escrit, s&#8217;hagu\u00e9s pactat un llindar menor pr\u00e8viament o simult\u00e0nia a la formalitzaci\u00f3 del contracte.<\/p>\n<p>El pacte en contra al que es disposa en la norma es considerar\u00e0 nul.<\/p>\n<p><strong>R\u00e8gim sancionador<\/strong><\/p>\n<p>La incorporaci\u00f3 del r\u00e8gim sancionador vinculat al compliment del paquet de mobilitat aprovat pel reglament comunitari quant a\u00a0<strong>temps de conducci\u00f3 i descans i &#8220;tornada a casa del vehicle&#8221;<\/strong>\u00a0quan fa transport internacional.<\/p>\n<p>Aix\u00ed, s&#8217;actualitza el r\u00e8gim d&#8217;infraccions de la LOTT al contingut de les \u00faltimes modificacions del Reglament 561\/2006, afegint diversos apartats:<\/p>\n<ul>\n<li>Prendre en un vehicle els per\u00edodes de descans setmanal normal o qualsevol per\u00edode de descans setmanal de m\u00e9s de 45 hores que es prengui com a compensaci\u00f3 de per\u00edodes de descans setmanal redu\u00efts. Multa de 4.001 \u20ac a 6.000 \u20ac.<\/li>\n<li>Quan el conductor es trobi fora del seu domicili, prendre el descans setmanal normal o qualsevol per\u00edode de descans setmanal de m\u00e9s de 45 hores que es prengui com a compensaci\u00f3 de per\u00edodes de descans setmanal redu\u00efts previs en allotjaments que no siguin apropiats i adaptats per a tots dos sexes que no disposin d&#8217;instal\u00b7lacions per a dormir i sanit\u00e0ries adequades. Multa de 4.001 \u20ac a 6.000 \u20ac.<\/li>\n<li>La no organitzaci\u00f3 del treball per part de l&#8217;empresa de transport, de tal manera que el conductor no pugui tornar al centre operatiu de l&#8217;ocupador o al seu lloc de resid\u00e8ncia cada quatre setmanes consecutives, sempre que no resulti d&#8217;aplicaci\u00f3 el que es disposa en l&#8217;apartat seg\u00fcent. Multa de 1.001 \u20ac a 2.000 \u20ac.<\/li>\n<li>La no organitzaci\u00f3, per part de l&#8217;empresa de transport, del treball del conductor, de tal manera que aquest pugui tornar abans de finalitzar la tercera setmana al centre operatiu de l&#8217;ocupador o al seu lloc de resid\u00e8ncia, despr\u00e9s d&#8217;haver pres dos per\u00edodes de descans setmanal redu\u00efts consecutius, en el marc d&#8217;un transport internacional de mercaderies, abans de l&#8217;inici del per\u00edode de descans setmanal normal de m\u00e9s de 45 hores que prengui com a compensaci\u00f3. Multa de 2.001 \u20ac a 4.000 \u20ac.<\/li>\n<li>\u00b7 Que el conductor no realitzi la compensaci\u00f3 dels dos descansos setmanals redu\u00efts consecutius, en el marc d&#8217;un transport internacional de mercaderies, precedint al seg\u00fcent per\u00edode de descans setmanal normal i unit a aquest. Multa de 2.001 \u20ac a 4.000 \u20ac.<\/li>\n<li>La realitzaci\u00f3 de les operacions de c\u00e0rrega o desc\u00e0rrega pel mateix conductor del vehicle contravenint les limitacions que resultin d&#8217;aplicaci\u00f3 de conformitat amb el que es disposa en aquesta llei. Es presumeix que la responsabilitat per aquesta infracci\u00f3 correspon tant a l&#8217;empresa sota la direcci\u00f3 de la qual actu\u00ef el conductor del vehicle, com al carregador, expedidor, intermediari i destinatari que haguessin intervingut en el transport. Multa de 4.001 a 6.000 \u20ac.<\/li>\n<li>Quan el conductor es trobi fora del seu domicili, no fer-se c\u00e0rrec l&#8217;empresari de totes les despeses d&#8217;allotjament realitzades fora del vehicle en els descansos setmanals normals i en els per\u00edodes de descans de m\u00e9s 45 hores presos com a compensaci\u00f3. Multa de 401 \u20ac a 600 \u20ac.<\/li>\n<li>El no incorporar en el tac\u00f2graf els s\u00edmbols dels pa\u00efsos les fronteres dels quals van ser creuades pel conductor durant el per\u00edode de treball diari. Multa de 801 \u20ac a 1.000 \u20ac<\/li>\n<\/ul>\n<p><strong>Altres mesures<\/strong><\/p>\n<p>El refor\u00e7 dels mitjans d&#8217;<strong>inspecci\u00f3 estatals<\/strong>\u00a0amb mitjans propis de la resta d&#8217;administracions p\u00fabliques per lluitar contra la compet\u00e8ncia deslleial en el sector.<\/p>\n<p>Tamb\u00e9 es recullen una altra s\u00e8rie de mesures lligades a la\u00a0<strong>millora de l&#8217;efici\u00e8ncia del sector i la seva sostenibilitat ambiental<\/strong>. En concret, la necessitat de modificaci\u00f3, en el termini de nou mesos des de l&#8217;aprovaci\u00f3 del Reial decret llei 3\/2022, de determinats aspectes de la normativa de masses i dimensions, a fi de:<\/p>\n<ul>\n<li>Simplificar requisits burocr\u00e0tics de cara a l&#8217;\u00fas de &#8220;megatrailers&#8221; i &#8220;duotrailers&#8221;.<\/li>\n<li>Ampliar per a determinats tipus molt taxats de transport amb necessitats especials l&#8217;altura m\u00e0xima permesa a 4,5 metres.<\/li>\n<li>Augmentar els \u00e0mbits en els quals es pugui utilitzar les 44 Tn, amb un enfocament molt espec\u00edfic.<\/li>\n<\/ul>\n<p>Altres mesures incloses en la norma que contribueixen a la\u00a0<strong>millora de la sostenibilitat del sector<\/strong>\u00a0s\u00f3n:<\/p>\n<ul>\n<li>La creaci\u00f3 d&#8217;un\u00a0<strong>codi de bones pr\u00e0ctiques mercantils<\/strong>\u00a0en la contractaci\u00f3 del transport terrestre de mercaderies, que fomenti relacions justes, equilibrades i lleials entre les empreses que intervenen en la contractaci\u00f3 del transport de mercaderies. A m\u00e9s, s&#8217;establir\u00e0 un registre estatal d&#8217;empreses que el subscriguin.<\/li>\n<li>La creaci\u00f3 d&#8217;un est\u00e0ndard per a la\u00a0<strong>certificaci\u00f3 de les zones de c\u00e0rrega i desc\u00e0rrega<\/strong>\u00a0en relaci\u00f3 amb els serveis i condicions ofertes als transportistes professionals.<\/li>\n<\/ul>\n<p><strong>DESPLA\u00c7AMENT DE TREBALLADORS<\/strong><\/p>\n<ul>\n<li>S&#8217;aplica als treballadors per compte d&#8217;altri despla\u00e7ats a Espanya la legislaci\u00f3 espanyola relativa a les vacances anuals i a la quantia del salari m\u00ednim.<\/li>\n<li>En cap cas es considerar\u00e0 treballador despla\u00e7at el conductor que transiti per Espanya sense carregar ni descarregar mercaderies en el seu territori.<\/li>\n<li>El conductor que realitzi transport de cabotatge, es considerar\u00e0 en tot cas treballador despla\u00e7at.<\/li>\n<li>En el cas dels despla\u00e7aments de conductors, l&#8217;empresa transportista haur\u00e0 de realitzar una comunicaci\u00f3 de despla\u00e7ament, abans del seu inici, utilitzant un formulari multiling\u00fce est\u00e0ndard de la interf\u00edcie p\u00fablica connectada al sistema d&#8217;informaci\u00f3 del mercat interior (IMI).<\/li>\n<li>Els carregadors que contractin la realitzaci\u00f3 de transports de manera habitual, els transportistes, els operadors de transport i els intermediaris del transport de viatgers, hauran de comprovar el compliment pel transportista efectiu, amb el qual contractin, de l&#8217;obligaci\u00f3 de comunicaci\u00f3 de despla\u00e7ament.<\/li>\n<li>Les empreses establertes a Espanya que desplacin temporalment els seus treballadors al territori d&#8217;Estats membres de la Uni\u00f3 Europea hauran de garantir a aquests les condicions de treball previstes en el lloc de despla\u00e7ament, sense perjudici que se&#8217;ls apliqui condicions de treball m\u00e9s favorables derivades del que es disposa en la legislaci\u00f3 aplicable al seu contracte de treball, en els convenis col\u00b7lectius o en els contractes individuals.<\/li>\n<\/ul>\n<p>Es poden posar en contacte amb aquest despatx professional per qualsevol dubte o aclariment que puguin tenir sobre aquest tema.<\/p>\n<\/div>\n<p>&nbsp;<\/p>\n<p>Consulti els nostres serveis <a href=\"https:\/\/www.jda.es\/ca\/serveis\/\">aqu\u00ed<\/a>.<\/p>\n<p>JDA\/SFAI<\/p>\n","protected":false},"excerpt":{"rendered":"<p>El passat 2 de mar\u00e7 de 2022 es va publicar el Reial decret llei 3\/2022, d\u20191 de mar\u00e7, de mesures per a la millora de la sostenibilitat del transport de mercaderies per carretera i del funcionament de la cadena log\u00edstica. Entre altres novetats, s\u2019inclou la prohibici\u00f3, amb car\u00e0cter general, que el conductor realitzi la c\u00e0rrega<\/p>\n","protected":false},"author":50,"featured_media":21642,"comment_status":"open","ping_status":"open","sticky":false,"template":"","format":"standard","meta":{"rs_blank_template":"","rs_page_bg_color":"","slide_template_v7":"","footnotes":""},"categories":[833,785],"tags":[],"class_list":["post-21651","post","type-post","status-publish","format-standard","has-post-thumbnail","hentry","category-economia-ca","category-empreses"],"_links":{"self":[{"href":"https:\/\/www.jda.es\/ca\/wp-json\/wp\/v2\/posts\/21651","targetHints":{"allow":["GET"]}}],"collection":[{"href":"https:\/\/www.jda.es\/ca\/wp-json\/wp\/v2\/posts"}],"about":[{"href":"https:\/\/www.jda.es\/ca\/wp-json\/wp\/v2\/types\/post"}],"author":[{"embeddable":true,"href":"https:\/\/www.jda.es\/ca\/wp-json\/wp\/v2\/users\/50"}],"replies":[{"embeddable":true,"href":"https:\/\/www.jda.es\/ca\/wp-json\/wp\/v2\/comments?post=21651"}],"version-history":[{"count":0,"href":"https:\/\/www.jda.es\/ca\/wp-json\/wp\/v2\/posts\/21651\/revisions"}],"wp:featuredmedia":[{"embeddable":true,"href":"https:\/\/www.jda.es\/ca\/wp-json\/wp\/v2\/media\/21642"}],"wp:attachment":[{"href":"https:\/\/www.jda.es\/ca\/wp-json\/wp\/v2\/media?parent=21651"}],"wp:term":[{"taxonomy":"category","embeddable":true,"href":"https:\/\/www.jda.es\/ca\/wp-json\/wp\/v2\/categories?post=21651"},{"taxonomy":"post_tag","embeddable":true,"href":"https:\/\/www.jda.es\/ca\/wp-json\/wp\/v2\/tags?post=21651"}],"curies":[{"name":"wp","href":"https:\/\/api.w.org\/{rel}","templated":true}]}}