{"id":21566,"date":"2022-03-04T11:40:44","date_gmt":"2022-03-04T11:40:44","guid":{"rendered":"http:\/\/fwcpfcf.cluster026.hosting.ovh.net\/?p=21566"},"modified":"2022-03-04T11:40:44","modified_gmt":"2022-03-04T11:40:44","slug":"samplia-fins-al-30-de-juny-de-2022-el-termini-per-ingressar-les-diferencies-de-cotitzacio-per-a-lexercici-2021","status":"publish","type":"post","link":"https:\/\/www.jda.es\/ca\/samplia-fins-al-30-de-juny-de-2022-el-termini-per-ingressar-les-diferencies-de-cotitzacio-per-a-lexercici-2021\/","title":{"rendered":"S\u2019amplia fins al 30 de juny de 2022 el termini per ingressar les difer\u00e8ncies de cotitzaci\u00f3 per a l\u2019exercici 2021"},"content":{"rendered":"<div class=\"summary\">\n<p>L\u2019Ordre PCM\/121\/2022, de 24 de febrer amplia fins al 30 de juny de 2022 les difer\u00e8ncies de cotitzaci\u00f3 que s\u2019haguessin pogut produir des de l\u20191 de setembre de 2021.<\/p>\n<\/div>\n<div class=\"content\">\n<p>Al BOE del dia 26 de febrer s&#8217;ha publicat l&#8217;Ordre PCM\/121\/2022, de 24 de febrer, amb entrada en vigor el dia 27 de febrer, que modifica l&#8217;Ordre PCM\/1353\/2021, de 2 de desembre, de cotitzaci\u00f3 per a 2021 per ampliar el termini previst d&#8217;entrada per poder ingressar sense rec\u00e0rrec les difer\u00e8ncies de cotitzaci\u00f3 que s&#8217;haguessin pogut produir a conseq\u00fc\u00e8ncia de la seva aplicaci\u00f3 respecte de les cotitzacions que s&#8217;haguessin efectuat a partir de l&#8217;1 de setembre de 2021.<\/p>\n<p>Les circumst\u00e0ncies especials que van afectar l&#8217;aprovaci\u00f3 d&#8217;aquesta Ordre, produ\u00efdes pel retard en la publicaci\u00f3 del salari m\u00ednim interprofessional per a 2021 (Reial decret 817\/2021, de 28 de setembre), han fet necessari\u00a0<strong>ampliar el termini previst d&#8217;entrada<\/strong>\u00a0per evitar perjudicis innecessaris.<\/p>\n<p>D&#8217;aquesta manera,\u00a0<strong>el termini que expirava el 28 de febrer de 2022 s&#8217;amplia fins al 30 de juny de 2022<\/strong>.<\/p>\n<p>Es poden posar en contacte amb aquest despatx professional per qualsevol dubte o aclariment que puguin tenir sobre aquest tema.<\/p>\n<\/div>\n<p>&nbsp;<\/p>\n<p>Consulti els nostres serveis <a href=\"https:\/\/www.jda.es\/ca\/serveis\/\">aqu\u00ed<\/a>.<\/p>\n<p>JDA\/SFAI<\/p>\n","protected":false},"excerpt":{"rendered":"<p>L\u2019Ordre PCM\/121\/2022, de 24 de febrer amplia fins al 30 de juny de 2022 les difer\u00e8ncies de cotitzaci\u00f3 que s\u2019haguessin pogut produir des de l\u20191 de setembre de 2021. Al BOE del dia 26 de febrer s&#8217;ha publicat l&#8217;Ordre PCM\/121\/2022, de 24 de febrer, amb entrada en vigor el dia 27 de febrer, que modifica<\/p>\n","protected":false},"author":50,"featured_media":21551,"comment_status":"open","ping_status":"open","sticky":false,"template":"","format":"standard","meta":{"rs_blank_template":"","rs_page_bg_color":"","slide_template_v7":"","footnotes":""},"categories":[785,791],"tags":[],"class_list":["post-21566","post","type-post","status-publish","format-standard","has-post-thumbnail","hentry","category-empreses","category-fiscal-ca"],"_links":{"self":[{"href":"https:\/\/www.jda.es\/ca\/wp-json\/wp\/v2\/posts\/21566","targetHints":{"allow":["GET"]}}],"collection":[{"href":"https:\/\/www.jda.es\/ca\/wp-json\/wp\/v2\/posts"}],"about":[{"href":"https:\/\/www.jda.es\/ca\/wp-json\/wp\/v2\/types\/post"}],"author":[{"embeddable":true,"href":"https:\/\/www.jda.es\/ca\/wp-json\/wp\/v2\/users\/50"}],"replies":[{"embeddable":true,"href":"https:\/\/www.jda.es\/ca\/wp-json\/wp\/v2\/comments?post=21566"}],"version-history":[{"count":0,"href":"https:\/\/www.jda.es\/ca\/wp-json\/wp\/v2\/posts\/21566\/revisions"}],"wp:featuredmedia":[{"embeddable":true,"href":"https:\/\/www.jda.es\/ca\/wp-json\/wp\/v2\/media\/21551"}],"wp:attachment":[{"href":"https:\/\/www.jda.es\/ca\/wp-json\/wp\/v2\/media?parent=21566"}],"wp:term":[{"taxonomy":"category","embeddable":true,"href":"https:\/\/www.jda.es\/ca\/wp-json\/wp\/v2\/categories?post=21566"},{"taxonomy":"post_tag","embeddable":true,"href":"https:\/\/www.jda.es\/ca\/wp-json\/wp\/v2\/tags?post=21566"}],"curies":[{"name":"wp","href":"https:\/\/api.w.org\/{rel}","templated":true}]}}