{"id":21394,"date":"2022-02-02T15:25:13","date_gmt":"2022-02-02T15:25:13","guid":{"rendered":"http:\/\/fwcpfcf.cluster026.hosting.ovh.net\/?p=21394"},"modified":"2022-02-02T15:25:13","modified_gmt":"2022-02-02T15:25:13","slug":"el-tribunal-de-justicia-de-la-unio-europea-resol-sobre-lobligacio-dinformacio-sobre-bens-i-drets-a-lestranger-model-720","status":"publish","type":"post","link":"https:\/\/www.jda.es\/ca\/el-tribunal-de-justicia-de-la-unio-europea-resol-sobre-lobligacio-dinformacio-sobre-bens-i-drets-a-lestranger-model-720\/","title":{"rendered":"El Tribunal de Just\u00edcia de la Uni\u00f3 Europea resol sobre l\u2019obligaci\u00f3 d\u2019informaci\u00f3 sobre b\u00e9ns i drets a l\u2019estranger (model 720)"},"content":{"rendered":"<div class=\"summary\">\n<p>El Tribunal de Just\u00edcia de la Uni\u00f3 Europea (TJUE) en la seva sent\u00e8ncia de 27 de gener de 2022 ha concl\u00f2s que una bona part de les conseq\u00fc\u00e8ncies associades a l\u2019incompliment de l\u2019obligaci\u00f3 de declarar els b\u00e9ns i drets a l\u2019estranger dels residents a Espanya (model 720) \u00e9s contr\u00e0ria al dret de la Uni\u00f3 Europea, ja que constitueix una restricci\u00f3 injustificada a la llibertat de circulaci\u00f3 de capitals. El Govern haur\u00e0 d\u2019aprovar una nova configuraci\u00f3 del r\u00e8gim sancionador i un nou r\u00e8gim de prescripci\u00f3 aplicable al model 720, el termini reglamentari de presentaci\u00f3 respecte de l\u2019exercici 2021 del qual, es va obrir el passat dia 1 de gener i finalitza el pr\u00f2xim 31 de mar\u00e7. El pronunciament t\u00e9 associades importants implicacions materials i requereix l\u2019an\u00e0lisi de cada cas concret.<\/p>\n<\/div>\n<div class=\"content\">\n<p>L&#8217;informem que una desitjada i important\u00a0<a class=\"external\" href=\"https:\/\/curia.europa.eu\/juris\/document\/document.jsf?text=&amp;docid=252823&amp;pageIndex=0&amp;doclang=es&amp;mode=req&amp;dir=&amp;occ=first&amp;part=1&amp;cid=2535518\" target=\"_blank\" rel=\"external noopener\">sent\u00e8ncia de 27 de gener de 2022 en l&#8217;assumpte C-788-19<\/a>, que suposa una garrotada europea al sistema tributari espanyol, el Tribunal de Just\u00edcia de la Uni\u00f3 Europea (TJUE) afirma que el model 720, que obliga les persones a declarar b\u00e9ns i drets situats a l&#8217;estranger, i el sistema de sancions que se&#8217;n deriva,\u00a0<strong>s\u00f3n contraris al Dret de la Uni\u00f3<\/strong>. Per a la just\u00edcia europea, Espanya imposa sancions excessives als ciutadans que incompleixin amb aquesta obligaci\u00f3 o cometin errades en les seves declaracions, atemptant contra el principi de llibertat de moviment de capitals. Les mesures antifrau, dicten els magistrats, s\u00f3n desproporcionades per al fi perseguit i creen un perjudici excessiu per als ciutadans. A m\u00e9s, considera que no \u00e9s l\u00edcit que la norma generi una situaci\u00f3 d&#8217;imprescriptibilitat en relaci\u00f3 amb els b\u00e9ns i drets a l&#8217;estranger nom\u00e9s per incomplir una obligaci\u00f3 formal.<\/p>\n<p><strong>L&#8217;OBLIGACI\u00d3 DE DECLARAR B\u00c9NS I DRETS A L&#8217;ESTRANGER<\/strong><\/p>\n<p>La Llei General Tribut\u00e0ria regula l&#8217;obligaci\u00f3 dels residents a Espanya de presentar anualment una declaraci\u00f3 informativa sobre els seus b\u00e9ns i drets a l&#8217;estranger (model 720). En concret, s&#8217;ha d&#8217;informar sobre comptes en entitats financeres, valors (participacions i accions en entitats), assegurances de vida o invalidesa, rendes vital\u00edcies i temporals i tamb\u00e9, b\u00e9ns i drets immobiliaris. Aquests b\u00e9ns i drets (la seva tinen\u00e7a i la variaci\u00f3 del seu valor) s&#8217;han de declarar si s&#8217;arriba a uns certs llindars i tamb\u00e9 s&#8217;han de declarar les baixes dels b\u00e9ns i drets declarats en anys anteriors. Tot aix\u00f2, amb unes certes excepcions regulades en la normativa.<\/p>\n<p>La falta de presentaci\u00f3 de la declaraci\u00f3 o la presentaci\u00f3 extempor\u00e0nia o amb dades falses o inexactes, pot implicar dos tipus de conseq\u00fc\u00e8ncies:<\/p>\n<ol>\n<li>D&#8217;una banda, unes sancions &#8220;formals&#8221; (a ra\u00f3 de 5.000 o 100 euros per dada o conjunt de dades amb un m\u00ednim de 10.000 o 1.500 euros), segons si la declaraci\u00f3 no es presenta o es presenta incorrectament, o b\u00e9 es presenta fora de termini.<\/li>\n<li>D&#8217;altra banda, les lleis de l&#8217;IRPF i de l&#8217;impost sobre societats estableixen que, quan la declaraci\u00f3 es presenta tard o no es presenta, el valor dels b\u00e9ns i drets s&#8217;imputar\u00e0 com a increment de patrimoni o renda no declarats, tret que es provi que van ser adquirits amb rendes declarades o b\u00e9 quan el subjecte no era resident. En aquests casos, a m\u00e9s, es pot imposar una sanci\u00f3 del 150\u2006% sobre la quota resultant d&#8217;aquesta imputaci\u00f3.<\/li>\n<\/ol>\n<p><strong>EL PRONUNCIAMENT DEL TJUE<\/strong><\/p>\n<p>El novembre de 2015, la Comissi\u00f3 Europea va iniciar un procediment d&#8217;infracci\u00f3 contra Espanya (2014\/4330) en relaci\u00f3 amb el model 720, seguit d&#8217;un dictamen motivat de febrer de 2017. Al final, va interposar un recurs davant el TJUE l&#8217;octubre de 2019 (assumpte-C788\/19), en el qual va sol\u00b7licitar que es declar\u00e9s que Espanya havia incomplert les llibertats fonamentals del Tractat de Funcionament de la Uni\u00f3 Europea i de l&#8217;Acord de l&#8217;Espai Econ\u00f2mic Europeu.<\/p>\n<p>En la seva sent\u00e8ncia, el TJUE ha concl\u00f2s en el sentit defensat per la Comissi\u00f3 Europea i afirma que Espanya ha incomplert les obligacions que li incumbeixen en virtut del principi de lliure circulaci\u00f3 de capitals pels seg\u00fcents motius:<\/p>\n<ol>\n<li>Perqu\u00e8 l&#8217;incompliment o compliment imperfecte o extemporani de l&#8217;obligaci\u00f3 comporta la tributaci\u00f3 de les rendes no declarades sense possibilitat que el subjecte s&#8217;empari en la prescripci\u00f3 guanyada.<\/li>\n<li>Perqu\u00e8 sanciona aquest comportament amb una sanci\u00f3 del 150\u2006% de la quota corresponent a aquesta imputaci\u00f3 de rendes no declarades, que a m\u00e9s es pot acumular amb les multes de quantia fixa.<\/li>\n<li>Al final, perqu\u00e8 sanciona aquests incompliments amb multes fixes no limitades que no s\u00f3n proporcionades amb les sancions previstes en un context purament nacional.<\/li>\n<\/ol>\n<p>En suport d&#8217;aquestes conclusions, el TJUE afirma:<\/p>\n<ol>\n<li>Que, encara que la legislaci\u00f3 pot estar justificada per garantir l&#8217;efic\u00e0cia del control fiscal i la lluita contra el frau, va m\u00e9s enll\u00e0 del necessari.<\/li>\n<li>Que el mer fet que un resident tingui b\u00e9ns o drets a l&#8217;estranger no pot fonamentar una presumpci\u00f3 general de frau o evasi\u00f3 fiscal. A m\u00e9s, una norma que presumeix l&#8217;exist\u00e8ncia d&#8217;un comportament fraudulent sol per no complir els requisits que la mateixa norma estableix, sense possibilitat de destruir aquesta presumpci\u00f3, va m\u00e9s enll\u00e0 del necessari per a l&#8217;objectiu indicat.<\/li>\n<li>A m\u00e9s, encara que la invocaci\u00f3 de la prescripci\u00f3 quant a l&#8217;adquisici\u00f3 dels b\u00e9ns i drets no obsta al possible frau, no \u00e9s admissible que l&#8217;administraci\u00f3 pot q\u00fcestionar prescripcions ja consumades, perqu\u00e8 aix\u00f2 vulnera el principi de seguretat jur\u00eddica. Encara que \u00e9s l\u00edcit que el legislador reguli una prescripci\u00f3 ampliada en determinats casos, no \u00e9s v\u00e0lid que l&#8217;Administraci\u00f3 Tribut\u00e0ria pugui actuar sense limitaci\u00f3 temporal, m\u00e9s encara quan aix\u00f2 s&#8217;estableix per a casos de mers incompliments d&#8217;una obligaci\u00f3 formal.<\/li>\n<\/ol>\n<p><strong>IMPLICACIONS DE LA SENT\u00c8NCIA<\/strong><\/p>\n<p>L&#8217;esperada sent\u00e8ncia del TJUE implica que a partir d&#8217;ara no es podran imposar les sancions descrites ni es produir\u00e0 tampoc l&#8217;efecte d&#8217;imprescriptibilitat. La sent\u00e8ncia no afecta l&#8217;obligaci\u00f3 pr\u00f2piament dita de presentar el model 720, que s&#8217;haur\u00e0 de continuar complint, si escau.<\/p>\n<p>La sent\u00e8ncia obliga l&#8217;Estat espanyol a reformar la legislaci\u00f3 de manera concorde al criteri dels jutges europeus. En aquest sentit, el Govern haur\u00e0 d&#8217;aprovar una nova configuraci\u00f3 del r\u00e8gim sancionador i un nou r\u00e8gim de prescripci\u00f3 aplicable al model 720, el termini reglamentari de presentaci\u00f3 respecte de l&#8217;exercici 2021 del qual, es va obrir el passat dia 1 de gener i finalitza el pr\u00f2xim 31 de mar\u00e7. Des d&#8217;Hisenda han informat que modificaran aquest model abans del 31 mar\u00e7, per la qual cosa caldr\u00e0 parar esment a qu\u00e8 ocorri durant els dos pr\u00f2xims mesos.<\/p>\n<p>Al final, caldr\u00e0 esperar per veure i analitzar les conseq\u00fc\u00e8ncies d&#8217;aquesta sent\u00e8ncia, per\u00f2 obre la porta a recuperar els diners de les sancions, es recorreguessin o no i fins i tot si el termini ha prescrit.<\/p>\n<p>L&#8217;efecte sobre situacions passades haur\u00e0 de ser analitzat en cada cas en funci\u00f3 de la seva posici\u00f3 procedimental. La sent\u00e8ncia s&#8217;aplicar\u00e0 en els procediments i recursos pendents de resoluci\u00f3. Tamb\u00e9 permetr\u00e0 instar a la rectificaci\u00f3 d&#8217;autoliquidacions i devoluci\u00f3 d&#8217;ingressos indeguts. En determinades situacions, tamb\u00e9 obriria la porta a la via de responsabilitat patrimonial de l&#8217;Estat.<\/p>\n<p>Es poden posar en contacte amb aquest despatx professional per qualsevol dubte o aclariment que puguin tenir sobre aquest tema.<\/p>\n<\/div>\n<p>&nbsp;<\/p>\n<p>Consulti els nostres serveis <a href=\"https:\/\/www.jda.es\/ca\/serveis\/\">aqu\u00ed<\/a>.<\/p>\n","protected":false},"excerpt":{"rendered":"<p>El Tribunal de Just\u00edcia de la Uni\u00f3 Europea (TJUE) en la seva sent\u00e8ncia de 27 de gener de 2022 ha concl\u00f2s que una bona part de les conseq\u00fc\u00e8ncies associades a l\u2019incompliment de l\u2019obligaci\u00f3 de declarar els b\u00e9ns i drets a l\u2019estranger dels residents a Espanya (model 720) \u00e9s contr\u00e0ria al dret de la Uni\u00f3 Europea,<\/p>\n","protected":false},"author":50,"featured_media":21383,"comment_status":"open","ping_status":"open","sticky":false,"template":"","format":"standard","meta":{"rs_blank_template":"","rs_page_bg_color":"","slide_template_v7":"","footnotes":""},"categories":[833,785,791,826,766],"tags":[],"class_list":["post-21394","post","type-post","status-publish","format-standard","has-post-thumbnail","hentry","category-economia-ca","category-empreses","category-fiscal-ca","category-fiscal-ca-2","category-legal-ca"],"_links":{"self":[{"href":"https:\/\/www.jda.es\/ca\/wp-json\/wp\/v2\/posts\/21394","targetHints":{"allow":["GET"]}}],"collection":[{"href":"https:\/\/www.jda.es\/ca\/wp-json\/wp\/v2\/posts"}],"about":[{"href":"https:\/\/www.jda.es\/ca\/wp-json\/wp\/v2\/types\/post"}],"author":[{"embeddable":true,"href":"https:\/\/www.jda.es\/ca\/wp-json\/wp\/v2\/users\/50"}],"replies":[{"embeddable":true,"href":"https:\/\/www.jda.es\/ca\/wp-json\/wp\/v2\/comments?post=21394"}],"version-history":[{"count":0,"href":"https:\/\/www.jda.es\/ca\/wp-json\/wp\/v2\/posts\/21394\/revisions"}],"wp:featuredmedia":[{"embeddable":true,"href":"https:\/\/www.jda.es\/ca\/wp-json\/wp\/v2\/media\/21383"}],"wp:attachment":[{"href":"https:\/\/www.jda.es\/ca\/wp-json\/wp\/v2\/media?parent=21394"}],"wp:term":[{"taxonomy":"category","embeddable":true,"href":"https:\/\/www.jda.es\/ca\/wp-json\/wp\/v2\/categories?post=21394"},{"taxonomy":"post_tag","embeddable":true,"href":"https:\/\/www.jda.es\/ca\/wp-json\/wp\/v2\/tags?post=21394"}],"curies":[{"name":"wp","href":"https:\/\/api.w.org\/{rel}","templated":true}]}}