{"id":21091,"date":"2021-12-15T14:41:51","date_gmt":"2021-12-15T14:41:51","guid":{"rendered":"http:\/\/fwcpfcf.cluster026.hosting.ovh.net\/?p=21091"},"modified":"2021-12-15T14:41:57","modified_gmt":"2021-12-15T14:41:57","slug":"covid-19-sesten-la-suspensio-del-regim-de-dissolucio-per-perdues","status":"publish","type":"post","link":"https:\/\/www.jda.es\/ca\/covid-19-sesten-la-suspensio-del-regim-de-dissolucio-per-perdues\/","title":{"rendered":"COVID-19: s\u2019est\u00e9n la suspensi\u00f3 del r\u00e8gim de dissoluci\u00f3 per p\u00e8rdues"},"content":{"rendered":"<div class=\"summary\">\n<p>Amb l\u2019aprovaci\u00f3 del Reial decret llei 27\/2021, de 23 de novembre, s\u2019est\u00e9n l\u2019exclusi\u00f3 de les p\u00e8rdues econ\u00f2miques a l\u2019efecte del c\u00f2mput de la causa legal de dissoluci\u00f3 de l\u2019article 363.1.e) de la Llei de societats de capital, fins al tancament de l\u2019exercici de l\u2019any 2022. La redacci\u00f3 anterior exclo\u00efa la consideraci\u00f3 de les p\u00e8rdues de 2020, mentre que, amb aquesta nova redacci\u00f3, no es tindran en compte tampoc les p\u00e8rdues econ\u00f2miques de l\u2019exercici 2021.<\/p>\n<\/div>\n<div class=\"content\">\n<p>Quan una societat sofreix p\u00e8rdues que deixen redu\u00eft el seu patrimoni net per sota de la meitat del capital social,\u00a0<em>es troba en causa de dissoluci\u00f3<\/em>. En aquest cas els administradors hauran de prendre mesures i convocar els socis perqu\u00e8 regularitzin la situaci\u00f3. Aquesta regularitzaci\u00f3 es pot realitzar aportant nous fons, fent una reducci\u00f3 de capital amb compensaci\u00f3 de p\u00e8rdues o b\u00e9, si no \u00e9s possible aportar fons per regularitzar la situaci\u00f3, acordant la dissoluci\u00f3 de la societat o sol\u00b7licitant concurs de creditors.<\/p>\n<p><strong>Suspesa un altre any<\/strong><\/p>\n<p>No obstant aix\u00f2, per evitar que les p\u00e8rdues derivades de la COVID-19 deixessin moltes empreses en situaci\u00f3 irregular, es va aprovar una norma que deixava suspesa aquesta causa de dissoluci\u00f3 i establia que les p\u00e8rdues de l&#8217;exercici 2020 no es tenien en compte a aquest efecte.<\/p>\n<p>Doncs b\u00e9, s\u00e0piga que aquesta mesura s&#8217;ha prorrogat tamb\u00e9 per a 2021, per la qual cosa les p\u00e8rdues d&#8217;enguany tampoc s&#8217;han de prendre en consideraci\u00f3 a l&#8217;efecte de determinar la concurr\u00e8ncia de la causa de dissoluci\u00f3.<\/p>\n<p>Concretament, el Reial decret llei 27\/2021 modifica l&#8217;article 13 de la Llei 3\/2020, estenent l&#8217;exclusi\u00f3 de les p\u00e8rdues econ\u00f2miques a l&#8217;efecte del c\u00f2mput de la causa legal de dissoluci\u00f3 de l&#8217;article 363.1.e) de la Llei de societats de capital, fins al tancament de l&#8217;exercici de l&#8217;any 2022. La redacci\u00f3 anterior exclo\u00efa la consideraci\u00f3 de les p\u00e8rdues de 2020, mentre que, amb aquesta nova redacci\u00f3, no es tindran en compte tampoc les p\u00e8rdues econ\u00f2miques de l&#8217;exercici 2021, a l&#8217;efecte de determinar la concurr\u00e8ncia de la causa de dissoluci\u00f3 de l&#8217;article 363.1.e) de la citada llei.<\/p>\n<p>D&#8217;acord amb l&#8217;anterior, si en el resultat de l&#8217;exercici 2022 s&#8217;aprecien p\u00e8rdues que deixin redu\u00eft el patrimoni net d&#8217;una societat a una quantitat inferior a la meitat del capital social, s&#8217;haur\u00e0 de convocar pels administradors -o es podr\u00e0 sol\u00b7licitar per qualsevol soci-, en el termini de dos mesos a comptar des del tancament de l&#8217;exercici 2022, la celebraci\u00f3 d&#8217;una junta per procedir a la dissoluci\u00f3 de la societat, tret que s&#8217;augmenti o redueixi el capital en la mesura suficient (o se solucioni la situaci\u00f3 de desequilibri patrimonial d&#8217;una altra manera).<\/p>\n<p>Es poden posar en contacte amb aquest despatx professional per qualsevol dubte o aclariment que puguin tenir sobre aquest tema.<\/p>\n<\/div>\n<p>&nbsp;<\/p>\n<p>JDA\/SFAI<\/p>\n<p>Consulti els nostres serveis <a href=\"https:\/\/www.jda.es\/ca\/serveis\/\">aqu\u00ed<\/a>.<\/p>\n","protected":false},"excerpt":{"rendered":"<p>Amb l\u2019aprovaci\u00f3 del Reial decret llei 27\/2021, de 23 de novembre, s\u2019est\u00e9n l\u2019exclusi\u00f3 de les p\u00e8rdues econ\u00f2miques a l\u2019efecte del c\u00f2mput de la causa legal de dissoluci\u00f3 de l\u2019article 363.1.e) de la Llei de societats de capital, fins al tancament de l\u2019exercici de l\u2019any 2022. La redacci\u00f3 anterior exclo\u00efa la consideraci\u00f3 de les p\u00e8rdues de<\/p>\n","protected":false},"author":50,"featured_media":21092,"comment_status":"open","ping_status":"open","sticky":false,"template":"","format":"standard","meta":{"rs_blank_template":"","rs_page_bg_color":"","slide_template_v7":"","footnotes":""},"categories":[833,785,826],"tags":[],"class_list":["post-21091","post","type-post","status-publish","format-standard","has-post-thumbnail","hentry","category-economia-ca","category-empreses","category-fiscal-ca-2"],"_links":{"self":[{"href":"https:\/\/www.jda.es\/ca\/wp-json\/wp\/v2\/posts\/21091","targetHints":{"allow":["GET"]}}],"collection":[{"href":"https:\/\/www.jda.es\/ca\/wp-json\/wp\/v2\/posts"}],"about":[{"href":"https:\/\/www.jda.es\/ca\/wp-json\/wp\/v2\/types\/post"}],"author":[{"embeddable":true,"href":"https:\/\/www.jda.es\/ca\/wp-json\/wp\/v2\/users\/50"}],"replies":[{"embeddable":true,"href":"https:\/\/www.jda.es\/ca\/wp-json\/wp\/v2\/comments?post=21091"}],"version-history":[{"count":0,"href":"https:\/\/www.jda.es\/ca\/wp-json\/wp\/v2\/posts\/21091\/revisions"}],"wp:featuredmedia":[{"embeddable":true,"href":"https:\/\/www.jda.es\/ca\/wp-json\/wp\/v2\/media\/21092"}],"wp:attachment":[{"href":"https:\/\/www.jda.es\/ca\/wp-json\/wp\/v2\/media?parent=21091"}],"wp:term":[{"taxonomy":"category","embeddable":true,"href":"https:\/\/www.jda.es\/ca\/wp-json\/wp\/v2\/categories?post=21091"},{"taxonomy":"post_tag","embeddable":true,"href":"https:\/\/www.jda.es\/ca\/wp-json\/wp\/v2\/tags?post=21091"}],"curies":[{"name":"wp","href":"https:\/\/api.w.org\/{rel}","templated":true}]}}