{"id":21086,"date":"2021-12-15T14:38:00","date_gmt":"2021-12-15T14:38:00","guid":{"rendered":"http:\/\/fwcpfcf.cluster026.hosting.ovh.net\/?p=21086"},"modified":"2021-12-15T14:43:19","modified_gmt":"2021-12-15T14:43:19","slug":"la-seguretat-social-millora-la-cotitzacio-de-cuidadors-no-professionals-de-familiars-dependents","status":"publish","type":"post","link":"https:\/\/www.jda.es\/ca\/la-seguretat-social-millora-la-cotitzacio-de-cuidadors-no-professionals-de-familiars-dependents\/","title":{"rendered":"La Seguretat Social millora la cotitzaci\u00f3 de cuidadors no professionals de familiars dependents"},"content":{"rendered":"<div class=\"summary\">\n<p>Al BOE del 14 de desembre de 2021 s\u2019ha publicat el Reial decret 1057\/2021 pel qual es modifica la regulaci\u00f3 normativa dels cuidadors de les persones en situaci\u00f3 de depend\u00e8ncia. La modificaci\u00f3 realitzada permet actualitzar anualment la base de cotitzaci\u00f3 original dels cuidadors que redueixen la seva jornada i retribuci\u00f3 per cuidar una persona dependent.<\/p>\n<\/div>\n<div class=\"content\">\n<p>El Reial decret 1057\/2021, de 30 de novembre, publicat al BOE del 14 de desembre i en vigor a partir de l&#8217;endem\u00e0, ha modificat el Reial decret 615\/2007, de l&#8217;11 de maig, pel qual es regula la Seguretat Social dels cuidadors de les persones en situaci\u00f3 de depend\u00e8ncia.<\/p>\n<p>La modificaci\u00f3 afecta l&#8217;article 4.2, relatiu a la cotitzaci\u00f3 de les persones que a conseq\u00fc\u00e8ncia de la realitzaci\u00f3 de cures no professionals han de reduir la seva jornada de treball i la corresponent retribuci\u00f3, per a:<\/p>\n<ul>\n<li><em>Establir com es determina la base de cotitzaci\u00f3 original, prenent un per\u00edode de refer\u00e8ncia m\u00e9s ampli per al seu c\u00e0lcul.<\/em><\/li>\n<\/ul>\n<p>D&#8217;aquesta manera, la suma de la base de cotitzaci\u00f3 pel conveni especial i de la base de cotitzaci\u00f3 corresponent a l&#8217;activitat laboral realitzada pel cuidador no professional no podr\u00e0 ser superior a la base de cotitzaci\u00f3 resultant de dividir entre 12 la suma de les bases per conting\u00e8ncies comunes per les quals s&#8217;hagin efectuat cotitzacions durant els dotze mesos consecutius anteriors a la reducci\u00f3 de la jornada i de retribuci\u00f3 per atendre el familiar en situaci\u00f3 de depend\u00e8ncia.<\/p>\n<p>En el cas que es tingui acreditat un per\u00edode de cotitzaci\u00f3 inferior a dotze mesos, la base estar\u00e0 constitu\u00efda pel resultat de multiplicar per 30 el quocient de dividir la suma de les bases de cotitzaci\u00f3 entre el nombre de dies cotitzats.<\/p>\n<p>Si en el c\u00e0lcul d&#8217;aquesta base inicial se super\u00e9s el l\u00edmit indicat, es procedir\u00e0 a reduir la base de cotitzaci\u00f3 del conveni especial.<\/p>\n<ul>\n<li><em>Actualitzar anualment la base de cotitzaci\u00f3 original.<\/em><\/li>\n<\/ul>\n<p>La base de cotitzaci\u00f3 del conveni especial calculada d&#8217;entrada, conforme a les pautes descrites en el punt anterior, s&#8217;actualitzar\u00e0 anualment en el mateix percentatge en qu\u00e8 ho faci el topall m\u00ednim de cotitzaci\u00f3 del r\u00e8gim general.<\/p>\n<p>D&#8217;aquesta actualitzaci\u00f3 tamb\u00e9 se&#8217;n beneficiaran aquells qui que, per passar a tenir la condici\u00f3 de cuidadors de persones en situaci\u00f3 de depend\u00e8ncia, extingeixen una situaci\u00f3 anterior de conveni especial amb la Seguretat Social i passin a subscriure el conveni especial de cuidadors no professionals de persones en situaci\u00f3 de depend\u00e8ncia.<\/p>\n<p>Per acabar, aquesta actualitzaci\u00f3 anual tamb\u00e9 s&#8217;aplicar\u00e0 a convenis que ja estiguessin subscrits abans del 15 de desembre de 2021, data d&#8217;entrada en vigor de la modificaci\u00f3 objecte d&#8217;aquesta entrada.<\/p>\n<p>Es poden posar en contacte amb aquest despatx professional per qualsevol dubte o aclariment que puguin tenir sobre aquest tema.<\/p>\n<\/div>\n<p>&nbsp;<\/p>\n<p>JDA\/SFAI<\/p>\n<p>Consulti els nostres serveis <a href=\"https:\/\/www.jda.es\/ca\/serveis\/\">aqu\u00ed<\/a>.<\/p>\n","protected":false},"excerpt":{"rendered":"<p>Al BOE del 14 de desembre de 2021 s\u2019ha publicat el Reial decret 1057\/2021 pel qual es modifica la regulaci\u00f3 normativa dels cuidadors de les persones en situaci\u00f3 de depend\u00e8ncia. La modificaci\u00f3 realitzada permet actualitzar anualment la base de cotitzaci\u00f3 original dels cuidadors que redueixen la seva jornada i retribuci\u00f3 per cuidar una persona dependent.<\/p>\n","protected":false},"author":50,"featured_media":21071,"comment_status":"open","ping_status":"open","sticky":false,"template":"","format":"standard","meta":{"rs_blank_template":"","rs_page_bg_color":"","slide_template_v7":"","footnotes":""},"categories":[826,773,796],"tags":[],"class_list":["post-21086","post","type-post","status-publish","format-standard","has-post-thumbnail","hentry","category-fiscal-ca-2","category-laboral-ca","category-recursos-humans"],"_links":{"self":[{"href":"https:\/\/www.jda.es\/ca\/wp-json\/wp\/v2\/posts\/21086","targetHints":{"allow":["GET"]}}],"collection":[{"href":"https:\/\/www.jda.es\/ca\/wp-json\/wp\/v2\/posts"}],"about":[{"href":"https:\/\/www.jda.es\/ca\/wp-json\/wp\/v2\/types\/post"}],"author":[{"embeddable":true,"href":"https:\/\/www.jda.es\/ca\/wp-json\/wp\/v2\/users\/50"}],"replies":[{"embeddable":true,"href":"https:\/\/www.jda.es\/ca\/wp-json\/wp\/v2\/comments?post=21086"}],"version-history":[{"count":0,"href":"https:\/\/www.jda.es\/ca\/wp-json\/wp\/v2\/posts\/21086\/revisions"}],"wp:featuredmedia":[{"embeddable":true,"href":"https:\/\/www.jda.es\/ca\/wp-json\/wp\/v2\/media\/21071"}],"wp:attachment":[{"href":"https:\/\/www.jda.es\/ca\/wp-json\/wp\/v2\/media?parent=21086"}],"wp:term":[{"taxonomy":"category","embeddable":true,"href":"https:\/\/www.jda.es\/ca\/wp-json\/wp\/v2\/categories?post=21086"},{"taxonomy":"post_tag","embeddable":true,"href":"https:\/\/www.jda.es\/ca\/wp-json\/wp\/v2\/tags?post=21086"}],"curies":[{"name":"wp","href":"https:\/\/api.w.org\/{rel}","templated":true}]}}