{"id":21052,"date":"2021-12-13T11:20:24","date_gmt":"2021-12-13T11:20:24","guid":{"rendered":"http:\/\/fwcpfcf.cluster026.hosting.ovh.net\/?p=21052"},"modified":"2021-12-13T11:20:24","modified_gmt":"2021-12-13T11:20:24","slug":"publicat-al-boe-el-calendari-de-dies-inhabils-en-ladministracio-general-de-lestat-per-a-2022","status":"publish","type":"post","link":"https:\/\/www.jda.es\/ca\/publicat-al-boe-el-calendari-de-dies-inhabils-en-ladministracio-general-de-lestat-per-a-2022\/","title":{"rendered":"Publicat al BOE el calendari de dies inh\u00e0bils en l\u2019Administraci\u00f3 General de l\u2019Estat per a 2022"},"content":{"rendered":"<div class=\"summary\">\n<p>Al BOE del dia 1 de desembre s\u2019ha aprovat el calendari de dies inh\u00e0bils en l\u2019\u00e0mbit de l\u2019Administraci\u00f3 General de l\u2019Estat per a l\u2019any 2022, a l\u2019efecte de c\u00f2mputs de terminis.<\/p>\n<\/div>\n<div class=\"content\">\n<p><strong>L&#8217;informem que pot consultar el calendari de dies inh\u00e0bils per al 2022 de les diferents comunitats aut\u00f2nomes. Es poden posar en contacte amb nosaltres per qualsevol dubte o aclariment que puguin tenir sobre aquest tema.<\/strong><\/p>\n<p><strong>Atenci\u00f3!\u00a0<\/strong>S\u00f3n dies inh\u00e0bils:<\/p>\n<ul>\n<li>A tot el territori nacional: els dissabtes, els diumenges i els dies declarats com a festes d&#8217;\u00e0mbit nacional no substitu\u00efbles, o sobre les quals la totalitat de les comunitats aut\u00f2nomes no ha exercit la facultat de substituci\u00f3.<\/li>\n<li>En l&#8217;\u00e0mbit territorial de les comunitats aut\u00f2nomes: aquells dies determinats per cada comunitat aut\u00f2noma com a festius.<\/li>\n<li>En els \u00e0mbits territorials de les entitats que integren l&#8217;administraci\u00f3 local: els dies que estableixin les respectives comunitats aut\u00f2nomes en els seus corresponents calendaris de dies inh\u00e0bils.<\/li>\n<\/ul>\n<p>Els\u00a0<strong>dies inh\u00e0bils<\/strong>\u00a0a tot el territori nacional i en l&#8217;\u00e0mbit de les comunitats aut\u00f2nomes es recullen,\u00a0<strong>especificats per mesos i per comunitats aut\u00f2nomes<\/strong>, en aquest\u00a0<a class=\"external\" href=\"https:\/\/www.boe.es\/boe\/dias\/2021\/12\/01\/pdfs\/BOE-A-2021-19799.pdf\" target=\"_blank\" rel=\"external noopener\">ANNEX<\/a>.<\/p>\n<p>Es poden posar en contacte amb aquest despatx professional per qualsevol dubte o aclariment que puguin tenir sobre aquest tema.<\/p>\n<p>&nbsp;<\/p>\n<\/div>\n<p>JDA\/SFAI<\/p>\n<p>Consulti els nostres serveis <a href=\"https:\/\/www.jda.es\/ca\/serveis\/\">aqu\u00ed<\/a>.<\/p>\n","protected":false},"excerpt":{"rendered":"<p>Al BOE del dia 1 de desembre s\u2019ha aprovat el calendari de dies inh\u00e0bils en l\u2019\u00e0mbit de l\u2019Administraci\u00f3 General de l\u2019Estat per a l\u2019any 2022, a l\u2019efecte de c\u00f2mputs de terminis. L&#8217;informem que pot consultar el calendari de dies inh\u00e0bils per al 2022 de les diferents comunitats aut\u00f2nomes. Es poden posar en contacte amb nosaltres<\/p>\n","protected":false},"author":50,"featured_media":21033,"comment_status":"open","ping_status":"open","sticky":false,"template":"","format":"standard","meta":{"rs_blank_template":"","rs_page_bg_color":"","slide_template_v7":"","footnotes":""},"categories":[785,791],"tags":[],"class_list":["post-21052","post","type-post","status-publish","format-standard","has-post-thumbnail","hentry","category-empreses","category-fiscal-ca"],"_links":{"self":[{"href":"https:\/\/www.jda.es\/ca\/wp-json\/wp\/v2\/posts\/21052","targetHints":{"allow":["GET"]}}],"collection":[{"href":"https:\/\/www.jda.es\/ca\/wp-json\/wp\/v2\/posts"}],"about":[{"href":"https:\/\/www.jda.es\/ca\/wp-json\/wp\/v2\/types\/post"}],"author":[{"embeddable":true,"href":"https:\/\/www.jda.es\/ca\/wp-json\/wp\/v2\/users\/50"}],"replies":[{"embeddable":true,"href":"https:\/\/www.jda.es\/ca\/wp-json\/wp\/v2\/comments?post=21052"}],"version-history":[{"count":0,"href":"https:\/\/www.jda.es\/ca\/wp-json\/wp\/v2\/posts\/21052\/revisions"}],"wp:featuredmedia":[{"embeddable":true,"href":"https:\/\/www.jda.es\/ca\/wp-json\/wp\/v2\/media\/21033"}],"wp:attachment":[{"href":"https:\/\/www.jda.es\/ca\/wp-json\/wp\/v2\/media?parent=21052"}],"wp:term":[{"taxonomy":"category","embeddable":true,"href":"https:\/\/www.jda.es\/ca\/wp-json\/wp\/v2\/categories?post=21052"},{"taxonomy":"post_tag","embeddable":true,"href":"https:\/\/www.jda.es\/ca\/wp-json\/wp\/v2\/tags?post=21052"}],"curies":[{"name":"wp","href":"https:\/\/api.w.org\/{rel}","templated":true}]}}