{"id":20732,"date":"2021-10-14T13:16:22","date_gmt":"2021-10-14T13:16:22","guid":{"rendered":"http:\/\/fwcpfcf.cluster026.hosting.ovh.net\/?p=20732"},"modified":"2021-10-14T13:16:22","modified_gmt":"2021-10-14T13:16:22","slug":"noves-deduccions-en-lirpf-per-obres-de-millora-de-leficiencia-energetica-en-habitatges","status":"publish","type":"post","link":"https:\/\/www.jda.es\/ca\/noves-deduccions-en-lirpf-per-obres-de-millora-de-leficiencia-energetica-en-habitatges\/","title":{"rendered":"Noves deduccions en l\u2019IRPF per obres de millora de l\u2019efici\u00e8ncia energ\u00e8tica en habitatges"},"content":{"rendered":"<div class=\"summary\">\n<p>Amb efectes des del 6 d\u2019octubre de 2021, s\u2019introdueixen noves deduccions en l\u2019IRPF del 20, 40 o 60\u2006% per obres en habitatges i edificis residencials que millorin l\u2019efici\u00e8ncia energ\u00e8tica i en l\u2019exclusi\u00f3 de tributaci\u00f3 en aquest impost de determinades subvencions i ajuts per a la rehabilitaci\u00f3.<\/p>\n<\/div>\n<div class=\"content\">\n<p>L&#8217;informem que el 6 d&#8217;octubre de 2021 s&#8217;ha publicat el Reial decret llei 19\/2021, de 5 d&#8217;octubre, de mesures urgents per impulsar la rehabilitaci\u00f3 d&#8217;edificacions en el context del Pla de recuperaci\u00f3, transformaci\u00f3 i resili\u00e8ncia, que introdueix en mat\u00e8ria tribut\u00e0ria\u00a0<strong>amb efectes des del 6 d&#8217;octubre de 2021<\/strong>, concretament en l&#8217;impost sobre la renda de les persones f\u00edsiques (IRPF),\u00a0<strong>deduccions temporals per obres de millora de l&#8217;efici\u00e8ncia energ\u00e8tica en habitatges<\/strong>, les quals s&#8217;aplicaran sobre les quantitats invertides en obres de rehabilitaci\u00f3 que contribueixin a aconseguir determinades millores de l&#8217;efici\u00e8ncia energ\u00e8tica de l&#8217;habitatge habitual o arrendat per al seu \u00fas com a habitatge conformement a la legislaci\u00f3 sobre arrendaments urbans, de manera que el seu dest\u00ed primordial sigui satisfer la necessitat permanent d&#8217;habitatge de l&#8217;arrendatari, i en els edificis residencials, acreditades a trav\u00e9s de certificat d&#8217;efici\u00e8ncia energ\u00e8tica.<\/p>\n<p>En concret\u00a0<strong>s\u00f3n tres les noves deduccions temporals que s&#8217;aproven<\/strong>:<\/p>\n<p><strong>1. Deducci\u00f3 per les obres realitzades que redueixin un 7\u2006% la demanda de calefacci\u00f3 i refrigeraci\u00f3 en habitatge habitual.<\/strong><\/p>\n<p><strong>Requisits:<\/strong><\/p>\n<ul>\n<li><strong>Percentatge de deducci\u00f3:\u00a0<\/strong>20\u2006% de les quantitats satisfetes per obres realitzades en el per\u00edode d&#8217;aplicaci\u00f3.<\/li>\n<li><strong>L\u00edmit m\u00e0xim:\u00a0<\/strong>5.000 euros per habitatge.<\/li>\n<li><strong>Per\u00edode d&#8217;aplicaci\u00f3:\u00a0<\/strong>des del 6 d&#8217;octubre de 2021 fins al 31 de desembre de 2022.<\/li>\n<li><strong>Immoble pel qual es pot acollir a la deducci\u00f3:\u00a0<\/strong>habitatge habitual del contribuent, o de qualsevol altre de la seva titularitat que tingu\u00e9s arrendat per al seu \u00fas com a habitatge en aquest moment o en expectativa de lloguer, sempre que en aquest \u00faltim cas, l&#8217;habitatge es llogui abans del 31 de desembre de 2023.<\/li>\n<li><strong>Persones que s&#8217;hi poden acollir:\u00a0<\/strong>persones f\u00edsiques que acompleixin actuacions de rehabilitaci\u00f3 i millora en les quals s&#8217;obtingui una reducci\u00f3 d&#8217;almenys un 7\u2006% en la demanda de calefacci\u00f3 i refrigeraci\u00f3, segons certificat d&#8217;efici\u00e8ncia energ\u00e8tica de l&#8217;habitatge, que haur\u00e0 de ser expedit abans de l&#8217;1 de gener de 2023.<\/li>\n<\/ul>\n<p><strong>2. Deducci\u00f3 per les obres realitzades que redueixin un 30\u2006% el consumo d&#8217;energia prim\u00e0ria no renovable, o que millorin la qualificaci\u00f3 energ\u00e8tica assolint les lletres \u00abA\u00bb o \u00abB\u00bb en habitatge habitual.<\/strong><\/p>\n<p><strong>Requisits:<\/strong><\/p>\n<ul>\n<li><strong>Percentatge de deducci\u00f3:\u00a0<\/strong>40\u2006% de les quantitats satisfetes per les obres realitzades en el per\u00edode d&#8217;aplicaci\u00f3.<\/li>\n<li><strong>L\u00edmit m\u00e0xim:\u00a0<\/strong>7.500 euros per habitatge.<\/li>\n<li><strong>Per\u00edode d&#8217;aplicaci\u00f3:\u00a0<\/strong>des del 6 d&#8217;octubre de 2021 fins al 31 de desembre de 2022.<\/li>\n<li><strong>Immoble pel qual es pot acollir a la deducci\u00f3:\u00a0<\/strong>habitatge habitual del contribuent, o de qualsevol altre de la seva titularitat que tingu\u00e9s arrendat per al seu \u00fas com a habitatge en aquest moment o en expectativa de lloguer, sempre que en aquest \u00faltim cas, l&#8217;habitatge es llogui abans del 31 de desembre de 2023.<\/li>\n<li><strong>Persones que s&#8217;hi poden acollir:\u00a0<\/strong>persones f\u00edsiques que acompleixin actuacions de rehabilitaci\u00f3 o millora en les quals es redueixi almenys un 30\u2006% del consum d&#8217;energia prim\u00e0ria no renovable, acreditable a trav\u00e9s del certificat d&#8217;efici\u00e8ncia energ\u00e8tica de l&#8217;habitatge, o millora de la qualificaci\u00f3 energ\u00e8tica de l&#8217;habitatge per obtenir una classe energ\u00e8tica \u00abA\u00bb o \u00abB\u00bb, en la mateixa escala de qualificaci\u00f3. El certificat d&#8217;efici\u00e8ncia energ\u00e8tica haur\u00e0 de ser expedit abans de l&#8217;1 de gener de 2023.<\/li>\n<\/ul>\n<p><strong>3. Deducci\u00f3 per actuacions que redueixin un 30\u2006% el consum d&#8217;energia prim\u00e0ria no renovable, o millorin la qualificaci\u00f3 assolint les lletres \u00abA\u00bb o \u00abB\u00bb en edificis d&#8217;\u00fas predominant residencial.<\/strong><\/p>\n<p><strong>Requisits:<\/strong><\/p>\n<ul>\n<li><strong>Percentatge de deducci\u00f3:\u00a0<\/strong>60\u2006% de les quantitats satisfetes per les obres realitzades en el per\u00edode d&#8217;aplicaci\u00f3.<\/li>\n<li><strong>L\u00edmit m\u00e0xim:\u00a0<\/strong>15.000 euros per habitatge.<\/li>\n<li><strong>Per\u00edode d&#8217;aplicaci\u00f3:\u00a0<\/strong>des del 6 d&#8217;octubre de 2021 fins al 31 de desembre de 2023.<\/li>\n<li><strong>Immoble pel qual es pot acollir a la deducci\u00f3:<\/strong>\u00a0s&#8217;ha de tractar d&#8217;actuacions de millora que afectin el conjunt de l&#8217;edifici.<\/li>\n<li><strong>Persones que s&#8217;hi poden acollir:\u00a0<\/strong>persones f\u00edsiques hagin executat obres de millora o rehabilitaci\u00f3 en l&#8217;edifici per les quals s&#8217;obtingui una reducci\u00f3 d&#8217;almenys un 30\u2006% del consum d&#8217;energia prim\u00e0ria no renovable, acreditable a trav\u00e9s del certificat d&#8217;efici\u00e8ncia energ\u00e8tica de l&#8217;edifici, o millora de la qualificaci\u00f3 energ\u00e8tica de l&#8217;edifici per obtenir una classe energ\u00e8tica \u00abA\u00bb o \u00abB\u00bb, en la mateixa escala de qualificaci\u00f3.<\/li>\n<\/ul>\n<p><strong>Habilitaci\u00f3 reglament\u00e0ria per a subministrament d&#8217;informaci\u00f3<\/strong><\/p>\n<p>S&#8217;<strong>habilita reglament\u00e0riament al fet que les comunitats aut\u00f2nomes estiguin obligades al subministrament d&#8217;informaci\u00f3<\/strong>\u00a0respecte dels certificats d&#8217;efici\u00e8ncia energ\u00e8tica registrats i les resolucions definitives d&#8217;ajut que hagin estat concedides per obres de millora de l&#8217;efici\u00e8ncia energ\u00e8tica d&#8217;habitatges, juntament amb la relaci\u00f3 de n\u00fameros de refer\u00e8ncia cadastrals als quals es refereixin.<\/p>\n<p><strong>No integraci\u00f3 en la base imposable de l&#8217;IRPF de determinats ajuts<\/strong><\/p>\n<p>Per acabar, s&#8217;estableix que no s&#8217;integraran en la base imposable de l&#8217;IRPF en l&#8217;exercici 2021 i seg\u00fcents els ajuts concedits en virtut dels diferents programes establerts en els seg\u00fcents reials decrets:<\/p>\n<ul>\n<li><strong>Reial decret 691\/2021, de 3 d&#8217;agost<\/strong>, pel qual es regulen les subvencions a atorgar a actuacions de rehabilitaci\u00f3 energ\u00e8tica en edificis existents, en execuci\u00f3 del Programa de rehabilitaci\u00f3 energ\u00e8tica per a edificis existents en municipis de repte demogr\u00e0fic (Programa PREE 5000), incl\u00f2s en el Programa de regeneraci\u00f3 i repte demogr\u00e0fic del Pla de rehabilitaci\u00f3 i regeneraci\u00f3 urbana del Pla de recuperaci\u00f3, transformaci\u00f3 i resili\u00e8ncia, aix\u00ed com la seva concessi\u00f3 directa a les comunitats aut\u00f2nomes.<\/li>\n<li><strong>Reial decret 737\/2020, de 4 d&#8217;agost<\/strong>, pel qual es regula el programa d&#8217;ajuts per a actuacions de rehabilitaci\u00f3 energ\u00e8tica en edificis existents i es regula la concessi\u00f3 directa dels ajuts d&#8217;aquest programa a les comunitats aut\u00f2nomes i ciutats de Ceuta i Melilla.<\/li>\n<li><strong>Reial decret 853\/2021, de 5 d&#8217;octubre<\/strong>, pel qual es regulen els programes d&#8217;ajut en mat\u00e8ria de rehabilitaci\u00f3 residencial i habitatge social del Pla de recuperaci\u00f3, transformaci\u00f3 i resili\u00e8ncia.<\/li>\n<\/ul>\n<p>Es poden posar en contacte amb aquest despatx professional per qualsevol dubte o aclariment que puguin tenir sobre aquest tema.<\/p>\n<\/div>\n<p>Consulti els nostres serveis <a href=\"https:\/\/www.jda.es\/ca\/serveis\/\">aqu\u00ed<\/a>.<\/p>\n<p>&nbsp;<\/p>\n<p>JDA\/SFAI<\/p>\n","protected":false},"excerpt":{"rendered":"<p>Amb efectes des del 6 d\u2019octubre de 2021, s\u2019introdueixen noves deduccions en l\u2019IRPF del 20, 40 o 60\u2006% per obres en habitatges i edificis residencials que millorin l\u2019efici\u00e8ncia energ\u00e8tica i en l\u2019exclusi\u00f3 de tributaci\u00f3 en aquest impost de determinades subvencions i ajuts per a la rehabilitaci\u00f3. L&#8217;informem que el 6 d&#8217;octubre de 2021 s&#8217;ha publicat<\/p>\n","protected":false},"author":50,"featured_media":20720,"comment_status":"open","ping_status":"open","sticky":false,"template":"","format":"standard","meta":{"rs_blank_template":"","rs_page_bg_color":"","slide_template_v7":"","footnotes":""},"categories":[833,791],"tags":[],"class_list":["post-20732","post","type-post","status-publish","format-standard","has-post-thumbnail","hentry","category-economia-ca","category-fiscal-ca"],"_links":{"self":[{"href":"https:\/\/www.jda.es\/ca\/wp-json\/wp\/v2\/posts\/20732","targetHints":{"allow":["GET"]}}],"collection":[{"href":"https:\/\/www.jda.es\/ca\/wp-json\/wp\/v2\/posts"}],"about":[{"href":"https:\/\/www.jda.es\/ca\/wp-json\/wp\/v2\/types\/post"}],"author":[{"embeddable":true,"href":"https:\/\/www.jda.es\/ca\/wp-json\/wp\/v2\/users\/50"}],"replies":[{"embeddable":true,"href":"https:\/\/www.jda.es\/ca\/wp-json\/wp\/v2\/comments?post=20732"}],"version-history":[{"count":0,"href":"https:\/\/www.jda.es\/ca\/wp-json\/wp\/v2\/posts\/20732\/revisions"}],"wp:featuredmedia":[{"embeddable":true,"href":"https:\/\/www.jda.es\/ca\/wp-json\/wp\/v2\/media\/20720"}],"wp:attachment":[{"href":"https:\/\/www.jda.es\/ca\/wp-json\/wp\/v2\/media?parent=20732"}],"wp:term":[{"taxonomy":"category","embeddable":true,"href":"https:\/\/www.jda.es\/ca\/wp-json\/wp\/v2\/categories?post=20732"},{"taxonomy":"post_tag","embeddable":true,"href":"https:\/\/www.jda.es\/ca\/wp-json\/wp\/v2\/tags?post=20732"}],"curies":[{"name":"wp","href":"https:\/\/api.w.org\/{rel}","templated":true}]}}