{"id":20450,"date":"2021-09-01T08:52:28","date_gmt":"2021-09-01T08:52:28","guid":{"rendered":"http:\/\/fwcpfcf.cluster026.hosting.ovh.net\/?p=20450"},"modified":"2021-09-01T08:52:28","modified_gmt":"2021-09-01T08:52:28","slug":"novetats-en-la-regulacio-del-teletreball","status":"publish","type":"post","link":"https:\/\/www.jda.es\/ca\/novetats-en-la-regulacio-del-teletreball\/","title":{"rendered":"Novetats en la regulaci\u00f3 del teletreball"},"content":{"rendered":"<p>&nbsp;<\/p>\n<p>La Llei 10\/2021, de 9 de juliol, de treball a dist\u00e0ncia, va entrar en vigor el passat 11 de juliol, \u00e9s conseq\u00fc\u00e8ncia de la tramitaci\u00f3 parlament\u00e0ria de el Reial decret llei 28\/2020, de 22 de setembre.<\/p>\n<p>Els canvis, que detallem a continuaci\u00f3, s\u00f3n puntuals i la concreci\u00f3 d&#8217;alguns d&#8217;ells, sumats als que tants dubtes segueixen plantejant, continuaran encomanant-se a la bona feina de la negociaci\u00f3 col\u00b7lectiva i a la intervenci\u00f3, en cas de conflicte, de jutges i tribunals.<\/p>\n<p>Les modificacions plantejades en l&#8217;esmentada Llei giren al voltant dels seg\u00fcents aspectes:<\/p>\n<p><strong>IGUALTAT DE TRACTE I D&#8217;OPORTUNITATS I NO DISCRIMINACI\u00d3<\/strong><\/p>\n<p>Es porta a terme una ampliaci\u00f3 de les causes de discriminaci\u00f3 directa o indirecta que particularment han de ser evitades per les empreses respecte a les persones treballadores que presten serveis a dist\u00e0ncia. En concret, a les motivades per ra\u00f3 de sexe ara s&#8217;afegeixen l&#8217;edat, l&#8217;antiguitat o grup professional o la discapacitat.<\/p>\n<p><strong>DOTACI\u00d3 SUFICIENT I MANTENIMENT DE MITJANS, EQUIPS I EINES<\/strong><\/p>\n<p>S&#8217;incorpora, expressament, el dret que assisteix a les persones amb discapacitat treballadores a dist\u00e0ncia que l&#8217;empresa asseguri que els mitjans, equips i eines, inclosos els digitals, necessaris per al desenvolupament de la seva activitat siguin universalment accessibles, perseguint amb aix\u00f2 evitar qualsevol exclusi\u00f3 per aquesta causa.<\/p>\n<p><strong>AVALUACI\u00d3 DE RISCOS I PLANIFICACI\u00d3 DE L&#8217;ACTIVITAT PREVENTIVA<\/strong><\/p>\n<p>S&#8217;estableix l&#8217;accessibilitat de l&#8217;entorn laboral efectiu com a factor a tenir especialment en compte a l&#8217;hora d&#8217;avaluar els riscos i planificar l&#8217;activitat preventiva de la feina a dist\u00e0ncia.<\/p>\n<p><strong>FACULTATS DE CONTROL EMPRESARIAL<\/strong><\/p>\n<p>Es detallen les circumst\u00e0ncies personals de la persona treballadora a dist\u00e0ncia com a q\u00fcesti\u00f3 a tenir en consideraci\u00f3 per l&#8217;empresa a l&#8217;hora d&#8217;adoptar les mesures de vigil\u00e0ncia i control de l&#8217;acompliment de les seves obligacions i deures laborals.<\/p>\n<p><strong>DOMICILI DE REFER\u00c8NCIA<\/strong><\/p>\n<p>En la disposici\u00f3 addicional 3\u00aa es detalla que, a la feina a dist\u00e0ncia, el domicili de refer\u00e8ncia als efectes de considerar l&#8217;autoritat laboral competent i els serveis i programes p\u00fablics de foment de l&#8217;ocupaci\u00f3 aplicables ser\u00e0 aquell que figuri com a tal en el contracte de treball i , si no, el domicili de l&#8217;empresa o de centre o lloc f\u00edsic de treball.<\/p>\n<p>&nbsp;<\/p>\n<p>JDA\/SFAI<\/p>\n<p>Consulti els nostres serveis laborals <a href=\"https:\/\/www.jda.es\/ca\/serveis\/laboral-rrhh-capital-huma\/\">aqu\u00ed<\/a>.<\/p>\n","protected":false},"excerpt":{"rendered":"<p>&nbsp; La Llei 10\/2021, de 9 de juliol, de treball a dist\u00e0ncia, va entrar en vigor el passat 11 de juliol, \u00e9s conseq\u00fc\u00e8ncia de la tramitaci\u00f3 parlament\u00e0ria de el Reial decret llei 28\/2020, de 22 de setembre. Els canvis, que detallem a continuaci\u00f3, s\u00f3n puntuals i la concreci\u00f3 d&#8217;alguns d&#8217;ells, sumats als que tants dubtes<\/p>\n","protected":false},"author":50,"featured_media":20413,"comment_status":"open","ping_status":"open","sticky":false,"template":"","format":"standard","meta":{"rs_blank_template":"","rs_page_bg_color":"","slide_template_v7":"","footnotes":""},"categories":[773,766],"tags":[],"class_list":["post-20450","post","type-post","status-publish","format-standard","has-post-thumbnail","hentry","category-laboral-ca","category-legal-ca"],"_links":{"self":[{"href":"https:\/\/www.jda.es\/ca\/wp-json\/wp\/v2\/posts\/20450","targetHints":{"allow":["GET"]}}],"collection":[{"href":"https:\/\/www.jda.es\/ca\/wp-json\/wp\/v2\/posts"}],"about":[{"href":"https:\/\/www.jda.es\/ca\/wp-json\/wp\/v2\/types\/post"}],"author":[{"embeddable":true,"href":"https:\/\/www.jda.es\/ca\/wp-json\/wp\/v2\/users\/50"}],"replies":[{"embeddable":true,"href":"https:\/\/www.jda.es\/ca\/wp-json\/wp\/v2\/comments?post=20450"}],"version-history":[{"count":0,"href":"https:\/\/www.jda.es\/ca\/wp-json\/wp\/v2\/posts\/20450\/revisions"}],"wp:featuredmedia":[{"embeddable":true,"href":"https:\/\/www.jda.es\/ca\/wp-json\/wp\/v2\/media\/20413"}],"wp:attachment":[{"href":"https:\/\/www.jda.es\/ca\/wp-json\/wp\/v2\/media?parent=20450"}],"wp:term":[{"taxonomy":"category","embeddable":true,"href":"https:\/\/www.jda.es\/ca\/wp-json\/wp\/v2\/categories?post=20450"},{"taxonomy":"post_tag","embeddable":true,"href":"https:\/\/www.jda.es\/ca\/wp-json\/wp\/v2\/tags?post=20450"}],"curies":[{"name":"wp","href":"https:\/\/api.w.org\/{rel}","templated":true}]}}