{"id":20424,"date":"2021-09-01T07:13:04","date_gmt":"2021-09-01T07:13:04","guid":{"rendered":"http:\/\/fwcpfcf.cluster026.hosting.ovh.net\/?p=20424"},"modified":"2021-09-01T08:48:21","modified_gmt":"2021-09-01T08:48:21","slug":"novetats-legislatives-en-materia-de-prevencio-del-blanqueig-de-capitals-defensa-de-la-competencia-i-dels-consumidors","status":"publish","type":"post","link":"https:\/\/www.jda.es\/ca\/novetats-legislatives-en-materia-de-prevencio-del-blanqueig-de-capitals-defensa-de-la-competencia-i-dels-consumidors\/","title":{"rendered":"Novetats legislatives en mat\u00e8ria de prevenci\u00f3 del blanqueig de capitals, defensa de la compet\u00e8ncia i dels consumidors"},"content":{"rendered":"<p>L&#8217;entrada en vigor de Reial Decret Llei 7\/2021, suposa la transposici\u00f3 a l&#8217;ordenament jur\u00eddic nacional de diverses normatives europees que afecten, entre altres mat\u00e8ries, a la prevenci\u00f3 del blanqueig de capitals, el dret de la compet\u00e8ncia i la defensa dels consumidors.<\/p>\n<p>El passat 29 d&#8217;abril va entrar en vigor el Reial decret llei 7\/2021, de 27 d&#8217;abril, de transposici\u00f3 de directives de la Uni\u00f3 Europea en les mat\u00e8ries de compet\u00e8ncia, prevenci\u00f3 del blanqueig de capitals, entitats de cr\u00e8dit, telecomunicacions, mesures tribut\u00e0ries , prevenci\u00f3 i reparaci\u00f3 de danys mediambientals, despla\u00e7ament de treballadors en la prestaci\u00f3 de serveis transnacionals i defensa dels consumidors; la qual cosa suposa la introducci\u00f3 de novetats en l&#8217;ordenament espanyol en les respectives normatives que afecten les citades mat\u00e8ries.<\/p>\n<p>Seguidament analitzarem les modificacions m\u00e9s rellevants referides a la prevenci\u00f3 del blanqueig de capitals, el dret de la compet\u00e8ncia i la defensa dels consumidors.<\/p>\n<p>Pel que fa a les novetats en prevenci\u00f3 de el blanqueig de capitals, el RDL modifica diversos articles de la Llei 10\/2010, de 28 d&#8217;abril, de prevenci\u00f3 de el blanqueig de capitals i del finan\u00e7ament del terrorisme, les m\u00e9s rellevants de les quals es resumeixen a continuaci\u00f3:<\/p>\n<ul>\n<li>S&#8217;introdueixen nous subjectes obligats, obtenint d&#8217;ara en endavant aquesta consideraci\u00f3 els prove\u00efdors de serveis de canvi de moneda virtual per moneda fiduci\u00e0ria, aix\u00ed com els prove\u00efdors de servei de cust\u00f2dia de moneders electr\u00f2nics. Es preveu que aquests subjectes tindran l&#8217;obligaci\u00f3 d&#8217;inscriure en un registre constitu\u00eft a aquest efecte pel Banc d&#8217;Espanya.<\/li>\n<li>Tamb\u00e9 s&#8217;est\u00e9n la consideraci\u00f3 de subjecte obligat per a promotors, agents i intermediaris immobiliaris part\u00edcips en arrendaments d&#8217;immobles que impliquin una transacci\u00f3 per una renda anual de al menys 120.000 euros o mensual de 10.000; per a qualsevol persona que es comprometi a prestar de manera directa o per mitj\u00e0 d&#8217;altres relacionades ajuda material, assist\u00e8ncia o assessorament en q\u00fcestions fiscals com a activitat empresarial o professional principal; per a les persones que actu\u00efn com a intermediaris en el comer\u00e7 d&#8217;objectes d&#8217;art i antiguitats, i les persones que emmagatzemin o comercien amb aquests objectes o actu\u00efn com a intermediaris quan es dugui a terme en ports francs; i per a les entitats de pagament i persones f\u00edsiques i jur\u00eddiques a qu\u00e8 es refereixen els articles 14 i 15 de l&#8217;RDL 19\/2018, de 23 de novembre, de serveis de pagament i altres mesures urgents en mat\u00e8ria financera.<\/li>\n<li>Quant a les obligacions d&#8217;identificaci\u00f3 per part dels subjectes obligats pel que fa a relacions de negoci i operacions no presencials, es considerar\u00e0 acreditada la identitat de client mitjan\u00e7ant signatura electr\u00f2nica qualificada d&#8217;acord amb el que estableix el Reglament (UE) 910\/2014 , i no \u00e9s necess\u00e0ria l&#8217;obtenci\u00f3 de la c\u00f2pia de el document en q\u00fcesti\u00f3.<\/li>\n<li>Es creen mesures de refor\u00e7 de el sistema d&#8217;identificaci\u00f3 dels titulars reals de les persones jur\u00eddiques i les entitats sense personalitat jur\u00eddica la direcci\u00f3 efectiva o activitat principal es trobi a Espanya, mitjan\u00e7ant l&#8217;obligaci\u00f3 d&#8217;aquestes entitats d&#8217;obtenir, actualitzar i conservar la informaci\u00f3 relativa al seu titularitat real havent subministrar a les autoritats pertinents i als subjectes obligats i conservar-la per un per\u00edode de 10 anys des que s&#8217;extingeix la condici\u00f3 de titular real. Aix\u00ed mateix, es crea un sistema registral \u00fanic de titularitat real a qu\u00e8 tindran acc\u00e9s totes les autoritats competents i els subjectes obligats, aix\u00ed com, amb certes limitacions, qualsevol altre interessat.<\/li>\n<\/ul>\n<p>&nbsp;<\/p>\n<p>Pel que fa a les modificacions que afecten la Llei General per a la defensa dels Consumidors i Usuaris i altres lleis complement\u00e0ries, cal destacar:<\/p>\n<ul>\n<li>S&#8217;introdueix el concepte de continguts i serveis digitals, incloent en l&#8217;\u00e0mbit d&#8217;aplicaci\u00f3 de la llei de defensa de consumidors i usuaris els contractes en virtut dels quals l&#8217;empresari es compromet a subministrar aquests continguts i serveis digitals a l&#8217;usuari i aquest es compromet a facilitar les seves dades personals. En aquest sentit, cobra especial rellev\u00e0ncia a l&#8217;eliminar el requisit de el pagament d&#8217;un preu per part de consumidor o usuari a l&#8217;empresari perqu\u00e8 la relaci\u00f3 entre les dues parts quedi emparada pel que preveu la llei.<\/li>\n<li>Queda ampliat el termini de garantia legal dels productes, estant facultat el consumidor per expressar la seva falta de conformitat pels productes lliurats en un termini de 3 anys des del lliurament dels b\u00e9ns per part de l&#8217;empresari, quan la redacci\u00f3 anterior fixava un termini de dos anys. Per als continguts o serveis digitals, el per\u00edode \u00e9s de dos anys.<\/li>\n<\/ul>\n<p>&nbsp;<\/p>\n<p>Pel que fa a les novetats introdu\u00efdes en la Llei 15\/2007, de 3 de juliol de 2007, de Defensa de la Compet\u00e8ncia, \u00e9s d&#8217;especial rellev\u00e0ncia el refor\u00e7 de les facultats de la Comissi\u00f3 Nacional dels Mercats i la Compet\u00e8ncia, ampliant els deures de col\u00b7laboraci\u00f3 per part de les empreses i ampliant les seves facultats d&#8217;inspecci\u00f3.<\/p>\n<p>Aix\u00ed mateix, s&#8217;agreugen certes infraccions com la d&#8217;obstrucci\u00f3 a les investigacions de la CNMC, que passa a tenir la consideraci\u00f3 de greu (5% del volum de facturaci\u00f3 anual); i qualsevol infracci\u00f3 dels articles 1 i 2 de la Llei de defensa de la Compet\u00e8ncia, que adquireix la consideraci\u00f3 de molt greu (10% del volum de facturaci\u00f3 anual). Les multes s&#8217;imposen sobre el total del negoci mundial de l&#8217;empresa sancionada.<\/p>\n<p>&nbsp;<\/p>\n<p>JDA\/SFAI<\/p>\n<p>Consulti els nostres serveis fiscals <a href=\"https:\/\/www.jda.es\/ca\/serveis\/fiscal-jda\/\">aqu\u00ed<\/a>.<\/p>\n","protected":false},"excerpt":{"rendered":"<p>L&#8217;entrada en vigor de Reial Decret Llei 7\/2021, suposa la transposici\u00f3 a l&#8217;ordenament jur\u00eddic nacional de diverses normatives europees que afecten, entre altres mat\u00e8ries, a la prevenci\u00f3 del blanqueig de capitals, el dret de la compet\u00e8ncia i la defensa dels consumidors. El passat 29 d&#8217;abril va entrar en vigor el Reial decret llei 7\/2021, de<\/p>\n","protected":false},"author":50,"featured_media":20388,"comment_status":"open","ping_status":"open","sticky":false,"template":"","format":"standard","meta":{"rs_blank_template":"","rs_page_bg_color":"","slide_template_v7":"","footnotes":""},"categories":[785,826,766],"tags":[],"class_list":["post-20424","post","type-post","status-publish","format-standard","has-post-thumbnail","hentry","category-empreses","category-fiscal-ca-2","category-legal-ca"],"_links":{"self":[{"href":"https:\/\/www.jda.es\/ca\/wp-json\/wp\/v2\/posts\/20424","targetHints":{"allow":["GET"]}}],"collection":[{"href":"https:\/\/www.jda.es\/ca\/wp-json\/wp\/v2\/posts"}],"about":[{"href":"https:\/\/www.jda.es\/ca\/wp-json\/wp\/v2\/types\/post"}],"author":[{"embeddable":true,"href":"https:\/\/www.jda.es\/ca\/wp-json\/wp\/v2\/users\/50"}],"replies":[{"embeddable":true,"href":"https:\/\/www.jda.es\/ca\/wp-json\/wp\/v2\/comments?post=20424"}],"version-history":[{"count":0,"href":"https:\/\/www.jda.es\/ca\/wp-json\/wp\/v2\/posts\/20424\/revisions"}],"wp:featuredmedia":[{"embeddable":true,"href":"https:\/\/www.jda.es\/ca\/wp-json\/wp\/v2\/media\/20388"}],"wp:attachment":[{"href":"https:\/\/www.jda.es\/ca\/wp-json\/wp\/v2\/media?parent=20424"}],"wp:term":[{"taxonomy":"category","embeddable":true,"href":"https:\/\/www.jda.es\/ca\/wp-json\/wp\/v2\/categories?post=20424"},{"taxonomy":"post_tag","embeddable":true,"href":"https:\/\/www.jda.es\/ca\/wp-json\/wp\/v2\/tags?post=20424"}],"curies":[{"name":"wp","href":"https:\/\/api.w.org\/{rel}","templated":true}]}}