{"id":20206,"date":"2021-07-14T14:31:09","date_gmt":"2021-07-14T14:31:09","guid":{"rendered":"http:\/\/fwcpfcf.cluster026.hosting.ovh.net\/?p=20206"},"modified":"2021-07-14T14:31:09","modified_gmt":"2021-07-14T14:31:09","slug":"diposit-dels-comptes-anuals-de-lexercici-2020","status":"publish","type":"post","link":"https:\/\/www.jda.es\/ca\/diposit-dels-comptes-anuals-de-lexercici-2020\/","title":{"rendered":"Dip\u00f2sit dels comptes anuals de l&#8217;exercici 2020"},"content":{"rendered":"<div class=\"summary\">\n<p>Li recordem que una vegada aprovats els comptes anuals s&#8217;han de presentar per al seu dip\u00f2sit al Registre Mercantil del domicili social, en el termini d&#8217;un mes des de la seva aprovaci\u00f3. El termini d&#8217;un mes es compta de data a data, \u00e9s a dir, si s&#8217;aproven el dia 30 de juny, es dipositen el 30 de juliol.<\/p>\n<\/div>\n<div class=\"content\">\n<p>Els comptes anuals hauran de ser aprovats per la junta general ordin\u00e0ria, que ha de ser pr\u00e8viament convocada a aquest efecte, per reunir-se en els 6 primers mesos de l&#8217;exercici, per a, si escau, aprovar la gesti\u00f3 social, els comptes de l&#8217;exercici anterior i resoldre sobre l&#8217;aplicaci\u00f3 del resultat.<\/p>\n<p><strong><em>Atenci\u00f3.<\/em><\/strong><em>\u00a0Ara que s&#8217;acosten les dates en qu\u00e8 s&#8217;han de dipositar els comptes anuals al Registre, recordi la import\u00e0ncia d&#8217;aquest tr\u00e0mit, perqu\u00e8 el seu incompliment fins i tot pot comportar una sanci\u00f3.<\/em><\/p>\n<p><strong>Qui t\u00e9 l&#8217;obligaci\u00f3 de presentar els comptes anuals?<\/strong><\/p>\n<p>Els administradors de la societat, que han de presentar al Registre Mercantil del domicili social la certificaci\u00f3 dels acords de la junta de socis d&#8217;aprovaci\u00f3 d&#8217;aquests comptes, d&#8217;aplicaci\u00f3 del seu resultat, aix\u00ed com, en el seu cas, l&#8217;informe de gesti\u00f3 i l&#8217;informe de l&#8217;auditor, quan la societat estigui obligada a auditoria o se n&#8217;hagu\u00e9s acordat la realitzaci\u00f3 a petici\u00f3 de la minoria.<\/p>\n<p>Els comptes anuals s\u00f3n objecte de publicitat i qualsevol pot consultar-los i obtenir informaci\u00f3 del Registre Mercantil de tots els documents dipositats.<\/p>\n<p><strong>Atenci\u00f3.<\/strong>\u00a0Els administradors de la societat s\u00f3n els qui tenen l&#8217;obligaci\u00f3 de convocar la junta de socis a la qual s&#8217;ha de sotmetre l&#8217;aprovaci\u00f3 dels comptes i, una vegada aprovats, dipositar-los davant el Registre Mercantil en el mes seg\u00fcent.<\/p>\n<p>I amb el compliment d&#8217;aquest requisit de donar publicitat als comptes anuals s&#8217;acaba el cicle que hem de realitzar cada any, a part de la legalitzaci\u00f3 dels llibres oficials, que de manera telem\u00e0tica cal presentar en els primers quatre mesos de l&#8217;any.<\/p>\n<p><strong>Formes de presentaci\u00f3 dels comptes anuals<\/strong><\/p>\n<ol>\n<li><strong>En suport paper<\/strong><\/li>\n<\/ol>\n<ol>\n<li value=\"2\"><strong>En suport digital, en format ZIP en CD o DVD<\/strong><\/li>\n<\/ol>\n<ol>\n<li value=\"3\"><strong>De forma telem\u00e0tica<\/strong>, que \u00e9s el mitj\u00e0 m\u00e9s c\u00f2mode i habitual, amb signatura electr\u00f2nica del qui els presenta a trav\u00e9s de la p\u00e0gina web del Col\u00b7legi de Registradors. En aquest cas hi ha dues modalitats:<\/li>\n<\/ol>\n<ul>\n<li>Integral, de manera que qui els presenta signi i remeti amb la seva signatura tant el format ZIP que cont\u00e9 la documentaci\u00f3 dels comptes anuals, com el PDF que cont\u00e9 la certificaci\u00f3 que acredita l&#8217;aprovaci\u00f3 dels comptes.<\/li>\n<li>Mixta, en la qual es presenta via seu electr\u00f2nica de la p\u00e0gina web nom\u00e9s el format ZIP amb la documentaci\u00f3, per\u00f2 es presenta presencialment i en paper la certificaci\u00f3 de l&#8217;acord d&#8217;aprovaci\u00f3 de comptes en els quinze dies seg\u00fcents.<\/li>\n<\/ul>\n<p><strong>Models de dip\u00f2sits de comptes<\/strong><\/p>\n<p>Existeixen 4 models diferents segons les circumst\u00e0ncies de les societats, en totes les lleng\u00fces oficials existents a Espanya:<\/p>\n<ol>\n<li><strong>Model normal<\/strong><\/li>\n<li><strong>Model de comptes abreujats:<\/strong>\u00a0es pot utilitzar quan determinades xifres comptables no superen imports concrets i el nombre de treballadors \u00e9s inferior a determinats m\u00e0xims.<\/li>\n<li><strong>Model especial PIMES:<\/strong>\u00a0\u00e9s l&#8217;utilitzat per la major part de les microempreses del nostre pa\u00eds. Es pot utilitzar quan el total de les partides de l&#8217;actiu no superi els 2.800.000 euros, l&#8217;import net del seu volum anual de negocis no superi els 5.700.000 euros, i el nombre mitj\u00e0 de treballadors ocupats durant l&#8217;exercici no sigui superior els cinquanta.<\/li>\n<li><strong>Model de comptes consolidats:<\/strong>\u00a0per als grups de societats, amb l&#8217;obligaci\u00f3 d&#8217;utilitzar-lo la societat dominant, partint dels comptes individuals de les societats que formen el grup i en les quals s&#8217;han eliminat els saldos i operacions entre les companyies que l&#8217;integren.<\/li>\n<\/ol>\n<p><strong>Si no es dipositen els comptes<\/strong><\/p>\n<p>Si dipositen els comptes m\u00e9s tard, la seva empresa podr\u00e0 ser objecte de sancions. Cal tenir en compte que el Reial decret 2\/2021, de 12 de gener, estableix un\u00a0<strong>nou r\u00e8gim sancionador per a l&#8217;incompliment de l&#8217;obligaci\u00f3 de dipositar els comptes anuals<\/strong>\u00a0al Registre Mercantil, amb efectes des del 31-01-2021.<\/p>\n<p>En la pr\u00e0ctica, no ha estat habitual o generalitzat la imposici\u00f3 de multes o sancions per la falta de presentaci\u00f3 de comptes anuals, establertes en l&#8217;art. 283 de la Llei de societats de capital (LSC), que recordem inclo\u00efen multes de fins a 300.000 euros.<\/p>\n<p>Per\u00f2 ara, amb la publicaci\u00f3 del\u00a0<strong>Reial decret 2\/2021<\/strong>, s&#8217;estableix un marc de col\u00b7laboraci\u00f3 entre l&#8217;Institut de Comptabilitat i Auditoria de Comptes -ICAC- i la Direcci\u00f3 General de Seguretat Jur\u00eddica i Fe P\u00fablica, per encomanar la gesti\u00f3 i la proposta de decisi\u00f3 sobre els expedients sancionadors per incompliment del deure de dip\u00f2sit de comptes als registradors mercantils competents per ra\u00f3 del domicili de l&#8217;obligat.<\/p>\n<p>D&#8217;aquesta manera, l&#8217;obtenci\u00f3 d&#8217;una nova font d&#8217;ingressos per al Col\u00b7legi Oficial de Registradors (tasca per la qual s&#8217;estima que puguin rebre el 50% de la recaptaci\u00f3 sancionadora) juntament amb l&#8217;objectiu del legislador de perseguir les societats inactives que no disposen de liquiditat per continuar operant i acumulen impagaments i problemes financers que es queden inerts, entenem que ser\u00e0 l&#8217;<strong>esper\u00f3 definitiu per a la posada en pr\u00e0ctica d&#8217;aquestes sancions per falta de dip\u00f2sit dels comptes anuals al Registre Mercantil<\/strong>.<\/p>\n<p><strong>Atenci\u00f3.<\/strong>\u00a0La novetat \u00e9s que l&#8217;ICAC &#8220;pot encarregar&#8221; al Registre Mercantil la imposici\u00f3 de sancions.<\/p>\n<p>Aquest reial decret tamb\u00e9 estableix els criteris per determinar l&#8217;import de la sanci\u00f3, i el fa d&#8217;acord amb els l\u00edmits establerts en l&#8217;article 283 de la LSC:<\/p>\n<ul>\n<li>La sanci\u00f3 ser\u00e0 del 0,5 per mil de l&#8217;import total de les partides d&#8217;actiu, m\u00e9s el 0,5 per mil del volum de vendes de l&#8217;entitat inclosa en l&#8217;\u00faltima declaraci\u00f3 presentada davant l&#8217;Administraci\u00f3 Tribut\u00e0ria, l&#8217;original de la qual s&#8217;haur\u00e0 d&#8217;aportar en la tramitaci\u00f3 del procediment.<\/li>\n<li>Si no aporta la declaraci\u00f3 tribut\u00e0ria assenyalada, la sanci\u00f3 s&#8217;establir\u00e0 en el 2% del capital social segons les dades que consten al Registre Mercantil.<\/li>\n<li>Si s&#8217;aporta la declaraci\u00f3 tribut\u00e0ria i el resultat d&#8217;aplicar els esmentats percentatges a la suma de les partides de l&#8217;actiu i vendes fossin m\u00e9s grans que el 2 per cent del capital social, es quantificar\u00e0 la sanci\u00f3 en aquest \u00faltim redu\u00eft en un 10%.<\/li>\n<\/ul>\n<p>A m\u00e9s, si passa un any des de la data de tancament de l&#8217;exercici sense que s&#8217;hagin dipositat els comptes anuals,\u00a0<strong>el Registre Mercantil quedar\u00e0 &#8220;tancat&#8221;<\/strong>\u00a0per a la seva empresa. \u00c9s a dir, fins que no les dipositi, no podr\u00e0 inscriure la majoria d&#8217;acords de la societat (per exemple, una escriptura de canvi de domicili o d&#8217;ampliaci\u00f3 de capital).<\/p>\n<p><strong>Atenci\u00f3.<\/strong>\u00a0Si els comptes anuals no s&#8217;haguessin dipositat per no estar aprovats per la junta general, el tancament registral es podr\u00e0 evitar si aquesta circumst\u00e0ncia s&#8217;acredita amb certificaci\u00f3 de l&#8217;\u00f2rgan d&#8217;administraci\u00f3 expressant la causa de la falta d&#8217;aprovaci\u00f3. Si aquesta situaci\u00f3 persisteix, s&#8217;ha de presentar la certificaci\u00f3 cada sis mesos.<\/p>\n<p>No obstant aix\u00f2, encara que passi un any sense que la seva empresa presenti els comptes anuals, s\u00ed que podr\u00e0 inscriure al Registre Mercantil determinats documents: el cessament de l&#8217;administrador, una revocaci\u00f3 de poders, la dissoluci\u00f3 de la societat i el nomenament de liquidadors.<\/p>\n<p>A m\u00e9s, en cas d&#8217;incomplir amb la seva obligaci\u00f3 de presentar els comptes anuals al Registre Mercantil del domicili social, al mes seg\u00fcent de la seva aprovaci\u00f3, els administradors estarien\u00a0 incomplint la legislaci\u00f3 vigent amb les seg\u00fcents conseq\u00fc\u00e8ncies:<\/p>\n<ul>\n<li>No es permetr\u00e0 la inscripci\u00f3 de cap document referit a la societat mentre l&#8217;incompliment persisteixi, amb el que entre altres coses no es podran nomenar administradors, ni atorgar poders, fins que els comptes anuals no estiguin dipositats.<\/li>\n<li>En el cas dels administradors, la no presentaci\u00f3 dels comptes suposa que no s&#8217;ha actuat amb la dilig\u00e8ncia d&#8217;un ordenat empresari\u00a0 i en conseq\u00fc\u00e8ncia si s&#8217;origina un mal a la societat, tant la societat com els socis o un tercer podrien reclamar els danys que poguessin causar a la societat. A m\u00e9s en el cas que la societat es trobi en una situaci\u00f3 d&#8217;insolv\u00e8ncia, la falta de dilig\u00e8ncia en l&#8217;actuaci\u00f3 de l&#8217;empresari en la no presentaci\u00f3 dels comptes, pot suposar que hagi de respondre dels deutes de la societat, ja que la Llei concursal estableix com un sup\u00f2sit de concurs culpable la no formulaci\u00f3 dels comptes anuals, no sotmetre&#8217;ls a auditoria si hi estigu\u00e9s obligat, o la falta de dip\u00f2sit al Registre Mercantil en algun dels tres \u00faltims exercicis anteriors a la declaraci\u00f3 de concurs.<\/li>\n<li>Fins i tot pot arribar a existir responsabilitat penal en cas de cometre conductes fraudulentes com ara falsificar els comptes anuals, segons estableix l&#8217;article 290 del Codi Penal.<\/li>\n<\/ul>\n<p><strong>Atenci\u00f3.\u00a0<\/strong>Quan una societat no est\u00e0 obligada a auditar-se, els socis que representin almenys un 5% del capital (per si sols o agrupats) poden sol\u00b7licitar al registrador que nomeni un auditor perqu\u00e8 revisi els comptes. La sol\u00b7licitud s&#8217;ha de realitzar abans que hagin transcorregut tres mesos des del tancament de l&#8217;exercici dels comptes que s&#8217;auditaran.<\/p>\n<p>Com sempre estarem a la seva disposici\u00f3 per ampliar la informaci\u00f3 que necessiti, i realitzar els tr\u00e0mits preceptius que sol\u00b7licitin.<\/p>\n<\/div>\n<p>Els nostres serveis fiscals\u00a0 <a href=\"https:\/\/www.jda.es\/ca\/serveis\/fiscal-jda\/\">aqu\u00ed<\/a>.<\/p>\n","protected":false},"excerpt":{"rendered":"<p>Li recordem que una vegada aprovats els comptes anuals s&#8217;han de presentar per al seu dip\u00f2sit al Registre Mercantil del domicili social, en el termini d&#8217;un mes des de la seva aprovaci\u00f3. El termini d&#8217;un mes es compta de data a data, \u00e9s a dir, si s&#8217;aproven el dia 30 de juny, es dipositen el<\/p>\n","protected":false},"author":50,"featured_media":20207,"comment_status":"open","ping_status":"open","sticky":false,"template":"","format":"standard","meta":{"rs_blank_template":"","rs_page_bg_color":"","slide_template_v7":"","footnotes":""},"categories":[833,785,826],"tags":[],"class_list":["post-20206","post","type-post","status-publish","format-standard","has-post-thumbnail","hentry","category-economia-ca","category-empreses","category-fiscal-ca-2"],"_links":{"self":[{"href":"https:\/\/www.jda.es\/ca\/wp-json\/wp\/v2\/posts\/20206","targetHints":{"allow":["GET"]}}],"collection":[{"href":"https:\/\/www.jda.es\/ca\/wp-json\/wp\/v2\/posts"}],"about":[{"href":"https:\/\/www.jda.es\/ca\/wp-json\/wp\/v2\/types\/post"}],"author":[{"embeddable":true,"href":"https:\/\/www.jda.es\/ca\/wp-json\/wp\/v2\/users\/50"}],"replies":[{"embeddable":true,"href":"https:\/\/www.jda.es\/ca\/wp-json\/wp\/v2\/comments?post=20206"}],"version-history":[{"count":0,"href":"https:\/\/www.jda.es\/ca\/wp-json\/wp\/v2\/posts\/20206\/revisions"}],"wp:featuredmedia":[{"embeddable":true,"href":"https:\/\/www.jda.es\/ca\/wp-json\/wp\/v2\/media\/20207"}],"wp:attachment":[{"href":"https:\/\/www.jda.es\/ca\/wp-json\/wp\/v2\/media?parent=20206"}],"wp:term":[{"taxonomy":"category","embeddable":true,"href":"https:\/\/www.jda.es\/ca\/wp-json\/wp\/v2\/categories?post=20206"},{"taxonomy":"post_tag","embeddable":true,"href":"https:\/\/www.jda.es\/ca\/wp-json\/wp\/v2\/tags?post=20206"}],"curies":[{"name":"wp","href":"https:\/\/api.w.org\/{rel}","templated":true}]}}