{"id":19921,"date":"2021-06-17T16:31:34","date_gmt":"2021-06-17T16:31:34","guid":{"rendered":"http:\/\/fwcpfcf.cluster026.hosting.ovh.net\/?p=19921"},"modified":"2021-06-17T16:31:34","modified_gmt":"2021-06-17T16:31:34","slug":"catalunya-publicats-els-ajuts-extraordinaris-directes-per-causa-de-la-covid-19","status":"publish","type":"post","link":"https:\/\/www.jda.es\/ca\/catalunya-publicats-els-ajuts-extraordinaris-directes-per-causa-de-la-covid-19\/","title":{"rendered":"Catalunya. Publicats els ajuts extraordinaris directes per causa de la COVID-19"},"content":{"rendered":"<div class=\"summary\">\n<p>Els poden demanar els aut\u00f2noms (empresaris i professionals) i empreses no financeres per al suport a la solv\u00e8ncia i reducci\u00f3 de l&#8217;endeutament del sector privat. El formulari d&#8217;inscripci\u00f3 previ es pot presentar a partir del dilluns 21 de juny de 2021 a les 9.00 h fins al dia 30 de juny a les 15.00 h.<\/p>\n<\/div>\n<div class=\"content\">\n<p>L&#8217;informem que el Govern de Catalunya i els agents socials han arribat a un acord per destinar m\u00e9s de 1.000 milions d&#8217;euros a rescatar el teixit productiu de Catalunya i protegir llocs de treball.<\/p>\n<p><strong>191 sectors que aglutinen 189.861 empreses<\/strong><\/p>\n<ul>\n<li>Els sectors beneficiats s\u00f3n 191 i aglutinen 189.861 empreses.<\/li>\n<li>Aquesta l\u00ednia d&#8217;ajuts est\u00e0 pensada per a empreses afectades per la pand\u00e8mia que s\u00f3n viables i han sofert un endeutament.<\/li>\n<\/ul>\n<p>Al DOGC del dia 16 de juny s&#8217;ha publicat l&#8217;<a class=\"external\" href=\"https:\/\/portaldogc.gencat.cat\/utilsEADOP\/PDF\/8435\/1857889.pdf\" target=\"_blank\" rel=\"external noopener\"><em>ORDRE ECO\/127\/2021, de 14 de juny<\/em><\/a><em>, per la qual s&#8217;obre el tr\u00e0mit d&#8217;inscripci\u00f3 pr\u00e8via dels ajuts extraordinaris directes de suport a la solv\u00e8ncia empresarial en resposta a la pand\u00e8mia de la COVID-19<\/em>.<\/p>\n<p><strong>Qui pot demanar els ajuts?<\/strong><\/p>\n<p>Treballadors aut\u00f2noms (empresaris i professionals) i empreses no financeres per al suport a la solv\u00e8ncia i reducci\u00f3 de l&#8217;endeutament del sector privat.<\/p>\n<p><strong>A qu\u00e8 s&#8217;ha de destinar l&#8217;ajut?<\/strong><\/p>\n<p>S&#8217;ha d&#8217;utilitzar per satisfer el deute i els pagaments a prove\u00efdors i altres creditors, financers o no financers, aix\u00ed com els costos fixos pendents de pagament, sempre que s&#8217;hagin reportat entre l&#8217;1 de mar\u00e7 de 2020 i el 31 de maig de 2021 i procedeixin de contractes anteriors al 13 de mar\u00e7 de 2021, satisfent en primer lloc els pagaments a prove\u00efdors.<\/p>\n<p><strong>Requisits que s&#8217;han de complir per poder sol\u00b7licitar l&#8217;ajut<\/strong><\/p>\n<ul>\n<li>Els empresaris o professionals i les empreses que estiguin en els sectors d&#8217;activitat establerts en l&#8217;annex de l&#8217;ordre.<\/li>\n<li>Han de continuar l&#8217;activitat i que el seu volum d&#8217;operacions anual declarat en l&#8217;impost sobre el valor afegit o en un altre tribut directe equivalent de 2020, hagi experimentat un descens de m\u00e9s d&#8217;un 30% respecte a 2019.<\/li>\n<li>Els empresaris o professionals que apliquin el r\u00e8gim d&#8217;estimaci\u00f3 objectiva en l&#8217;impost sobre la renda de les persones f\u00edsiques que estiguin adscrits als sectors d&#8217;activitat establerts en l&#8217;annex de l&#8217;ordre i que hagin realitzat i declarat alguna d&#8217;aquestes activitats durant 2019 i 2020 i que continu\u00efn exercint-la.<\/li>\n<li>Els grups consolidats que tributin en l&#8217;impost sobre societats en r\u00e8gim de tributaci\u00f3 consolidada. S&#8217;entendr\u00e0 com a persona destinat\u00e0ria, el grup com a contribuent \u00fanic, i no cadascuna de les entitats que l&#8217;integren. El volum d&#8217;operacions a considerar per a determinar el descens de l&#8217;activitat ser\u00e0 el resultat de sumar tots els volums d&#8217;operacions de les entitats que conformin el grup, tant en 2019 com en 2020.<\/li>\n<li>Tenir el domicili fiscal a Catalunya, o b\u00e9 l&#8217;establiment permanent, en cas d&#8217;entitats no residents no financeres que operin a Espanya.<\/li>\n<li>No tenir ajuts atorgats per a la mateixa finalitat que superin un import total acumulat per empresa d&#8217;1,8 milions d&#8217;euros en ajuts directes i de 10 milions d&#8217;euros en ajuts per costos fixos.<\/li>\n<\/ul>\n<p><strong>Com es repartiran els ajuts?<\/strong><\/p>\n<ul>\n<li><strong>3.000 euros\u00a0<\/strong>per a\u00a0<strong>empresaris<\/strong>\u00a0amb el r\u00e8gim d&#8217;<strong>estimaci\u00f3 objectiva de l&#8217;IRPF<\/strong>.<\/li>\n<li><strong>De 4.000 a 200.000 euros\u00a0<\/strong>per a\u00a0<strong>empresaris\u00a0<\/strong>amb el r\u00e8gim d&#8217;<strong>estimaci\u00f3 directa que demostrin haver perdut un 30% de facturaci\u00f3 en 2020<\/strong>.<\/li>\n<\/ul>\n<p><strong>Quin \u00e9s el termini de les sol\u00b7licituds?<\/strong><\/p>\n<p>El formulari d&#8217;inscripci\u00f3 pr\u00e8via es pot presentar a partir del\u00a0<strong>dilluns 21 de juny de 2021 a les 9.00 h fins al dia 30 de juny a les 15.00 h a trav\u00e9s del formulari que estar\u00e0 disponible al CANAL EMPRESA (<\/strong><a class=\"external\" href=\"http:\/\/canalempresa.gencat.cat\/ca\/inici\" target=\"_blank\" rel=\"external noopener\"><strong>http:\/\/canalempresa.gencat.cat\/ca\/inici<\/strong><\/a><strong>)<\/strong>.<\/p>\n<p><strong>Si demanes l&#8217;ajut, quins compromisos tens?<\/strong><\/p>\n<ul>\n<li>Mantenir l&#8217;activitat corresponent als ajuts fins al 30 de juny de 2022.<\/li>\n<li>No repartir dividends durant 2021 i 2022.<\/li>\n<li>No aprovar increments en les retribucions de l&#8217;alta direcci\u00f3 durant un per\u00edode de dos anys des de la data de concessi\u00f3 de l&#8217;ajut.<\/li>\n<\/ul>\n<\/div>\n<p><img decoding=\"async\" class=\"aligncenter\" src=\"https:\/\/www.planificacion-juridica.com\/s\/weblaw\/fotos\/ajuts.jpg\" alt=\"Catalunya. Publicats els ajuts extraordinaris directes per causa de la COVID-19 0\" \/><\/p>\n<p>&nbsp;<\/p>\n<p>Es poden posar en contacte amb aquest despatx professional per qualsevol dubte o aclariment que puguin tenir sobre aquest tema.<\/p>\n<p>&nbsp;<\/p>\n<p>JDA\/SFAI<\/p>\n","protected":false},"excerpt":{"rendered":"<p>Els poden demanar els aut\u00f2noms (empresaris i professionals) i empreses no financeres per al suport a la solv\u00e8ncia i reducci\u00f3 de l&#8217;endeutament del sector privat. El formulari d&#8217;inscripci\u00f3 previ es pot presentar a partir del dilluns 21 de juny de 2021 a les 9.00 h fins al dia 30 de juny a les 15.00 h.<\/p>\n","protected":false},"author":50,"featured_media":19907,"comment_status":"open","ping_status":"open","sticky":false,"template":"","format":"standard","meta":{"rs_blank_template":"","rs_page_bg_color":"","slide_template_v7":"","footnotes":""},"categories":[833,794,785],"tags":[],"class_list":["post-19921","post","type-post","status-publish","format-standard","has-post-thumbnail","hentry","category-economia-ca","category-emprenedors","category-empreses"],"_links":{"self":[{"href":"https:\/\/www.jda.es\/ca\/wp-json\/wp\/v2\/posts\/19921","targetHints":{"allow":["GET"]}}],"collection":[{"href":"https:\/\/www.jda.es\/ca\/wp-json\/wp\/v2\/posts"}],"about":[{"href":"https:\/\/www.jda.es\/ca\/wp-json\/wp\/v2\/types\/post"}],"author":[{"embeddable":true,"href":"https:\/\/www.jda.es\/ca\/wp-json\/wp\/v2\/users\/50"}],"replies":[{"embeddable":true,"href":"https:\/\/www.jda.es\/ca\/wp-json\/wp\/v2\/comments?post=19921"}],"version-history":[{"count":0,"href":"https:\/\/www.jda.es\/ca\/wp-json\/wp\/v2\/posts\/19921\/revisions"}],"wp:featuredmedia":[{"embeddable":true,"href":"https:\/\/www.jda.es\/ca\/wp-json\/wp\/v2\/media\/19907"}],"wp:attachment":[{"href":"https:\/\/www.jda.es\/ca\/wp-json\/wp\/v2\/media?parent=19921"}],"wp:term":[{"taxonomy":"category","embeddable":true,"href":"https:\/\/www.jda.es\/ca\/wp-json\/wp\/v2\/categories?post=19921"},{"taxonomy":"post_tag","embeddable":true,"href":"https:\/\/www.jda.es\/ca\/wp-json\/wp\/v2\/tags?post=19921"}],"curies":[{"name":"wp","href":"https:\/\/api.w.org\/{rel}","templated":true}]}}