{"id":19915,"date":"2021-06-17T16:18:46","date_gmt":"2021-06-17T16:18:46","guid":{"rendered":"http:\/\/fwcpfcf.cluster026.hosting.ovh.net\/?p=19915"},"modified":"2021-06-17T16:25:49","modified_gmt":"2021-06-17T16:25:49","slug":"fins-al-30-de-setembre-pot-modificar-la-base-de-cotitzacio-com-a-autonom-2","status":"publish","type":"post","link":"https:\/\/www.jda.es\/ca\/fins-al-30-de-setembre-pot-modificar-la-base-de-cotitzacio-com-a-autonom-2\/","title":{"rendered":"Fins al 30 de setembre pot modificar la base de cotitzaci\u00f3 com a aut\u00f2nom"},"content":{"rendered":"<div class=\"summary\">\n<p>Li recordem que t\u00e9 l&#8217;oportunitat de modificar la base de cotitzaci\u00f3 del r\u00e8gim especial de treballadors aut\u00f2noms (RETA) i la quota a pagar, dins dels l\u00edmits permesos segons l\u2019edat, des de l&#8217;1 de juliol fins al 30 de setembre. \u00c9s el tercer termini de 2021, per\u00f2 l&#8217;\u00faltima oportunitat per als qui vulguin que la seva base pugi o baixi enguany. A partir de l&#8217;octubre, els canvis no es farien efectius fins a 2022.<\/p>\n<\/div>\n<div class=\"content\">\n<p>Els aut\u00f2noms s\u00f3n els \u00fanics que poden triar la base per la qual cotitzen. Aquesta decisi\u00f3 \u00e9s molt important, ja que en depenen les seves prestacions presents i la seva futura pensi\u00f3. La base de cotitzaci\u00f3 es pot modificar f\u00e0cilment i de manera telem\u00e0tica a trav\u00e9s del sistema RED. No obstant aix\u00f2, cal tenir en compte els tr\u00e0mits i els per\u00edodes per fer el canvi.<\/p>\n<p><strong>Atenci\u00f3.<\/strong>\u00a0L&#8217;elecci\u00f3 que es faci de la quota ser\u00e0 molt important, perqu\u00e8 aquest \u00e9s el par\u00e0metre que marca la quantia de les prestacions que rebr\u00e0 l&#8217;aut\u00f2nom en cas de malaltia, accident, atur, maternitat o jubilaci\u00f3. De l&#8217;1 de juliol i fins al 30 de setembre els aut\u00f2noms poden canviar la seva base de cotitzaci\u00f3. \u00c9s el tercer termini de 2021, per\u00f2 l&#8217;\u00faltima oportunitat per als qui vulguin que la seva base pugi o baixi enguany. A partir d&#8217;octubre, els canvis no es farien efectius fins a 2022.<\/p>\n<p>Li recordem que des de l&#8217;01-01-2018, s&#8217;estableix que els aut\u00f2noms podran canviar de base de cotitzaci\u00f3 fins a 4 vegades a l&#8217;any, triant-ne una altra dins dels l\u00edmits m\u00ednim i m\u00e0xim que els resultin aplicables en cada exercici (el dia primer d&#8217;abril, juliol, octubre i gener). Fins aquell moment, nom\u00e9s es permetien 2 canvis a l&#8217;any (abans de l&#8217;1 de maig, amb efectes des del primer de juliol seg\u00fcent; i abans del primer de novembre, amb efecte des del primer de gener de l&#8217;exercici seg\u00fcent).<\/p>\n<p>Doncs b\u00e9, tingui present que fins al 30 de setembre de 2021 inclusivament, i amb efectes per a l&#8217;1 d&#8217;octubre, tenen l&#8217;oportunitat de modificar la base de cotitzaci\u00f3 del r\u00e8gim especial de treballadors aut\u00f2noms (RETA) i la quota a pagar, dins dels l\u00edmits permesos segons la seva edat.<\/p>\n<p>A m\u00e9s, tamb\u00e9 pot sol\u00b7licitar que la quantia per la qual cotitza s&#8217;incrementi autom\u00e0ticament cada any en la mateixa proporci\u00f3 que ho hagi fet la base m\u00ednima o m\u00e0xima de cotitzaci\u00f3, o comunicar que renuncia a l&#8217;increment, i tot aix\u00f2 ho haur\u00e0 de comunicar tamb\u00e9 abans de l&#8217;1 d&#8217;octubre.<\/p>\n<p>La sol\u00b7licitud de canvi de base de cotitzaci\u00f3 en el r\u00e8gim especial de treballadors aut\u00f2noms es pot sol\u00b7licitar directament per l&#8217;aut\u00f2nom a trav\u00e9s de la seu electr\u00f2nica de la Seguretat Social, si disposa d&#8217;un certificat digital o usuari\/contrasenya o mitjan\u00e7ant el servei Canvi de base de cotitzaci\u00f3-aut\u00f2noms.<\/p>\n<p>Igualment, la sol\u00b7licitud es pot presentar mitjan\u00e7ant el model de sol\u00b7licitud de canvi de base de cotitzaci\u00f3 en el r\u00e8gim especial de treballadors aut\u00f2noms (TC.4005).<\/p>\n<p>Si est\u00e0 interessat a modificar la base de cotitzaci\u00f3 (amb la finalitat d&#8217;augmentar la base de c\u00e0lcul de la jubilaci\u00f3 o la baixa d&#8217;incapacitat temporal), els agrair\u00edem que ens ho fessin com m\u00e9s aviat millor.<\/p>\n<p>Es poden posar en contacte amb aquest despatx professional per qualsevol dubte o aclariment que puguin tenir sobre aquest tema.<\/p>\n<\/div>\n<p>JDA\/SFAI<\/p>\n","protected":false},"excerpt":{"rendered":"<p>Li recordem que t\u00e9 l&#8217;oportunitat de modificar la base de cotitzaci\u00f3 del r\u00e8gim especial de treballadors aut\u00f2noms (RETA) i la quota a pagar, dins dels l\u00edmits permesos segons l\u2019edat, des de l&#8217;1 de juliol fins al 30 de setembre. \u00c9s el tercer termini de 2021, per\u00f2 l&#8217;\u00faltima oportunitat per als qui vulguin que la seva<\/p>\n","protected":false},"author":50,"featured_media":19902,"comment_status":"open","ping_status":"open","sticky":false,"template":"","format":"standard","meta":{"rs_blank_template":"","rs_page_bg_color":"","slide_template_v7":"","footnotes":""},"categories":[794,785,791,826,825],"tags":[],"class_list":["post-19915","post","type-post","status-publish","format-standard","has-post-thumbnail","hentry","category-emprenedors","category-empreses","category-fiscal-ca","category-fiscal-ca-2","category-actualitat-laboral"],"_links":{"self":[{"href":"https:\/\/www.jda.es\/ca\/wp-json\/wp\/v2\/posts\/19915","targetHints":{"allow":["GET"]}}],"collection":[{"href":"https:\/\/www.jda.es\/ca\/wp-json\/wp\/v2\/posts"}],"about":[{"href":"https:\/\/www.jda.es\/ca\/wp-json\/wp\/v2\/types\/post"}],"author":[{"embeddable":true,"href":"https:\/\/www.jda.es\/ca\/wp-json\/wp\/v2\/users\/50"}],"replies":[{"embeddable":true,"href":"https:\/\/www.jda.es\/ca\/wp-json\/wp\/v2\/comments?post=19915"}],"version-history":[{"count":0,"href":"https:\/\/www.jda.es\/ca\/wp-json\/wp\/v2\/posts\/19915\/revisions"}],"wp:featuredmedia":[{"embeddable":true,"href":"https:\/\/www.jda.es\/ca\/wp-json\/wp\/v2\/media\/19902"}],"wp:attachment":[{"href":"https:\/\/www.jda.es\/ca\/wp-json\/wp\/v2\/media?parent=19915"}],"wp:term":[{"taxonomy":"category","embeddable":true,"href":"https:\/\/www.jda.es\/ca\/wp-json\/wp\/v2\/categories?post=19915"},{"taxonomy":"post_tag","embeddable":true,"href":"https:\/\/www.jda.es\/ca\/wp-json\/wp\/v2\/tags?post=19915"}],"curies":[{"name":"wp","href":"https:\/\/api.w.org\/{rel}","templated":true}]}}