{"id":19843,"date":"2021-06-02T14:06:23","date_gmt":"2021-06-02T14:06:23","guid":{"rendered":"http:\/\/fwcpfcf.cluster026.hosting.ovh.net\/?p=19843"},"modified":"2021-06-02T14:06:23","modified_gmt":"2021-06-02T14:06:23","slug":"publicat-lacord-del-consell-de-ministres-que-estableix-els-termes-i-condicions-del-sise-tram-de-la-linia-davals-covid-19","status":"publish","type":"post","link":"https:\/\/www.jda.es\/ca\/publicat-lacord-del-consell-de-ministres-que-estableix-els-termes-i-condicions-del-sise-tram-de-la-linia-davals-covid-19\/","title":{"rendered":"Publicat l&#8217;acord del Consell de Ministres que estableix els termes i condicions del sis\u00e8 tram de la l\u00ednia d&#8217;avals COVID-19"},"content":{"rendered":"<div class=\"summary\">\n<p>Al BOE del dia 1 de juny s&#8217;ha publicat la Resoluci\u00f3 de 28 de maig de 2021, per la qual s&#8217;activa el sis\u00e8 tram d&#8217;avals per a empreses i aut\u00f2noms per 15.000 milions d&#8217;euros. 10.000 milions es posen a la disposici\u00f3 d&#8217;aut\u00f2noms i pimes i els 5.000 restants es destinen a grans empreses. Al contrari de l&#8217;ocorregut amb el primer lliurament de 100.000 milions d&#8217;avals ICO destinats a dotar de liquiditat al teixit productiu i amb els seg\u00fcents 40.000 milions, que es van mobilitzar per a m\u00e9s liquiditat i inversi\u00f3, aquests \u00faltims 15.000 milions s&#8217;enfocaran de manera exclusiva a les inversions.<\/p>\n<\/div>\n<div class=\"content\">\n<p>L&#8217;informem que al BOE del dia 1 de juny s&#8217;ha publicat la\u00a0<a class=\"external\" href=\"https:\/\/www.boe.es\/boe\/dias\/2021\/06\/01\/pdfs\/BOE-A-2021-9063.pdf\" target=\"_blank\" rel=\"external noopener\"><em>Resoluci\u00f3 de 28 de maig de 2021<\/em><\/a><em>, del Secretari d&#8217;Estat d&#8217;Economia i Suport a l&#8217;Empresa, per la qual es publica l&#8217;Acord del Consell de Ministres del 25 de maig de 2021, pel qual s&#8217;estableixen els termes i condicions del sis\u00e8 tram de la l\u00ednia d&#8217;avals a finan\u00e7ament concedit a empreses i aut\u00f2noms amb la finalitat principal de finan\u00e7ar inversions i s&#8217;autoritzen l\u00edmits per adquirir compromisos de despesa amb c\u00e0rrec a exercicis futurs, en aplicaci\u00f3 del que es disposa en l&#8217;article 47 de la Llei 47\/2003, de 26 de novembre, General Pressupost\u00e0ria<\/em>.<\/p>\n<p>D&#8217;aquesta manera s&#8217;activa el\u00a0<strong>sis\u00e8 tram d&#8217;avals per a empreses i aut\u00f2noms per 15.000 milions d&#8217;euros<\/strong>: 10.000 milions es posen a la disposici\u00f3 d&#8217;aut\u00f2noms i pimes i els 5.000 restants es destinen a grans empreses.<\/p>\n<p>Al contrari de l&#8217;ocorregut amb el primer lliurament de 100.000 milions d&#8217;avals ICO destinats a dotar de liquiditat al teixit productiu i amb els seg\u00fcents 40.000 milions, que es van mobilitzar per a m\u00e9s liquiditat i inversi\u00f3, aquests \u00faltims 15.000 milions\u00a0<strong>s&#8217;enfocaran de manera exclusiva a les inversions<\/strong>.<\/p>\n<p>Aquestes noves garanties\u00a0<strong>es podran sol\u00b7licitar fins a l&#8217;1 de desembre de 2021<\/strong>, sempre que els interessats no es trobessin en situaci\u00f3 de morositat abans de la pand\u00e8mia, \u00e9s a dir, amb\u00a0<strong>anterioritat al 31 de desembre de 2019<\/strong>.<\/p>\n<p>El sis\u00e8 tram de la L\u00ednia d&#8217;Avals mant\u00e9 les mateixes caracter\u00edstiques, la mateixa cobertura de l&#8217;aval i la mateixa manera de tramitaci\u00f3 dels anteriors, fins al 80% per a aut\u00f2noms i pimes i el 70% per a la resta d&#8217;empreses.<\/p>\n<p>En l\u00ednia amb les progressives ampliacions de venciments dels pr\u00e9stecs avalats, aquest acord del Consell de Ministres permet l&#8217;alliberament d&#8217;avals p\u00fablics per un termini de fins a deu anys per als sup\u00f2sits en qu\u00e8 l&#8217;ajuda total acumulada pel client no superi els 1,8 milions d&#8217;euros, sent el venciment m\u00e0xim de vuit anys per a imports d&#8217;ajuda p\u00fablica acumulada superior.<\/p>\n<table>\n<tbody>\n<tr>\n<td colspan=\"2\"><strong>Definici\u00f3 de pime, finalitat i import del sis\u00e8 tram de la l\u00ednia d&#8217;avals<\/strong><\/td>\n<\/tr>\n<tr>\n<td>Definici\u00f3 de pime<\/td>\n<td>Es consideraran pimes aquelles empreses que reuneixin aquesta condici\u00f3 d&#8217;acord amb l&#8217;article 2 de l&#8217;annex I del Reglament (UE) n\u00fam. 651\/2014 de la Comissi\u00f3, de 17 de juny de 2014, pel qual es declaren determinades categories d&#8217;ajudes compatibles amb el mercat interior en aplicaci\u00f3 dels articles 107 i 108 del tractat.<\/td>\n<\/tr>\n<tr>\n<td>Import total del sis\u00e8 tram de la l\u00ednia d&#8217;avals<\/td>\n<td>Fins a 15.000 milions d&#8217;euros, aportats pel Ministeri d&#8217;Assumptes Econ\u00f2mics i Transformaci\u00f3 Digital, que quedaran subdividits en dos subtrams:<\/p>\n<p>&#8211; Fins a 10.000 milions d&#8217;euros per a petites i mitjanes empreses i aut\u00f2noms.<\/p>\n<p>&#8211; Fins a 5.000 milions d&#8217;euros per a empreses que no reuneixin la condici\u00f3 de pime.<\/td>\n<\/tr>\n<\/tbody>\n<\/table>\n<table>\n<tbody>\n<tr>\n<td colspan=\"2\">&nbsp;<\/p>\n<p><strong>Percentatges m\u00e0xims, remuneraci\u00f3, terminis de formalitzaci\u00f3 i de venciment m\u00e0xim de l&#8217;aval<\/strong><\/td>\n<\/tr>\n<tr>\n<td>Import m\u00e0xim per deutor i termini m\u00e0xim d&#8217;aval<\/td>\n<td>&#8211; Per a operacions amb deutors que rebin ajuda p\u00fablica de manera acumulada per un total no superior a 1.800.000 euros, el termini de l&#8217;aval em\u00e8s coincidir\u00e0 amb el termini del pr\u00e9stec, fins a un m\u00e0xim de deu anys.<\/p>\n<p>&#8211; Per a operacions que se subjectin al Reglament (UE) n\u00fam. 1407\/2013 de la Comissi\u00f3, de 18 de desembre de 2013, relatiu a l&#8217;aplicaci\u00f3 dels articles 107 i 108 del Tractat de Funcionament de la Uni\u00f3 Europea a les ajudes de\u00a0<em>minimis<\/em>\u00a0(o el corresponent Reglament sectorial), el termini de l&#8217;aval em\u00e8s coincidir\u00e0 amb el termini del pr\u00e9stec, fins a un m\u00e0xim de cinc anys.<\/p>\n<p>&#8211; Per a operacions amb deutors que rebin ajuda p\u00fablica de manera acumulada per un total superior a 1.800.000 euros, el termini de l&#8217;aval em\u00e8s coincidir\u00e0 amb el termini del pr\u00e9stec, fins a un m\u00e0xim de vuit anys i l&#8217;import nominal a avalar no podr\u00e0 superar el m\u00e9s gran de:<\/p>\n<p>\u00b7 El doble dels costos salarials anuals del client, prenent com a refer\u00e8ncia els costos de l&#8217;exercici 2019.<\/p>\n<p>\u00b7 El 25% de la facturaci\u00f3 del client l&#8217;any 2019.<\/p>\n<p>\u00b7 Amb la justificaci\u00f3 adequada i sobre la base d&#8217;una acta de certificaci\u00f3 per part del client de les seves necessitats de liquiditat, la quantitat de finan\u00e7ament podr\u00e0 superar els criteris anteriors per cobrir les necessitats de liquiditat dels pr\u00f2xims divuit mesos en cas d&#8217;aut\u00f2noms i pime, posteriors al moment de concessi\u00f3 del finan\u00e7ament o dels pr\u00f2xims dotze mesos en el cas d&#8217;empreses que no reuneixin la condici\u00f3 de pime.<\/td>\n<\/tr>\n<tr>\n<td>Percentatges m\u00e0xims d&#8217;aval del Ministeri d&#8217;Assumptes Econ\u00f2mics i Transformaci\u00f3 Digital<\/td>\n<td>L&#8217;aval ascendir\u00e0 com a m\u00e0xim al 80% en les operacions de finan\u00e7ament per a petites i mitjanes i empreses i aut\u00f2noms i del 70% en les operacions de finan\u00e7ament per a empreses que no reuneixin la condici\u00f3 de pime.<\/td>\n<\/tr>\n<tr>\n<td>Remuneraci\u00f3 de l&#8217;aval<\/td>\n<td>&#8211; Per a operacions amb deutors que de manera acumulada rebin ajuda p\u00fablica subjecta a l&#8217;apartat 3.1 del Marc Temporal relatiu a les mesures d&#8217;ajuda estatal destinades a recolzar l&#8217;economia en el context de l&#8217;actual brot de COVID-19, per un total igual o inferior a 1.800.000 euros, el cost de l&#8217;aval ascendir\u00e0 a 20 p.b.<\/p>\n<p>&#8211; Aix\u00ed mateix, per a operacions que se subjectin al Reglament (UE) n\u00fam. 1407\/2013 de la Comissi\u00f3, de 18 de desembre de 2013, relatiu a l&#8217;aplicaci\u00f3 dels articles 107 i 108 del Tractat de Funcionament de la Uni\u00f3 Europea a les ajudes de\u00a0<em>minimis<\/em>\u00a0(o el corresponent Reglament sectorial), el cost de l&#8217;aval ascendir\u00e0 a 20 p.b.<\/p>\n<p>&#8211; Per a la resta d&#8217;operacions, la remuneraci\u00f3 dels avals ser\u00e0 la continguda en la seg\u00fcent taula, i s&#8217;aplicar\u00e0 durant tota la vida de l&#8217;aval sobre el saldo de l&#8217;import avalat:<\/p>\n<table>\n<tbody>\n<tr>\n<td><strong>Pimes cobertura fins al 80%<\/strong><\/td>\n<td><strong>Grans empreses cobertura fins al 70%<\/strong><\/td>\n<\/tr>\n<tr>\n<td>Avals amb venciment fins a un any<\/td>\n<td>20 pb<\/td>\n<td>30 pb<\/td>\n<\/tr>\n<tr>\n<td>Avals amb venciment superior a un any i fins a tres anys<\/td>\n<td>30 pb<\/td>\n<td>60 pb<\/td>\n<\/tr>\n<tr>\n<td>Avals amb venciment superior a tres anys i fins a cinc anys<\/td>\n<td>80 pb<\/td>\n<td>120 pb<\/td>\n<\/tr>\n<tr>\n<td>Avals amb venciment superior a cinc anys i fins a sis anys<\/td>\n<td>80 pb<\/td>\n<td>125 pb<\/td>\n<\/tr>\n<tr>\n<td>Avals amb venciment superior a sis anys i fins a set anys<\/td>\n<td>169 pb<\/td>\n<td>260 pb<\/td>\n<\/tr>\n<tr>\n<td>Avals amb venciment superior a set anys i fins a vuit anys<\/td>\n<td>188 pb<\/td>\n<td>285 pb<\/td>\n<\/tr>\n<\/tbody>\n<\/table>\n<\/td>\n<\/tr>\n<tr>\n<td>Terminis de sol\u00b7licitud dels avals<\/td>\n<td>Els avals es podran sol\u00b7licitar a l&#8217;ICO fins a l&#8217;1 de desembre de 2021.<\/td>\n<\/tr>\n<\/tbody>\n<\/table>\n<p>Principio del formulario<\/p>\n<p><strong>Renegociaci\u00f3 de deute avalat<\/strong><\/p>\n<p>L&#8217;aprovaci\u00f3 del nou tram d&#8217;avals de l&#8217;Institut de Cr\u00e8dit Oficial ha coincidit amb l&#8217;anunci de l&#8217;adhesi\u00f3 de les caixes d&#8217;estalvis al Codi de Bones Pr\u00e0ctiques.<\/p>\n<p>Amb aquesta incorporaci\u00f3, es podran beneficiar els titulars de 342.236 pr\u00e9stecs i cr\u00e8dits amb aval de l&#8217;ICO.<\/p>\n<p>CaixaBank, Kutxabank, Cajasur Banc, Abanca, Unicaja Banc, Ibercaja Banc, Liberbank, Caixa Ontinyent i Caixa Pollen\u00e7a contribuiran a buscar solucions financeres per a aut\u00f2noms i empreses viables que hagin sofert una deterioraci\u00f3 de la seva solv\u00e8ncia a conseq\u00fc\u00e8ncia de la pand\u00e8mia, i que comptin amb deute avalat per l&#8217;Institut de Cr\u00e8dit Oficial (ICO) i altres organismes p\u00fablics.<\/p>\n<p>Les entitats de CECA assumeixen d&#8217;aquesta manera, els compromisos d&#8217;estendre el termini de venciment de les operacions amb aval p\u00fablic en cas que el deutor compleixi determinats requisits, avaluar la conversi\u00f3 del deute amb aval p\u00fablic en pr\u00e9stecs participatius no convertibles en capital i valorar la reducci\u00f3 del principal pendent (quitacions de deute).<\/p>\n<p>S&#8217;estableix a m\u00e9s un mecanisme de coordinaci\u00f3 entre les entitats financeres que tinguin exposici\u00f3 a un mateix aut\u00f2nom o empresa, amb la finalitat d&#8217;assegurar un tractament uniforme.<\/p>\n<p>Per a la concessi\u00f3 d&#8217;aquestes ajudes, \u00e9s necessari que\u00a0<strong>abans de l&#8217;1 de desembre de 2022<\/strong>\u00a0l&#8217;entitat financera i el client arribin a un acord de renegociaci\u00f3 de tot el deute, generat despr\u00e9s de l&#8217;esclat de la pand\u00e8mia.<\/p>\n<p>La reducci\u00f3 podr\u00e0 ser del 50% del principal avalat pendent, si la caiguda de la facturaci\u00f3 de l&#8217;empresa o aut\u00f2nom en 2020 va ser inferior al 70% i de fins a 75% de l&#8217;import avalat si va ser superior al 70%.<\/p>\n<p>Es poden posar en contacte amb aquest despatx professional per qualsevol dubte o aclariment que puguin tenir sobre aquest tema.<\/p>\n<\/div>\n<p>JDA\/SFAI<\/p>\n","protected":false},"excerpt":{"rendered":"<p>Al BOE del dia 1 de juny s&#8217;ha publicat la Resoluci\u00f3 de 28 de maig de 2021, per la qual s&#8217;activa el sis\u00e8 tram d&#8217;avals per a empreses i aut\u00f2noms per 15.000 milions d&#8217;euros. 10.000 milions es posen a la disposici\u00f3 d&#8217;aut\u00f2noms i pimes i els 5.000 restants es destinen a grans empreses. Al contrari<\/p>\n","protected":false},"author":50,"featured_media":19829,"comment_status":"open","ping_status":"open","sticky":false,"template":"","format":"standard","meta":{"rs_blank_template":"","rs_page_bg_color":"","slide_template_v7":"","footnotes":""},"categories":[730],"tags":[],"class_list":["post-19843","post","type-post","status-publish","format-standard","has-post-thumbnail","hentry","category-uncategorized-ca"],"_links":{"self":[{"href":"https:\/\/www.jda.es\/ca\/wp-json\/wp\/v2\/posts\/19843","targetHints":{"allow":["GET"]}}],"collection":[{"href":"https:\/\/www.jda.es\/ca\/wp-json\/wp\/v2\/posts"}],"about":[{"href":"https:\/\/www.jda.es\/ca\/wp-json\/wp\/v2\/types\/post"}],"author":[{"embeddable":true,"href":"https:\/\/www.jda.es\/ca\/wp-json\/wp\/v2\/users\/50"}],"replies":[{"embeddable":true,"href":"https:\/\/www.jda.es\/ca\/wp-json\/wp\/v2\/comments?post=19843"}],"version-history":[{"count":0,"href":"https:\/\/www.jda.es\/ca\/wp-json\/wp\/v2\/posts\/19843\/revisions"}],"wp:featuredmedia":[{"embeddable":true,"href":"https:\/\/www.jda.es\/ca\/wp-json\/wp\/v2\/media\/19829"}],"wp:attachment":[{"href":"https:\/\/www.jda.es\/ca\/wp-json\/wp\/v2\/media?parent=19843"}],"wp:term":[{"taxonomy":"category","embeddable":true,"href":"https:\/\/www.jda.es\/ca\/wp-json\/wp\/v2\/categories?post=19843"},{"taxonomy":"post_tag","embeddable":true,"href":"https:\/\/www.jda.es\/ca\/wp-json\/wp\/v2\/tags?post=19843"}],"curies":[{"name":"wp","href":"https:\/\/api.w.org\/{rel}","templated":true}]}}