{"id":19776,"date":"2021-05-31T11:33:41","date_gmt":"2021-05-31T11:33:41","guid":{"rendered":"http:\/\/fwcpfcf.cluster026.hosting.ovh.net\/modificacions-en-limpost-sobre-el-valor-afegit-incloses-en-el-real-decreto-llei-7-2021-de-27-dabril\/"},"modified":"2021-05-31T13:34:36","modified_gmt":"2021-05-31T13:34:36","slug":"modificacions-en-limpost-sobre-el-valor-afegit-incloses-en-el-real-decreto-llei-7-2021-de-27-dabril","status":"publish","type":"post","link":"https:\/\/www.jda.es\/ca\/modificacions-en-limpost-sobre-el-valor-afegit-incloses-en-el-real-decreto-llei-7-2021-de-27-dabril\/","title":{"rendered":"Modificacions en l&#8217;impost sobre el valor afegit incloses en el Real Decreto-llei 7\/2021, de 27 d&#8217;abril"},"content":{"rendered":"<p><span style=\"color: #000000;\"><em>\u00a0<\/em><\/span><\/p>\n<p><span style=\"color: #000000;\"><em>Al BOE de 28 d&#8217;abril de 2021 es public\u00e0 <\/em><strong><em>el Reial decret llei 7\/2021, de 27 d&#8217;abril (RDL 7\/2021<\/em><\/strong><em>), ratificat per <\/em><strong><em>la Resoluci\u00f3 de 13 de maig de 2021, de al Congr\u00e9s dels Diputats,<\/em><\/strong><em> per la qual s&#8217;ordena la publicaci\u00f3 de l&#8217;Acord de convalidaci\u00f3 de el Reial decret llei 7\/2021 (BOE del dia 19 de maig), pel qual s&#8217;incorporen a l&#8217;ordenament jur\u00eddic espanyol diverses directives de la Uni\u00f3 Europea (UE), entre altres mat\u00e8ries, en l&#8217;\u00e0mbit tributari, afectant l&#8217;Impost sobre el Valor Afegit (IVA). Es tracta de la Directiva (UE) 2017\/2455, de el Consell, de 5 de desembre de 2017; i de la Directiva (UE) 2019\/1955, de el Consell, de 21 de novembre de 2019, referides a la localitzaci\u00f3 de les prestacions de serveis i a les vendes a dist\u00e0ncia de b\u00e9ns i a certes lliuraments nacionals de b\u00e9ns. Les dues havien de ser objecte de transposici\u00f3 abans de l&#8217;1 de juliol de 2021, d&#8217;aqu\u00ed la urg\u00e8ncia en la seva inclusi\u00f3 en aquest RDL7 \/ 2021, al no haver-se tramitat el corresponent projecte de llei amb la deguda anticipaci\u00f3.<\/em><\/span><\/p>\n<p><span style=\"color: #000000;\"><em>\u00a0<\/em><\/span><\/p>\n<p><span style=\"color: #000000;\"><strong><em>\u00a0<\/em><\/strong><\/span><\/p>\n<p><span style=\"color: #000000;\"><strong><em>L&#8217;entrada en vigor de les modificacions introdu\u00efdes i que tot seguit comentarem \u00e9s el dia 1 de juliol de 2021.<\/em><\/strong><\/span><\/p>\n<p><span style=\"color: #000000;\"><em>\u00a0<\/em><\/span><\/p>\n<p><span style=\"color: #000000;\"><em>A l&#8217;espera de l&#8217;aprovaci\u00f3 definitiva de el r\u00e8gim de tributaci\u00f3 de les operacions intracomunit\u00e0ries, que est\u00e0 en estudi i elaboraci\u00f3 per la UE, amb la reforma ara publicada es conclou la regulaci\u00f3 del tractament de l&#8217;IVA de el comer\u00e7 electr\u00f2nic i s&#8217;estableixen les regles de tributaci\u00f3 de els lliuraments de b\u00e9ns i prestacions de serveis que, generalment contractats per internet o altres mitjans electr\u00f2nics per consumidors finals de la Uni\u00f3, s\u00f3n enviats o prestats per empresaris o professionals des d&#8217;un altre Estat membre o un pa\u00eds o territori tercer.<\/em><\/span><\/p>\n<p><span style=\"color: #000000;\"><em>A continuaci\u00f3, resumim les novetats previstes en aquest Reial decret llei prenent com a font la informaci\u00f3 de l&#8217;AEAT al respecte.<\/em><\/span><\/p>\n<p><span style=\"color: #000000;\"><em>\u00a0<\/em><\/span><\/p>\n<ol>\n<li><span style=\"color: #000000;\"><strong> Comer\u00e7 electr\u00f2nic<\/strong><\/span><\/li>\n<\/ol>\n<p>&nbsp;<\/p>\n<p><span style=\"color: #000000;\">L&#8217;article des\u00e8 de l&#8217;RD-Llei 7\/2021 incorpora al nostre ordenament intern la Directiva <strong>(UE) 2017\/2455 de Consell, de 5 de desembre de 2017 i la Directiva (UE) 2019\/1995 de Consell de 21 de novembre de 2019 amb el que es conclou la regulaci\u00f3 del tractament de l&#8217;IVA de el comer\u00e7 electr\u00f2nic.<\/strong><\/span><\/p>\n<p><span style=\"color: #000000;\"><strong>\u00a0<\/strong><\/span><\/p>\n<p><span style=\"color: #000000;\">La transposici\u00f3 de la primera part de la Directiva 2017\/2455, l&#8217;entrada en vigor es va produir <strong>l&#8217;1 de gener de 2019<\/strong>, va ser incorporada al nostre ordenament intern per la Llei 6\/2018, de 3 de juliol, de pressupostos generals de l&#8217;Estat per a l&#8217;any 2018 i va suposar, en relaci\u00f3 amb els serveis <strong>prestats per via electr\u00f2nica, de telecomunicacions i de radiodifusi\u00f3 i televisi\u00f3:<\/strong><\/span><\/p>\n<p>&nbsp;<\/p>\n<ul>\n<li><span style=\"color: #000000;\">L&#8217;establiment d&#8217;un llindar com\u00fa a escala comunit\u00e0ria de fins a 10.000 euros anuals que permet que, mentre no es superi aquest import, els serveis prestats per microempreses establertes en un \u00fanic Estat membre estaran subjectes a l&#8217;IVA de l&#8217;Estat membre d&#8217;establiment del prestador.<\/span><\/li>\n<\/ul>\n<p>&nbsp;<\/p>\n<ul>\n<li><span style=\"color: #000000;\">L&#8217;aplicaci\u00f3 de la normativa de facturaci\u00f3 existent a l&#8217;Estat membre d&#8217;identificaci\u00f3 del prove\u00efdor que s&#8217;aculli als r\u00e8gims especials de finestreta \u00fanica.<\/span><\/li>\n<\/ul>\n<p>&nbsp;<\/p>\n<ul>\n<li><span style=\"color: #000000;\">Permetre la utilitzaci\u00f3 dels r\u00e8gims especials de finestreta \u00fanica a empresaris o professionals no establerts en la Comunitat, per\u00f2 ja registrats a l&#8217;efecte de l&#8217;IVA en un Estat membre.<\/span><\/li>\n<\/ul>\n<p>&nbsp;<\/p>\n<p><span style=\"color: #000000;\">Aquestes modificacions es mantenen vigents i seran tamb\u00e9 d&#8217;aplicaci\u00f3 en relaci\u00f3 amb les operacions a qu\u00e8 s&#8217;amplia la finestreta \u00fanica.<\/span><\/p>\n<p>&nbsp;<\/p>\n<p>&nbsp;<\/p>\n<p><span style=\"color: #000000;\">L\u2019aplicaci\u00f3 des <strong>l&#8217;1 de juliol de 2021<\/strong>, introdueix importants modificacions en l&#8217;\u00e0mbit de la tributaci\u00f3 dels lliuraments de b\u00e9ns i prestacions de serveis que, generalment contractats per internet i altres mitjans electr\u00f2nics per consumidors finals comunitaris, s\u00f3n enviats o prestats per empresaris o professionals des d&#8217;un altre Estat membre o un pa\u00eds o territori tercer.<\/span><\/p>\n<p>&nbsp;<\/p>\n<p><span style=\"color: #000000;\">Aquestes operacions queden subjectes <strong>a l&#8217;IVA a l&#8217;Estat membre d&#8217;arribada <\/strong>de la mercaderia o d&#8217;establiment del destinatari, aconseguint amb aix\u00f2:<\/span><\/p>\n<p>&nbsp;<\/p>\n<ul>\n<li><span style=\"color: #000000;\">Augmentar els ingressos tributaris, reduir les p\u00e8rdues de recaptaci\u00f3 i aturar la frau de el comer\u00e7 transfronterer.<\/span><\/li>\n<\/ul>\n<p>&nbsp;<\/p>\n<ul>\n<li><span style=\"color: #000000;\">Garantir la imparcialitat de les decisions de compra dels consumidors, protegint la compet\u00e8ncia entre els prove\u00efdors comunitaris i de fora de la UE.<\/span><\/li>\n<\/ul>\n<p>&nbsp;<\/p>\n<ul>\n<li><span style=\"color: #000000;\">Reduir les c\u00e0rregues administratives i els costos de gesti\u00f3 de l&#8217;IVA per als operadors.<\/span><\/li>\n<\/ul>\n<p>&nbsp;<\/p>\n<p><span style=\"color: #000000;\">La <strong>gesti\u00f3 tribut\u00e0ria<\/strong> de el comer\u00e7 electr\u00f2nic en l&#8217;IVA es sustenta en l&#8217;ampliaci\u00f3 dels r\u00e8gims especials de finestreta \u00fanica que passen a ser el procediment espec\u00edfic per a la gesti\u00f3 i recaptaci\u00f3 de l&#8217;IVA meritat per aquestes operacions a nivell comunitari. Aix\u00ed mateix, per primera vegada, s&#8217;involucra als titulars de les interf\u00edcies digitals que faciliten el comer\u00e7 electr\u00f2nic, que es converteixen en col\u00b7laboradors de la pr\u00f2pia recaptaci\u00f3, gesti\u00f3 i control de l&#8217;impost.<\/span><\/p>\n<p>&nbsp;<\/p>\n<p><span style=\"color: #000000;\"><strong>\u00a0<\/strong><\/span><\/p>\n<ol>\n<li><span style=\"color: #000000;\"><strong> Definici\u00f3 de dues noves categories de b\u00e9ns (articles 8. Tres i 8 bis LIVA).<\/strong><\/span><\/li>\n<\/ol>\n<p>&nbsp;<\/p>\n<p>&nbsp;<\/p>\n<p><span style=\"color: #000000;\">Per determinar clarament l&#8217;\u00e0mbit d&#8217;aplicaci\u00f3 de la finestreta \u00fanica es defineixen dues noves categories de lliuraments de b\u00e9ns:<\/span><\/p>\n<p>&nbsp;<\/p>\n<ul>\n<li><span style=\"color: #000000;\"><strong>Vendes a dist\u00e0ncia intracomunit\u00e0ries de b\u00e9ns<\/strong>: lliuraments de b\u00e9ns expedits o transportats pel prove\u00efdor des d&#8217;un Estat membre a un altre de diferent els destinataris actu\u00efn o tinguin la condici\u00f3 de consumidors finals. Els b\u00e9ns hauran de ser diferents de mitjans de transport nous o b\u00e9ns objecte d&#8217;instal\u00b7laci\u00f3 i muntatge.<\/span><\/li>\n<\/ul>\n<p>&nbsp;<\/p>\n<ul>\n<li><span style=\"color: #000000;\"><strong>Vendes a dist\u00e0ncia de b\u00e9ns importats de pa\u00efsos o territoris tercers<\/strong>: lliuraments de b\u00e9ns que hagin estat expedits o transportats pel prove\u00efdor a partir d&#8217;un pa\u00eds o territori tercer amb destinaci\u00f3 a destinataris que actu\u00efn o tinguin la condici\u00f3 de consumidors finals establerts en un Estat membre. Aquestes operacions s\u00f3n independents de la importaci\u00f3 que realitza el destinatari dels b\u00e9ns importats. Els b\u00e9ns hauran de ser diferents de mitjans de transport nous o b\u00e9ns objecte d&#8217;instal\u00b7laci\u00f3 i muntatge.<\/span><\/li>\n<\/ul>\n<p>&nbsp;<\/p>\n<p><span style=\"color: #000000;\"><strong>\u00a0<\/strong><\/span><\/p>\n<p><span style=\"color: #000000;\"><strong>2.Supressi\u00f3 de l&#8217;exempci\u00f3 en les importacions de b\u00e9ns d&#8217;esc\u00e0s valor (article 34 LIVA).<\/strong><\/span><\/p>\n<p><span style=\"color: #000000;\">Se suprimeix l&#8217;exempci\u00f3 en les importacions de b\u00e9ns d&#8217;esc\u00e0s valor aplicable en l&#8217;actualitat fins als 22 euros de valor global de la mercaderia, de tal manera que les importacions de b\u00e9ns que no s&#8217;acullin a la finestreta \u00fanica hauran de liquidar l&#8217;IVA a la importaci\u00f3 .<\/span><\/p>\n<p><span style=\"color: #000000;\"><strong>\u00a0<\/strong><\/span><\/p>\n<p><span style=\"color: #000000;\"><strong>3.Exempci\u00f3 de l&#8217;IVA en les importacions que es declarin a trav\u00e9s de la finestreta \u00fanica (article 66. 4t LIVA).<\/strong><\/span><\/p>\n<p><span style=\"color: #000000;\">Per afavorir l&#8217;aplicaci\u00f3 de el r\u00e8gim especial de finestreta \u00fanica d&#8217;importaci\u00f3 (IOSS) i evitar la doble imposici\u00f3, s&#8217;estableix una exempci\u00f3 de l&#8217;IVA a les importacions de b\u00e9ns que en el moment de la importaci\u00f3 hagin de declarar-se d&#8217;acord amb aquest r\u00e8gim especial.<\/span><\/p>\n<p>&nbsp;<\/p>\n<p><span style=\"color: #000000;\">El venedor, o l&#8217;intermediari que actu\u00ef pel seu compte, haur\u00e0 d&#8217;aportar a la duana el n\u00famero d&#8217;identificaci\u00f3 individual IOSS assignat, com a molt tard en el moment de presentar la declaraci\u00f3 duanera d&#8217;importaci\u00f3.<\/span><\/p>\n<p>&nbsp;<\/p>\n<p><span style=\"color: #000000;\">Nom\u00e9s \u00e9s aplicable a enviaments el valor intr\u00ednsec no excedeixi els 150 euros, quedant exclosos els productes objecte d&#8217;impostos especials.<\/span><\/p>\n<p>&nbsp;<\/p>\n<p>&nbsp;<\/p>\n<ol start=\"4\">\n<li><span style=\"color: #000000;\"><strong>Lloc de realitzaci\u00f3 de lliuraments de b\u00e9ns (articles 68 i 73 LIVA).<\/strong><\/span><\/li>\n<\/ol>\n<p><span style=\"color: #000000;\"><strong>\u00a0<\/strong><\/span><\/p>\n<p>&nbsp;<\/p>\n<p><span style=\"color: #000000;\">Les vendes a dist\u00e0ncia intracomunit\u00e0ries de b\u00e9ns, tributaran a l&#8217;Estat membre on el destinatari rep la mercaderia.<\/span><\/p>\n<p>&nbsp;<\/p>\n<p><span style=\"color: #000000;\">No obstant aix\u00f2<strong>, tributaran en el lloc d&#8217;inici del transport <\/strong>quan aquestes vendes siguin efectuades per empresaris establerts en un \u00fanic Estat membre i el seu import, juntament amb els serveis prestats per via electr\u00f2nica, de telecomunicacions i de radiodifusi\u00f3 i televisi\u00f3 realitzats a la Comunitat, no superin un llindar com\u00fa a escala comunit\u00e0ria de 10.000 euros. En aquest cas, els empresaris podran optar per la tributaci\u00f3 en destinaci\u00f3.<\/span><\/p>\n<p>&nbsp;<\/p>\n<p><span style=\"color: #000000;\">Els lliuraments de b\u00e9ns objecte d&#8217;impostos especials, quan els destinataris siguin les persones les adquisicions intracomunit\u00e0ries de b\u00e9ns no estiguin subjectes en virtut de l&#8217;article 14 LIVA, tributaran en tot cas en destinaci\u00f3.<\/span><\/p>\n<p>&nbsp;<\/p>\n<p><span style=\"color: #000000;\"><strong>Les vendes a dist\u00e0ncia de b\u00e9ns importats de pa\u00efsos o territoris tercers<\/strong> tributaran a l&#8217;Estat membre d&#8217;arribada de l&#8217;expedici\u00f3 o transport quan s&#8217;apliqui el r\u00e8gim especial d&#8217;importaci\u00f3 de la finestreta \u00fanica.<\/span><\/p>\n<p>&nbsp;<\/p>\n<p><span style=\"color: #000000;\"><strong>5.Lloc de realitzaci\u00f3 de prestacions de serveis (article 70. Uno.4\u00ba i 8\u00e8, article 73 LIVA).<\/strong><\/span><\/p>\n<p><span style=\"color: #000000;\">El llindar com\u00fa a escala comunit\u00e0ria de 10.000 euros aplicat en el cas d&#8217;empresaris establerts en un \u00fanic Estat membre per permetre tributar els serveis prestats per via electr\u00f2nica, de telecomunicacions i de radiodifusi\u00f3 i televisi\u00f3 a l&#8217;Estat membre d&#8217;establiment, passa a incloure l&#8217;import de les vendes a dist\u00e0ncia intracomunit\u00e0ries efectuades.<\/span><\/p>\n<p>&nbsp;<\/p>\n<p><span style=\"color: #000000;\"><strong>\u00a0<\/strong><\/span><\/p>\n<ol start=\"6\">\n<li><span style=\"color: #000000;\"><strong> Interf\u00edcies digitals: plataformes, portals i mercats en l\u00ednia (articles 8.bis, 20 bis, 75, 94. Uno.1\u00ba.c i 166 bis LIVA).<\/strong><\/span><\/li>\n<\/ol>\n<p>&nbsp;<\/p>\n<p><span style=\"color: #000000;\">Per assegurar l&#8217;ingr\u00e9s de l&#8217;IVA i reduir les c\u00e0rregues administratives dels prove\u00efdors, administracions tribut\u00e0ries i dels propis consumidors finals s&#8217;ha d&#8217;entendre que els empresaris o professionals titulars d&#8217;una interf\u00edcie digital han rebut i lliurat en nom propi els b\u00e9ns quan facilitin (1 veure nota a la fi) les seg\u00fcents vendes:<\/span><\/p>\n<p>&nbsp;<\/p>\n<p><span style=\"color: #000000;\">o Vendes a dist\u00e0ncia de b\u00e9ns importats de pa\u00efsos o territoris tercers en enviaments el valor intr\u00ednsec no excedeixi els 150 euros.<\/span><\/p>\n<p>&nbsp;<\/p>\n<p><span style=\"color: #000000;\">o Lliuraments de b\u00e9ns a l&#8217;interior de la Comunitat per part d&#8217;un prove\u00efdor no establert en la Comunitat a consumidors finals.<\/span><\/p>\n<p>&nbsp;<\/p>\n<p><span style=\"color: #000000;\">Aquesta ficci\u00f3 determina importants implicacions tribut\u00e0ries:<\/span><\/p>\n<p>&nbsp;<\/p>\n<ul>\n<li><span style=\"color: #000000;\">Els titulars de les interf\u00edcies digitals tenen la consideraci\u00f3 de subjectes passius de l&#8217;impost.<\/span><\/li>\n<\/ul>\n<p>&nbsp;<\/p>\n<ul>\n<li><span style=\"color: #000000;\">Es realitzen dos lliuraments de b\u00e9ns, una de prove\u00efdor a titular de la interf\u00edcie i una altra per part de la titular de la interf\u00edcie a al consumidor final. La meritaci\u00f3 de les dues entregues es produeix amb l&#8217;acceptaci\u00f3 de l&#8217;pagament de client.<\/span><\/li>\n<\/ul>\n<p>&nbsp;<\/p>\n<ul>\n<li><span style=\"color: #000000;\">El transport dels b\u00e9ns es troba vinculat al lliurament que realitzen els titulars de la interf\u00edcie a al consumidor final.<\/span><\/li>\n<\/ul>\n<p>&nbsp;<\/p>\n<ul>\n<li><span style=\"color: #000000;\">El lliurament de el b\u00e9 que s&#8217;ent\u00e9n realitzada pel prove\u00efdor a titular de la interf\u00edcie est\u00e0 exempta d&#8217;IVA i no limita el dret a la deducci\u00f3 de l&#8217;IVA suportat per qui la realitzen.<\/span><\/li>\n<\/ul>\n<p>&nbsp;<\/p>\n<ul>\n<li><span style=\"color: #000000;\">L&#8217;empresari o professional titular de la interf\u00edcie digital podr\u00e0 acollir-se als r\u00e8gims especials de finestreta \u00fanica per a la declaraci\u00f3-liquidaci\u00f3 de l&#8217;IVA derivat d&#8217;aquestes operacions per les que tingui la condici\u00f3 de subjecte passiu, fins i tot quan es tracti de lliuraments interiors a consumidors finals en el mateix Estat membre on s&#8217;emmagatzemen les mercaderies.<\/span><\/li>\n<\/ul>\n<p>&nbsp;<\/p>\n<p>&nbsp;<\/p>\n<p>&nbsp;<\/p>\n<p><span style=\"color: #000000;\">Els empresaris o professionals titulars d&#8217;una interf\u00edcie digital tindran les seg\u00fcents <strong>obligacions registrals:<\/strong><\/span><\/p>\n<p>&nbsp;<\/p>\n<p><span style=\"color: #000000;\">o Quan facilitin el lliurament de b\u00e9ns o la prestaci\u00f3 de serveis i no tinguin la condici\u00f3 de subjecte passiu: registre d&#8217;aquestes operacions el contingut s&#8217;ajustar\u00e0 al que disposa l&#8217;article 54 quater.2 de el Reglament (UE) n\u00ba 282\/2011 de Consell , de 15 de mar\u00e7 de 2011 i que ha d&#8217;estar per via electr\u00f2nica, pr\u00e8via sol\u00b7licitud, a disposici\u00f3 dels Estats membres interessats. Aquest registre es mantindr\u00e0 per un per\u00edode de deu anys.<\/span><\/p>\n<p>&nbsp;<\/p>\n<p><span style=\"color: #000000;\">o Quan facilitin el lliurament de b\u00e9ns i tinguin la condici\u00f3 de subjecte passiu o quan participin en una prestaci\u00f3 de serveis per via electr\u00f2nica per a la qual es considerin que actuen en nom propi:<\/span><\/p>\n<p>&nbsp;<\/p>\n<p><span style=\"color: #000000;\">-Els registres que estableix l&#8217;article 63 quart del &#8216;Reglament (UE) n\u00ba 282\/2011 si l&#8217;empresari s&#8217;acull als r\u00e8gims especials de finestreta \u00fanica.<\/span><\/p>\n<p>&nbsp;<\/p>\n<p><span style=\"color: #000000;\">\u00a0\u00a0\u00a0\u00a0\u00a0\u00a0\u00a0\u00a0\u00a0\u00a0\u00a0 -Els registres que estableix l&#8217;article 164.Uno. 4t LIVA si no s&#8217;acullen a la finestreta \u00fanica.<\/span><\/p>\n<p>&nbsp;<\/p>\n<p>&nbsp;<\/p>\n<p><span style=\"color: #000000;\"><strong>7.Reg\u00edmens especials de finestreta \u00fanica<\/strong><\/span><\/p>\n<p><span style=\"color: #000000;\">(Cap\u00edtol XI del T\u00edtol IX LIVA).<\/span><\/p>\n<p>&nbsp;<\/p>\n<p><span style=\"color: #000000;\">S&#8217;inclouen tres nous r\u00e8gims especials per a la declaraci\u00f3 i liquidaci\u00f3 de l&#8217;IVA meritat pels lliuraments de b\u00e9ns i prestacions de serveis efectuades a favor de consumidors finals per empresaris i professionals, generalment no establerts en l&#8217;Estat membre on queden subjectes les operacions, que substitueixen i s&#8217;amplien els r\u00e8gims especials vigents en l&#8217;actualitat per als serveis prestats per via electr\u00f2nica, de telecomunicacions i de radiodifusi\u00f3 i televisi\u00f3:<\/span><\/p>\n<p>&nbsp;<\/p>\n<p>&nbsp;<\/p>\n<ul>\n<li><span style=\"color: #000000;\"><strong>R\u00e8gim exterior de la Uni\u00f3 (OSS).<\/strong> Aplicable als serveis prestats per empresaris o professionals no establerts a la Comunitat a consumidors finals.<\/span><\/li>\n<\/ul>\n<p>&nbsp;<\/p>\n<ul>\n<li><span style=\"color: #000000;\"><strong>R\u00e8gim de la Uni\u00f3 (OSS<\/strong>). Aplicable a les seg\u00fcents operacions:<\/span><\/li>\n<\/ul>\n<p>&nbsp;<\/p>\n<p><span style=\"color: #000000;\">*Els serveis prestats per empresaris o professionals establerts a la Comunitat, per\u00f2 no a l&#8217;Estat membre de consum a consumidors finals.<\/span><\/p>\n<p>&nbsp;<\/p>\n<p><span style=\"color: #000000;\">\u00a0\u00a0\u00a0\u00a0\u00a0\u00a0\u00a0\u00a0\u00a0\u00a0\u00a0\u00a0\u00a0\u00a0\u00a0\u00a0\u00a0\u00a0\u00a0\u00a0\u00a0\u00a0\u00a0 *Vendes a dist\u00e0ncia intracomunit\u00e0ries de b\u00e9ns.<\/span><\/p>\n<p>&nbsp;<\/p>\n<p><span style=\"color: #000000;\">*Lliuraments interiors de b\u00e9ns imputades als titulars d&#8217;interf\u00edcies digitals que facilitin el lliurament d&#8217;aquests b\u00e9ns per part d&#8217;un prove\u00efdor no establert en la Comunitat a al consumidor final.<\/span><\/p>\n<p>&nbsp;<\/p>\n<ul>\n<li><span style=\"color: #000000;\"><strong>R\u00e8gim d&#8217;importaci\u00f3 (IOSS).<\/strong> Aplicable a les vendes a dist\u00e0ncia de b\u00e9ns importats de pa\u00efsos o territoris tercers a qu\u00e8 podran acollir-se, directament oa trav\u00e9s d&#8217;un intermediari establert a la Comunitat, en determinades condicions, els empresaris o professionals que realitzin vendes a dist\u00e0ncia de b\u00e9ns importats de pa\u00efsos o territoris tercers en enviaments <strong>el valor intr\u00ednsec no excedeixi els 150 euros<\/strong>, a excepci\u00f3 dels productes objecte d&#8217;impostos especials.<\/span><\/li>\n<\/ul>\n<p>&nbsp;<\/p>\n<p><span style=\"color: #000000;\">Aquests r\u00e8gims presenten les seg\u00fcents caracter\u00edstiques:<\/span><\/p>\n<p>&nbsp;<\/p>\n<ul>\n<li><span style=\"color: #000000;\">Van a permetre, mitjan\u00e7ant una \u00fanica declaraci\u00f3-liquidaci\u00f3 presentada per via electr\u00f2nica davant l&#8217;Administraci\u00f3 tribut\u00e0ria de l&#8217;Estat membre pel qual hagi optat o sigui d&#8217;aplicaci\u00f3 (Estat membre d&#8217;identificaci\u00f3), que l&#8217;empresari o professional pugui ingressar l&#8217;IVA meritat per totes seves operacions efectuades a la Comunitat (Estats membres de consum) per cada trimestre o mes natural a qu\u00e8 s&#8217;aplica, en cada cas, el r\u00e8gim especial.<\/span><\/li>\n<\/ul>\n<p>&nbsp;<\/p>\n<ul>\n<li><span style=\"color: #000000;\">Quan Espanya sigui l&#8217;Estat membre d&#8217;identificaci\u00f3, l&#8217;empresari o professional est\u00e0 obligat a declarar davant l&#8217;Administraci\u00f3 tribut\u00e0ria espanyola l&#8217;inici, la modificaci\u00f3 o el cessament de les seves operacions i ser\u00e0 identificat mitjan\u00e7ant un n\u00famero d&#8217;identificaci\u00f3 individual assignat per la mateixa.<\/span><\/li>\n<\/ul>\n<p>&nbsp;<\/p>\n<ul>\n<li><span style=\"color: #000000;\">Els empresaris i professionals han de mantenir durant deu anys un registre de les operacions incloses en els mateixos que estar\u00e0 a disposici\u00f3 tant de l&#8217;Estat membre d&#8217;identificaci\u00f3 com del de consum. Tamb\u00e9 estan obligats a expedir i lliurar factures respecte de les operacions declarades d&#8217;acord amb els r\u00e8gims especials.<\/span><\/li>\n<\/ul>\n<p>&nbsp;<\/p>\n<ul>\n<li><span style=\"color: #000000;\">No podran deduir l&#8217;IVA suportat per a la realitzaci\u00f3 de les seves operacions a les referides declaracions-liquidacions. Si es tracta d&#8217;empresaris i professionals no establerts en el territori d&#8217;aplicaci\u00f3 de l&#8217;impost, que no presentin autoliquidacions davant l&#8217;Administraci\u00f3 tribut\u00e0ria espanyola per altres operacions, podran sol\u00b7licitar la devoluci\u00f3 d&#8217;aquestes quotes pel procediment previst en els articles 119 i 119 bis LIVA, sense exigir el requisit de reciprocitat de tracte en el cas d&#8217;empresaris o professionals no establerts en la Comunitat.<\/span><\/li>\n<\/ul>\n<p>&nbsp;<\/p>\n<p>&nbsp;<\/p>\n<ol start=\"8\">\n<li><span style=\"color: #000000;\"><strong> Modalitat especial per a la declaraci\u00f3 i el pagament de l&#8217;IVA sobre les importacions (article 167 bis LIVA).<\/strong><\/span><\/li>\n<\/ol>\n<p>&nbsp;<\/p>\n<p><span style=\"color: #000000;\">Quan l&#8217;empresari o professional no hagi optat per acollir-se a el r\u00e8gim especial aplicable a les vendes a dist\u00e0ncia de b\u00e9ns importats podr\u00e0 aplicar aquesta modalitat especial de declaraci\u00f3 complint els seg\u00fcents requisits:<\/span><\/p>\n<p>&nbsp;<\/p>\n<ul>\n<li><span style=\"color: #000000;\">Que el valor intr\u00ednsec de l&#8217;enviament no superi els 150 euros<\/span><\/li>\n<li><span style=\"color: #000000;\">Que es tracti de b\u00e9ns que no siguin objecte d&#8217;impostos especials<\/span><\/li>\n<li><span style=\"color: #000000;\">Que la destinaci\u00f3 final de l&#8217;expedici\u00f3 o transport sigui el territori d&#8217;aplicaci\u00f3 de l&#8217;impost.<\/span><\/li>\n<\/ul>\n<p>&nbsp;<\/p>\n<p><span style=\"color: #000000;\">En aquests casos, el destinatari dels b\u00e9ns importats ser\u00e0 responsable del pagament de l&#8217;IVA, per\u00f2 la persona que presenti els b\u00e9ns per al seu despatx a la duana recaptar\u00e0 l&#8217;impost del destinatari i efectuar\u00e0 el pagament de l&#8217;IVA recaptat a trav\u00e9s d&#8217;una modalitat especial de declaraci\u00f3 corresponent a les importacions realitzades durant el mes natural.<\/span><\/p>\n<p>&nbsp;<\/p>\n<p><span style=\"color: #000000;\">Aquestes importacions quedaran gravades a el tipus general.<\/span><\/p>\n<p>&nbsp;<\/p>\n<p><span style=\"color: #000000;\"><strong>\u00a0<\/strong><\/span><\/p>\n<p>&nbsp;<\/p>\n<ol>\n<li><span style=\"color: #000000;\"><strong> Tipus impositiu de l&#8217;0% en el lliurament, importaci\u00f3 i adquisici\u00f3 intracomunit\u00e0ria de material sanitari<\/strong><\/span><\/li>\n<\/ol>\n<p><span style=\"color: #000000;\">La disposici\u00f3 addicional primera de l&#8217;RD-Llei 7\/2021, amb efectes des de l&#8217;1 de maig de 2021:<\/span><\/p>\n<p>&nbsp;<\/p>\n<ul>\n<li><span style=\"color: #000000;\">Mant\u00e9 fins al 31 de desembre de 2021 l&#8217;aplicaci\u00f3 del tipus impositiu del zero per cent als lliuraments interiors, importacions i adquisicions intracomunit\u00e0ries de material sanitari per combatre la COVID-19, els seus destinataris siguin entitats p\u00fabliques, centres hospitalaris i entitats privades de car\u00e0cter social.<\/span><\/li>\n<\/ul>\n<p>&nbsp;<\/p>\n<ul>\n<li><span style=\"color: #000000;\">Actualitza la relaci\u00f3 de b\u00e9ns als quals \u00e9s d&#8217;aplicaci\u00f3 aquesta mesura en el seu annex.<\/span><\/li>\n<\/ul>\n<p>&nbsp;<\/p>\n<p><span style=\"color: #000000;\"><em>Es recorda que aquestes operacions s&#8217;han de documentar en factura com a operacions exemptes.<\/em><\/span><\/p>\n<p><span style=\"color: #000000;\">(1) D&#8217;acord amb l&#8217;article 5 ter de Reglament d&#8217;Execuci\u00f3 (UE) n\u00ba 282\/2011, s&#8217;ent\u00e9n per \u00abfacilitar\u00bb la utilitzaci\u00f3 d&#8217;una interf\u00edcie electr\u00f2nica per tal que un client i un prove\u00efdor que posi b\u00e9ns a la venda a trav\u00e9s de la interf\u00edcie electr\u00f2nica puguin establir un contacte que doni lloc a un lliurament de b\u00e9ns a trav\u00e9s d&#8217;aquesta interf\u00edcie electr\u00f2nica a aquest client.<\/span><\/p>\n<hr \/>\n<p><span style=\"color: #000000;\"><strong>JDA SFAI\u00a0<\/strong><\/span><\/p>\n","protected":false},"excerpt":{"rendered":"<p>\u00a0 Al BOE de 28 d&#8217;abril de 2021 es public\u00e0 el Reial decret llei 7\/2021, de 27 d&#8217;abril (RDL 7\/2021), ratificat per la Resoluci\u00f3 de 13 de maig de 2021, de al Congr\u00e9s dels Diputats, per la qual s&#8217;ordena la publicaci\u00f3 de l&#8217;Acord de convalidaci\u00f3 de el Reial decret llei 7\/2021 (BOE del dia 19<\/p>\n","protected":false},"author":50,"featured_media":19768,"comment_status":"open","ping_status":"open","sticky":false,"template":"","format":"standard","meta":{"rs_blank_template":"","rs_page_bg_color":"","slide_template_v7":"","footnotes":""},"categories":[826],"tags":[],"class_list":["post-19776","post","type-post","status-publish","format-standard","has-post-thumbnail","hentry","category-fiscal-ca-2"],"_links":{"self":[{"href":"https:\/\/www.jda.es\/ca\/wp-json\/wp\/v2\/posts\/19776","targetHints":{"allow":["GET"]}}],"collection":[{"href":"https:\/\/www.jda.es\/ca\/wp-json\/wp\/v2\/posts"}],"about":[{"href":"https:\/\/www.jda.es\/ca\/wp-json\/wp\/v2\/types\/post"}],"author":[{"embeddable":true,"href":"https:\/\/www.jda.es\/ca\/wp-json\/wp\/v2\/users\/50"}],"replies":[{"embeddable":true,"href":"https:\/\/www.jda.es\/ca\/wp-json\/wp\/v2\/comments?post=19776"}],"version-history":[{"count":0,"href":"https:\/\/www.jda.es\/ca\/wp-json\/wp\/v2\/posts\/19776\/revisions"}],"wp:featuredmedia":[{"embeddable":true,"href":"https:\/\/www.jda.es\/ca\/wp-json\/wp\/v2\/media\/19768"}],"wp:attachment":[{"href":"https:\/\/www.jda.es\/ca\/wp-json\/wp\/v2\/media?parent=19776"}],"wp:term":[{"taxonomy":"category","embeddable":true,"href":"https:\/\/www.jda.es\/ca\/wp-json\/wp\/v2\/categories?post=19776"},{"taxonomy":"post_tag","embeddable":true,"href":"https:\/\/www.jda.es\/ca\/wp-json\/wp\/v2\/tags?post=19776"}],"curies":[{"name":"wp","href":"https:\/\/api.w.org\/{rel}","templated":true}]}}