{"id":19587,"date":"2021-05-06T10:12:03","date_gmt":"2021-05-06T10:12:03","guid":{"rendered":"http:\/\/fwcpfcf.cluster026.hosting.ovh.net\/novetats-per-a-la-defensa-dels-consumidors-i-usuaris\/"},"modified":"2021-05-10T11:21:21","modified_gmt":"2021-05-10T11:21:21","slug":"novetats-per-a-la-defensa-dels-consumidors-i-usuaris","status":"publish","type":"post","link":"https:\/\/www.jda.es\/ca\/novetats-per-a-la-defensa-dels-consumidors-i-usuaris\/","title":{"rendered":"Novetats per a la defensa dels consumidors i usuaris"},"content":{"rendered":"<div class=\"summary\">\n<p><span style=\"color: #000000;\">El Reial decret llei 7\/2021, de 27 d&#8217;abril, publicat al BOE del 28 d&#8217;abril de 2021, transposa diverses directives de la Uni\u00f3 Europea, i introdueix una s\u00e8rie de modificacions a l&#8217;actual normativa de consumidors i usuaris, entre les quals calen destacar, quant als contractes de compravenda de b\u00e9ns, que el consumidor pot exigir la posada en conformitat dels b\u00e9ns mitjan\u00e7ant la seva reparaci\u00f3 o substituci\u00f3, i si aquests remeis no s\u00f3n efectius, ser\u00e0 procedent la reducci\u00f3 del preu o la resoluci\u00f3 del contracte; el per\u00edode de garantia legal s&#8217;incrementa de 2 a 3 anys des del moment de lliurament dels b\u00e9ns o que la presumpci\u00f3 de falta de conformitat (sense prova en contra) s&#8217;incrementa de sis mesos a dos anys. Aquestes modificacions en mat\u00e8ria de consumidors i usuaris quant als contractes de compravenda de b\u00e9ns entraran en vigor l&#8217;1 de gener de 2022.<\/span><\/p>\n<\/div>\n<div class=\"content\">\n<p><span style=\"color: #000000;\">L&#8217;informem, que al BOE del dia 28 d&#8217;abril s&#8217;ha publicat el Reial decret llei 7\/2021, de 27 d&#8217;abril, que transposa diverses directives de la Uni\u00f3 Europea entre les quals es troben la Directiva 2019\/770 del Parlament Europeu i del Consell de 20 de maig de 2019, relativa a determinats aspectes dels\u00a0<strong>contractes de subministrament de continguts i serveis digitals<\/strong>, i la Directiva (UE) 2019\/771 del Parlament Europeu i del Consell de 20 de maig de 2019, relativa a determinats aspectes\u00a0<strong>dels contractes de compravenda de b\u00e9ns<\/strong>.<\/span><\/p>\n<p><span style=\"color: #000000;\">En concret, el RDL 7\/2021 realitza en el seu article setz\u00e8 una s\u00e8rie de modificacions a l&#8217;actual normativa de consumidors i usuaris, el Reial decret legislatiu 1\/2007, de 27 de novembre, relatiu a la Llei General per a la Defensa de Consumidors i Usuaris, entre les quals calen destacar, quant\u00a0<strong>als contractes de compravenda de b\u00e9ns<\/strong>, les seg\u00fcents:<\/span><\/p>\n<ul>\n<li><span style=\"color: #000000;\">La conformitat amb el contracte es determina ara mitjan\u00e7ant el compliment d&#8217;uns requisits objectius i subjectius, inclosa la instal\u00b7laci\u00f3.<\/span><\/li>\n<\/ul>\n<ul>\n<li><span style=\"color: #000000;\">El consumidor pot escollir la posada en conformitat dels b\u00e9ns mitjan\u00e7ant la seva reparaci\u00f3 o substituci\u00f3, i si aquests remeis no s\u00f3n efectius, ser\u00e0 procedent la reducci\u00f3 del preu o la resoluci\u00f3 del contracte.<\/span><\/li>\n<\/ul>\n<ul>\n<li><span style=\"color: #000000;\">El per\u00edode de garantia legal s&#8217;incrementa de 2 a 3 anys des del moment de lliurament dels b\u00e9ns.<\/span><\/li>\n<\/ul>\n<ul>\n<li><span style=\"color: #000000;\">La presumpci\u00f3 de falta de conformitat (si no hi ha prova en contra) s&#8217;incrementa de sis mesos a dos anys.<\/span><\/li>\n<\/ul>\n<ul>\n<li><span style=\"color: #000000;\">En cas de reparaci\u00f3 del b\u00e9 a causa de la falta de conformitat, l&#8217;empresari en respon durant l&#8217;any posterior al lliurament del b\u00e9. Quan en aquest per\u00edode es reprodueixin els defectes del mateix origen que els inicialment manifestats, es presumir\u00e0 que es tracta de la mateixa falta de conformitat.<\/span><\/li>\n<\/ul>\n<ul>\n<li><span style=\"color: #000000;\">El termini de prescripci\u00f3 per exercitar l&#8217;acci\u00f3 relativa a aquestes faltes de conformitat s&#8217;incrementa de 3 a 5 anys des de la manifestaci\u00f3 de la falta de conformitat.<\/span><\/li>\n<\/ul>\n<ul>\n<li><span style=\"color: #000000;\">El per\u00edode en el qual el fabricant haur\u00e0 de continuar amb el servei t\u00e8cnic i disponibilitat de peces de recanvi despr\u00e9s del cessament de fabricaci\u00f3 del b\u00e9 s&#8217;incrementa de 5 a 10 anys.<\/span><\/li>\n<\/ul>\n<p><span style=\"color: #000000;\">El Reial decret llei 7\/2021, que modifica la normativa actual en mat\u00e8ria de consum, entrar\u00e0 en vigor el\u00a0<strong>pr\u00f2xim 1 de gener de 2022<\/strong>, si b\u00e9 les modificacions previstes respecte als contractes de subministrament dels continguts o serveis digitals, formalitzats amb consumidors i usuaris, s&#8217;aplicaran \u00fanicament als contractes subscrits a partir d&#8217;aquesta data.<\/span><\/p>\n<p><span style=\"color: #000000;\">Es poden posar en contacte amb aquest despatx professional per qualsevol dubte o aclariment que puguin tenir sobre aquest tema.<\/span><\/p>\n<hr \/>\n<p><span style=\"color: #000000;\"><strong>JDA SFAI<\/strong><\/span><\/p>\n<\/div>\n","protected":false},"excerpt":{"rendered":"<p>El Reial decret llei 7\/2021, de 27 d&#8217;abril, publicat al BOE del 28 d&#8217;abril de 2021, transposa diverses directives de la Uni\u00f3 Europea, i introdueix una s\u00e8rie de modificacions a l&#8217;actual normativa de consumidors i usuaris, entre les quals calen destacar, quant als contractes de compravenda de b\u00e9ns, que el consumidor pot exigir la posada<\/p>\n","protected":false},"author":50,"featured_media":19578,"comment_status":"open","ping_status":"open","sticky":false,"template":"","format":"standard","meta":{"rs_blank_template":"","rs_page_bg_color":"","slide_template_v7":"","footnotes":""},"categories":[785,766],"tags":[],"class_list":["post-19587","post","type-post","status-publish","format-standard","has-post-thumbnail","hentry","category-empreses","category-legal-ca"],"_links":{"self":[{"href":"https:\/\/www.jda.es\/ca\/wp-json\/wp\/v2\/posts\/19587","targetHints":{"allow":["GET"]}}],"collection":[{"href":"https:\/\/www.jda.es\/ca\/wp-json\/wp\/v2\/posts"}],"about":[{"href":"https:\/\/www.jda.es\/ca\/wp-json\/wp\/v2\/types\/post"}],"author":[{"embeddable":true,"href":"https:\/\/www.jda.es\/ca\/wp-json\/wp\/v2\/users\/50"}],"replies":[{"embeddable":true,"href":"https:\/\/www.jda.es\/ca\/wp-json\/wp\/v2\/comments?post=19587"}],"version-history":[{"count":0,"href":"https:\/\/www.jda.es\/ca\/wp-json\/wp\/v2\/posts\/19587\/revisions"}],"wp:featuredmedia":[{"embeddable":true,"href":"https:\/\/www.jda.es\/ca\/wp-json\/wp\/v2\/media\/19578"}],"wp:attachment":[{"href":"https:\/\/www.jda.es\/ca\/wp-json\/wp\/v2\/media?parent=19587"}],"wp:term":[{"taxonomy":"category","embeddable":true,"href":"https:\/\/www.jda.es\/ca\/wp-json\/wp\/v2\/categories?post=19587"},{"taxonomy":"post_tag","embeddable":true,"href":"https:\/\/www.jda.es\/ca\/wp-json\/wp\/v2\/tags?post=19587"}],"curies":[{"name":"wp","href":"https:\/\/api.w.org\/{rel}","templated":true}]}}