{"id":19435,"date":"2021-04-21T15:31:47","date_gmt":"2021-04-21T15:31:47","guid":{"rendered":"http:\/\/fwcpfcf.cluster026.hosting.ovh.net\/criteris-per-a-assignacio-dajuts-directes-a-autonoms-i-empreses-per-la-covid-19\/"},"modified":"2021-04-21T15:36:13","modified_gmt":"2021-04-21T15:36:13","slug":"criteris-per-a-assignacio-dajuts-directes-a-autonoms-i-empreses-per-la-covid-19","status":"publish","type":"post","link":"https:\/\/www.jda.es\/ca\/criteris-per-a-assignacio-dajuts-directes-a-autonoms-i-empreses-per-la-covid-19\/","title":{"rendered":"Criteris per a assignaci\u00f3 d&#8217;ajuts directes a aut\u00f2noms i empreses per la COVID-19"},"content":{"rendered":"<div class=\"summary\">\n<p><span style=\"color: #000000;\">Fins al 31 de desembre de 2021 podr\u00e0 sol\u00b7licitar ajuts directes per al seu negoci. Hi t\u00e9 dret? Quins requisits ha de complir? Quants diners rebr\u00e0? Pot sol\u00b7licitar-les en totes les comunitats aut\u00f2nomes on operi? I si pertany a un grup de societats o a una comunitat de b\u00e9ns?<\/span><\/p>\n<\/div>\n<div class=\"content\">\n<p><span style=\"color: #000000;\">L&#8217;informem que al BOE del dia 14 d&#8217;abril s&#8217;ha publicat l&#8217;Ordre HAC\/348\/2021, de 12 d&#8217;abril, per la qual es concreten els criteris per a l&#8217;assignaci\u00f3 d&#8217;ajuts directes a aut\u00f2noms i empreses en aplicaci\u00f3 del que es disposa al Reial decret llei 5\/2021, de 12 de mar\u00e7, de mesures extraordin\u00e0ries de suport a la solv\u00e8ncia empresarial en resposta a la pand\u00e8mia de la COVID-19.<\/span><\/p>\n<p><span style=\"color: #000000;\">Cal recordar que l&#8217;article 1 d&#8217;aquest Reial decret llei estableix que la l\u00ednia compta amb una dotaci\u00f3 total de 7.000 milions d&#8217;euros i s&#8217;articula en dos compartiments. Un primer compartiment, amb una dotaci\u00f3 de 5.000 milions d&#8217;euros, per a totes les comunitats aut\u00f2nomes, excepte Balears i Can\u00e0ries, i per a les ciutats de Ceuta i Melilla; i un segon compartiment, amb una dotaci\u00f3 de 2.000 milions d&#8217;euros, per a les comunitats aut\u00f2nomes de Balears i Can\u00e0ries.<\/span><\/p>\n<p><span style=\"color: #000000;\">L&#8217;article 3 regula el marc b\u00e0sic dels requisits d&#8217;elegibilitat i dels criteris per a la fixaci\u00f3 de la quantia l&#8217;ajut.<\/span><\/p>\n<p><span style=\"color: #000000;\">L&#8217;apartat 3 de l&#8217;article 2 preveu que la quantia de la distribuci\u00f3 definitiva entre les comunitats aut\u00f2nomes i ciutats de Ceuta i Melilla dels recursos de tots dos compartiments, en aplicaci\u00f3 dels criteris establerts en l&#8217;apartat 2 d&#8217;aquest article, es determinar\u00e0 per Ordre del titular del Ministeri d&#8217;Hisenda. Aquesta quantia tindr\u00e0 car\u00e0cter limitatiu a l&#8217;efecte de les convocat\u00f2ries que realitzin les comunitats aut\u00f2nomes i les ciutats de Ceuta i Melilla. A m\u00e9s, l&#8217;apartat preveu que en l&#8217;Ordre ministerial es podran concretar les q\u00fcestions necess\u00e0ries per a l&#8217;aplicaci\u00f3 del T\u00edtol I.<\/span><\/p>\n<p><span style=\"color: #000000;\">La distribuci\u00f3 dels recursos de la L\u00ednia COVID s&#8217;ha efectuat mitjan\u00e7ant l&#8217;Ordre HAC\/283\/2021, de 25 de mar\u00e7, per la qual es concreten els aspectes necessaris per a la distribuci\u00f3 definitiva, entre les comunitats aut\u00f2nomes i ciutats de Ceuta i Melilla, dels recursos de la L\u00ednia COVID d&#8217;ajuts directes a aut\u00f2noms i empreses prevista en el T\u00edtol I del Reial decret llei 5\/2021, de 12 de mar\u00e7, de mesures extraordin\u00e0ries de suport a la solv\u00e8ncia empresarial en resposta a la pand\u00e8mia de la COVID-19.<\/span><\/p>\n<p><span style=\"color: #000000;\">Ara, mitjan\u00e7ant la present Ordre HAC\/348\/2021, de 12 d&#8217;abril, es concreten les q\u00fcestions necess\u00e0ries per a l&#8217;aplicaci\u00f3 del T\u00edtol I especialment en relaci\u00f3 amb\u00a0<strong>els requisits d&#8217;elegibilitat i dels criteris per a la fixaci\u00f3 de la quantia de l&#8217;ajut, amb entrada en vigor el dia 14 d&#8217;abril de 2021<\/strong>.<\/span><\/p>\n<p><span style=\"color: #000000;\"><strong>Qui es pot beneficiar d&#8217;aquests ajuts?<\/strong><\/span><\/p>\n<p><span style=\"color: #000000;\">Empresaris, professionals i pimes.<\/span><\/p>\n<p><span style=\"color: #000000;\">Es consideren destinataris els empresaris o professionals i entitats que:<\/span><\/p>\n<ul>\n<li><span style=\"color: #000000;\">Desenvolupin una activitat inclosa en algun dels codis de la Classificaci\u00f3 Nacional d&#8217;Activitats Econ\u00f2miques -CNAE 09- i continu\u00efn exercint-la en el moment de la sol\u00b7licitud.<\/span><\/li>\n<\/ul>\n<p><span style=\"color: #000000;\"><strong>Quan es tracti de grups,\u00a0<\/strong>l&#8217;entitat dominant, o b\u00e9 qualsevol de les entitats dominades, haur\u00e0 hagut de realitzar i continuar desenvolupant almenys una de les activitats previstes en els codis de la CNAE com a activitat principal.<\/span><\/p>\n<ul>\n<li><span style=\"color: #000000;\"><strong>Tinguin un volum d&#8217;operacions anual declarat o comprovat per l&#8217;Administraci\u00f3<\/strong>, en l&#8217;impost sobre el valor afegit (IVA) o tribut indirecte equivalent en 2020 a una caiguda de m\u00e9s d&#8217;un 30% respecte a 2019.<\/span><\/li>\n<\/ul>\n<p><span style=\"color: #000000;\">Quan el sol\u00b7licitant de l&#8217;ajut tingui el seu domicili fiscal a les ciutats de\u00a0<strong>Ceuta o Melilla<\/strong>\u00a0o que realitzi exclusivament operacions no subjectes o exemptes que no obliguen a presentar autoliquidaci\u00f3 peri\u00f2dica d&#8217;IVA i no apliqui el r\u00e8gim d&#8217;estimaci\u00f3 objectiva en l&#8217;impost sobre la renda de les persones f\u00edsiques en 2019 i 2020, s&#8217;entendr\u00e0 que el volum d&#8217;operacions en 2019 i 2020 el constitueix:<\/span><\/p>\n<p><span style=\"color: #000000;\"><strong>a)\u00a0<\/strong>Per a contribuents de l&#8217;impost sobre la renda de les persones f\u00edsiques, la informaci\u00f3 sobre la totalitat dels ingressos \u00edntegres fiscalment computables procedents de la seva activitat econ\u00f2mica inclosos en la seva declaraci\u00f3 de l&#8217;impost en 2019, aix\u00ed com la suma dels ingressos \u00edntegres fiscalment computables procedents de la seva activitat econ\u00f2mica inclosos en les seves autoliquidacions de pagaments fraccionats corresponents a 2020.<\/span><\/p>\n<p><span style=\"color: #000000;\"><strong>b)\u00a0<\/strong>Per a contribuents de l&#8217;impost sobre societats o de l&#8217;impost de la renda de no residents amb establiment permanent, la informaci\u00f3 sobre la base imposable pr\u00e8via declarada en l&#8217;\u00faltim pagament fraccionat dels anys 2019 i 2020 respectivament en el cas que aquests pagaments fraccionats es calculin segons el que es disposa en l&#8217;article 40.3 de la Llei 27\/2014, de 27 de novembre, de l&#8217;impost sobre societats.<\/span><\/p>\n<ul>\n<li><span style=\"color: #000000;\"><strong>Apliquin el r\u00e8gim d&#8217;estimaci\u00f3 objectiva en l&#8217;impost sobre la renda de les persones f\u00edsiques.\u00a0<\/strong>El beneficiari directe de l&#8217;ajut quan s&#8217;apliqui el r\u00e8gim d&#8217;atribuci\u00f3 de rendes de l&#8217;IRPF ser\u00e0 l&#8217;entitat sol\u00b7licitant i no els seus socis, comuners, hereus o part\u00edcips.<\/span><\/li>\n<\/ul>\n<p><span style=\"color: #000000;\"><strong>Qu\u00e8 es considera grup consolidat?<\/strong><\/span><\/p>\n<p><span style=\"color: #000000;\">Per al cas de grups consolidats que tributin en l&#8217;impost sobre societats en el r\u00e8gim de tributaci\u00f3 consolidada, s&#8217;entendr\u00e0 com a destinatari a l&#8217;efecte del compliment dels requisits d&#8217;elegibilitat i transfer\u00e8ncies, el citat grup com un contribuent \u00fanic, i no cadascuna de les entitats que l&#8217;integren, per la qual cosa el volum d&#8217;operacions a considerar per determinar la caiguda de l&#8217;activitat ser\u00e0 el resultat de sumar tots els volums d&#8217;operacions de les entitats que conformen el grup.<\/span><\/p>\n<p><span style=\"color: #000000;\">La sol\u00b7licitud ser\u00e0 presentada per la societat representant del grup i inclour\u00e0 totes les entitats que n&#8217;hagin format part en 2020.<\/span><\/p>\n<p><span style=\"color: #000000;\">Les entitats que hagin format part d&#8217;un grup en 2019, per\u00f2 no en 2020, seran considerades com a independents i podran sol\u00b7licitar els ajuts sempre que compleixin els requisits de manera individualitzada.<\/span><\/p>\n<p><span style=\"color: #000000;\"><strong>Exclusions<\/strong><\/span><\/p>\n<p><span style=\"color: #000000;\">En cap cas es consideren destinataris aquells empresaris o professionals, entitats i grups consolidats que hagin declarat un resultat net negatiu per les activitats econ\u00f2miques en les quals hagu\u00e9s aplicat el m\u00e8tode d&#8217;estimaci\u00f3 directa per a la seva determinaci\u00f3 o, en el seu cas, hagi resultat negativa en aquest exercici la base imposable de l&#8217;impost sobre societats o de l&#8217;impost de la renda de no residents, abans de l&#8217;aplicaci\u00f3 de la reserva de capitalitzaci\u00f3 i compensaci\u00f3 de bases imposables negatives.<\/span><\/p>\n<p><span style=\"color: #000000;\"><strong>Quina \u00e9s la quantitat dels ajuts?<\/strong><\/span><\/p>\n<p><span style=\"color: #000000;\">L&#8217;ajut m\u00e0xim que es concedir\u00e0 ser\u00e0 de:<\/span><\/p>\n<p><span style=\"color: #000000;\"><strong>a)\u00a0<\/strong>3.000 \u20ac quan es tracti d&#8217;empresaris o professionals que apliquin el r\u00e8gim d&#8217;estimaci\u00f3 objectiva en l&#8217;impost sobre la renda de les persones f\u00edsiques, amb independ\u00e8ncia que realitzi altres activitats en r\u00e8gim d&#8217;estimaci\u00f3 directa, fins i tot quan s&#8217;hagi renunciat al r\u00e8gim d&#8217;estimaci\u00f3 objectiva per a 2021.<\/span><\/p>\n<p><span style=\"color: #000000;\">Quan el beneficiari hagi aplicat el r\u00e8gim d&#8217;estimaci\u00f3 objectiva en 2019 o 2020 no ser\u00e0 necessari complir el requisit d&#8217;elegibilitat de caiguda de m\u00e9s del 30% en l&#8217;impost sobre el valor afegit o tribut indirecte equivalent en 2020 respecte a 2019.<\/span><\/p>\n<p><span style=\"color: #000000;\"><strong>b)\u00a0<\/strong>Per a aquells empresaris i professionals el volum d&#8217;operacions anual declarat o comprovat per l&#8217;Administraci\u00f3 dels quals, en l&#8217;impost sobre el valor afegit o tribut indirecte equivalent, hagi caigut m\u00e9s del 30% l&#8217;any 2020 respecte a l&#8217;any 2019, l&#8217;ajut m\u00e0xim que es concedir\u00e0 ser\u00e0 de:<\/span><\/p>\n<ul>\n<li><span style=\"color: #000000;\">El 40% de la caiguda del volum d&#8217;operacions l&#8217;any 2020 respecte de l&#8217;any 2019 que superi el 30%, en el cas d&#8217;empresaris o professionals que apliquin el r\u00e8gim d&#8217;estimaci\u00f3 directa en l&#8217;impost sobre la renda de les persones f\u00edsiques, aix\u00ed com les entitats i establiments permanents que tinguin un m\u00e0xim de 10 empleats.\u00a0<em>Ordre HAC\/348\/2021, de 12 d&#8217;abril<\/em>.<\/span><\/li>\n<li><span style=\"color: #000000;\">El 20% de l&#8217;import de la caiguda del volum d&#8217;operacions l&#8217;any 2020 respecte de l&#8217;any 2019 que superi el 30%, en el cas d&#8217;entitats i empresaris o professionals i establiments permanents que tinguin m\u00e9s de 10 empleats.<\/span><\/li>\n<\/ul>\n<p><span style=\"color: #000000;\"><em>El nombre d&#8217;empleats es calcular\u00e0 tenint en compte el nombre mitj\u00e0 de perceptors de rendiments dineraris del treball consignats en les declaracions mensuals o trimestrals, de retencions i ingressos a compte en 2020 (model 111)<\/em><\/span><\/p>\n<p><span style=\"color: #000000;\"><strong>Presentaci\u00f3 de les sol\u00b7licituds<\/strong><\/span><\/p>\n<p><span style=\"color: #000000;\">Es podr\u00e0 conc\u00f3rrer a convocat\u00f2ries realitzades per diferents comunitats aut\u00f2nomes i ciutats de Ceuta i Melilla per a l&#8217;assignaci\u00f3 dels ajuts directes excepte quan es tracti d&#8217;empresaris, professionals o entitats:<\/span><\/p>\n<ul>\n<li><span style=\"color: #000000;\">Amb un volum d&#8217;operacions en 2020 inferior o igual a 10 milions d&#8217;euros<\/span><\/li>\n<li><span style=\"color: #000000;\">Que no apliquin el r\u00e8gim de grups en l&#8217;impost sobre societats<\/span><\/li>\n<\/ul>\n<p><span style=\"color: #000000;\">Aquests nom\u00e9s podran conc\u00f3rrer a la convocat\u00f2ria realitzada per la comunitat aut\u00f2noma o, en el seu cas, les ciutats de Ceuta i Melilla, on se situ\u00ef el seu domicili fiscal.<\/span><\/p>\n<p><span style=\"color: #000000;\">La resta de grups i empresaris, professionals o entitats amb un volum d&#8217;operacions en 2020 superior a 10 milions d&#8217;euros que desenvolupin la seva activitat econ\u00f2mica en m\u00e9s d&#8217;un territori auton\u00f2mic o en m\u00e9s d&#8217;una ciutat aut\u00f2noma, podran participar en les convocat\u00f2ries que es realitzin en tots els territoris.<\/span><\/p>\n<p><span style=\"color: #000000;\">La distribuci\u00f3 de la caiguda del volum d&#8217;operacions entre els territoris en els quals operin els sol\u00b7licitants dels ajuts s&#8217;efectuar\u00e0 a partir de les retribucions del treball personal consignades en la declaraci\u00f3 informativa resum anual de retencions i ingressos a compte, les quals seran atribu\u00efdes a cada territori en funci\u00f3 de la resid\u00e8ncia dels perceptors.<\/span><\/p>\n<p><span style=\"color: #000000;\">Es poden posar en contacte amb aquest despatx professional per qualsevol dubte o aclariment que puguin tenir sobre aquest tema.<\/span><\/p>\n<hr \/>\n<p><span style=\"color: #000000;\"><strong>JDA SFAI\u00a0<\/strong><\/span><\/p>\n<\/div>\n","protected":false},"excerpt":{"rendered":"<p>Fins al 31 de desembre de 2021 podr\u00e0 sol\u00b7licitar ajuts directes per al seu negoci. Hi t\u00e9 dret? Quins requisits ha de complir? Quants diners rebr\u00e0? Pot sol\u00b7licitar-les en totes les comunitats aut\u00f2nomes on operi? I si pertany a un grup de societats o a una comunitat de b\u00e9ns? L&#8217;informem que al BOE del dia<\/p>\n","protected":false},"author":50,"featured_media":19433,"comment_status":"open","ping_status":"open","sticky":false,"template":"","format":"standard","meta":{"rs_blank_template":"","rs_page_bg_color":"","slide_template_v7":"","footnotes":""},"categories":[826],"tags":[],"class_list":["post-19435","post","type-post","status-publish","format-standard","has-post-thumbnail","hentry","category-fiscal-ca-2"],"_links":{"self":[{"href":"https:\/\/www.jda.es\/ca\/wp-json\/wp\/v2\/posts\/19435","targetHints":{"allow":["GET"]}}],"collection":[{"href":"https:\/\/www.jda.es\/ca\/wp-json\/wp\/v2\/posts"}],"about":[{"href":"https:\/\/www.jda.es\/ca\/wp-json\/wp\/v2\/types\/post"}],"author":[{"embeddable":true,"href":"https:\/\/www.jda.es\/ca\/wp-json\/wp\/v2\/users\/50"}],"replies":[{"embeddable":true,"href":"https:\/\/www.jda.es\/ca\/wp-json\/wp\/v2\/comments?post=19435"}],"version-history":[{"count":0,"href":"https:\/\/www.jda.es\/ca\/wp-json\/wp\/v2\/posts\/19435\/revisions"}],"wp:featuredmedia":[{"embeddable":true,"href":"https:\/\/www.jda.es\/ca\/wp-json\/wp\/v2\/media\/19433"}],"wp:attachment":[{"href":"https:\/\/www.jda.es\/ca\/wp-json\/wp\/v2\/media?parent=19435"}],"wp:term":[{"taxonomy":"category","embeddable":true,"href":"https:\/\/www.jda.es\/ca\/wp-json\/wp\/v2\/categories?post=19435"},{"taxonomy":"post_tag","embeddable":true,"href":"https:\/\/www.jda.es\/ca\/wp-json\/wp\/v2\/tags?post=19435"}],"curies":[{"name":"wp","href":"https:\/\/api.w.org\/{rel}","templated":true}]}}