{"id":19293,"date":"2021-04-06T13:54:45","date_gmt":"2021-04-06T13:54:45","guid":{"rendered":"http:\/\/fwcpfcf.cluster026.hosting.ovh.net\/?p=19293"},"modified":"2021-04-06T13:59:16","modified_gmt":"2021-04-06T13:59:16","slug":"nueva-reforma-laboral","status":"publish","type":"post","link":"https:\/\/www.jda.es\/ca\/nueva-reforma-laboral\/","title":{"rendered":"Nova Reforma Laboral"},"content":{"rendered":"<p><span style=\"color: #000000;\">En les \u00faltimes setmanes, el Ministeri de Treball ha repr\u00e8s la negociaci\u00f3 amb els agents socials, per abordar la derogaci\u00f3 dels aspectes m\u00e9s cr\u00edtics de l&#8217;\u00faltima reforma laboral aprovada en 2012. La intenci\u00f3 de l&#8217;Executiu i dels sindicats \u00e9s dur a terme aquestes modificacions al llarg del pr\u00f2xim trimestre, mentre que les organitzacions patronals estan plantejant una modificaci\u00f3 m\u00e9s \u00e0mplia i pausada del mercat laboral.<\/span><\/p>\n<p><span style=\"color: #000000;\">La intenci\u00f3 del Ministeri de Treball \u00e9s abordar la derogaci\u00f3 de la reforma laboral de 2012 en diverses fases:<\/span><\/p>\n<p><span style=\"color: #000000;\">&#8211; La primera fase corregir\u00e0 les mesures de l&#8217;\u00faltima reforma laboral, posant fi a la prevalen\u00e7a del conveni d&#8217;empresa, reprenent la ultraactivitat dels convenis i reduint el poder empresarial en les modificacions substancials dels contractes de treball.<\/span><\/p>\n<p><span style=\"color: #000000;\">&#8211; Posteriorment, s&#8217;aprovaran les reformes necess\u00e0ries per millorar l&#8217;estabilitat en l&#8217;ocupaci\u00f3 i simplificar les modalitats de contractaci\u00f3.<\/span><\/p>\n<p><span style=\"color: #000000;\">&#8211; Finalment, s&#8217;aprovar\u00e0 la modificaci\u00f3 de les pol\u00edtiques actives d&#8217;ocupaci\u00f3.<\/span><\/p>\n<p><span style=\"color: #000000;\">Resumim quins s\u00f3n els principals aspectes d&#8217;aquesta nova reforma, aix\u00ed com altres mat\u00e8ries objecte de negociaci\u00f3.<\/span><\/p>\n<p><span style=\"color: #000000;\"><strong>REFOR\u00c7 DELS CONVENIS SECTORIALS<\/strong><\/span><\/p>\n<p><span style=\"color: #000000;\">Es pret\u00e9n eliminar la prioritat dels convenis d&#8217;empresa sobre els sectorials. Amb aquesta mesura, mat\u00e8ries essencials com la quantia del salari m\u00ednim, la jornada i distribuci\u00f3 d&#8217;horari, la compensaci\u00f3 de les hores extraordin\u00e0ries, el sistema de classificaci\u00f3 professional o les mesures per afavorir la conciliaci\u00f3 laboral i familiar, entre d&#8217;altres, es regularan a trav\u00e9s del conveni sectorial estatal, auton\u00f2mic o provincial.<\/span><\/p>\n<p><span style=\"color: #000000;\">Amb aquesta mesura, s&#8217;aconseguiria posar fi a les reduccions salarials aplicades a trav\u00e9s de convenis d&#8217;empresa que, despr\u00e9s de la reforma laboral, quedaven per sobre dels convenis d&#8217;\u00e0mbit superiors.<\/span><\/p>\n<p><span style=\"color: #000000;\"><strong>Ultraactivitat dels convenis COL\u00b7LECTIUS<\/strong><\/span><\/p>\n<p><span style=\"color: #000000;\">Tamb\u00e9 es pret\u00e9n recuperar la ultraactivitat dels convenis col\u00b7lectius, \u00e9s a dir, la situaci\u00f3 de pr\u00f2rroga autom\u00e0tica dels mateixos despr\u00e9s d&#8217;haver estat denunciats, un cop finalitzat el termini m\u00e0xim de negociaci\u00f3 per renovar-los o substituir-los sense haver arribat a un acord entre les parts.<\/span><\/p>\n<p><span style=\"color: #000000;\"><strong>\u00a0<\/strong><\/span><\/p>\n<p><span style=\"color: #000000;\"><strong>MODIFICACI\u00d3 UNILATERAL DE LES CONDICIONS DE TREBALL<\/strong><\/span><\/p>\n<p><span style=\"color: #000000;\">Mitjan\u00e7ant la reforma de l&#8217;article 41 de l&#8217;Estatut dels Treballadors (ET), es pret\u00e9n limitar la capacitat de modificaci\u00f3 unilateral de les condicions de treball per part de l&#8217;empresari, en el sup\u00f2sit de no arribar a un acord amb el treballador.<\/span><\/p>\n<p>&nbsp;<\/p>\n<p><span style=\"color: #000000;\"><strong>RESTRINGIR LA SUBCONTRACTACI\u00d3<\/strong><\/span><\/p>\n<p><span style=\"color: #000000;\">Una altra de les grans prioritats de l&#8217;Executiu \u00e9s limitar la subcontractaci\u00f3 com a mer instrument utilitzat per les empreses per reduir els seus costos salarials, a l&#8217;pagar salaris inferiors als que estableix el seu conveni col\u00b7lectiu. Aix\u00f2 portaria a terme mitjan\u00e7ant la modificaci\u00f3 de l&#8217;article 42.1 de l&#8217;ET, limitant la subcontractaci\u00f3 a serveis especialitzats diferenciats de l&#8217;activitat principal de l&#8217;empresa en q\u00fcesti\u00f3.<\/span><\/p>\n<p>&nbsp;<\/p>\n<p><span style=\"color: #000000;\"><strong>SIMPLIFICACI\u00d3 DE LA CONTRACTACI\u00d3<\/strong><\/span><\/p>\n<p><span style=\"color: #000000;\">El Govern ha comunicat a Brussel\u00b7les, en l&#8217;\u00e0mbit del repartiment dels fons de reconstrucci\u00f3, la intenci\u00f3 de simplificar la contractaci\u00f3 laboral, a fi de reduir la precarietat, la temporalitat i la inestabilitat del mercat laboral espanyol. Es proposa l&#8217;exist\u00e8ncia de tres tipus de contracte de treball:<\/span><\/p>\n<p><span style=\"color: #000000;\">&#8211; Contracte indefinit: Aquesta s&#8217;ha de convertir en la forma habitual de contractaci\u00f3. Amb l&#8217;objectiu de refor\u00e7ar la contractaci\u00f3 indefinida, des del ministeri de Treball es plantegen subvencions de fins a 9.500 \u20ac als contractes indefinits.<\/span><\/p>\n<p><span style=\"color: #000000;\">&#8211; Contracte temporal: El seu \u00fas es limitar\u00e0 nom\u00e9s a causes justificades, vinculades a necessitats temporals que no es poden cobrir amb un contracte indefinit. A m\u00e9s, es plantegen penalitzacions per l&#8217;\u00fas excessiu de contractes de molt curta durada.<\/span><\/p>\n<p><span style=\"color: #000000;\">&#8211; Contracte de formaci\u00f3: Aquest tipus de contracte servir\u00e0 per facilitar la incorporaci\u00f3 a la feina de persones amb manca d&#8217;experi\u00e8ncia laboral.<\/span><\/p>\n<p><span style=\"color: #000000;\"><strong>REVISI\u00d3 DE LES CAUSES D&#8217;ACOMIADAMENT<\/strong><\/span><\/p>\n<p><span style=\"color: #000000;\">Una altra de les reformes plantejades en la reducci\u00f3 de les causes que permeten dur a terme acomiadaments objectius amb indemnitzacions de 20 dies per anys treballat, amb un m\u00e0xim de 12 mensualitats.<\/span><\/p>\n<hr \/>\n<p><span style=\"color: #000000;\"><strong>JDA SFAI\u00a0<\/strong><\/span><\/p>\n","protected":false},"excerpt":{"rendered":"<p>En les \u00faltimes setmanes, el Ministeri de Treball ha repr\u00e8s la negociaci\u00f3 amb els agents socials, per abordar la derogaci\u00f3 dels aspectes m\u00e9s cr\u00edtics de l&#8217;\u00faltima reforma laboral aprovada en 2012. La intenci\u00f3 de l&#8217;Executiu i dels sindicats \u00e9s dur a terme aquestes modificacions al llarg del pr\u00f2xim trimestre, mentre que les organitzacions patronals estan<\/p>\n","protected":false},"author":50,"featured_media":19294,"comment_status":"open","ping_status":"open","sticky":false,"template":"","format":"standard","meta":{"rs_blank_template":"","rs_page_bg_color":"","slide_template_v7":"","footnotes":""},"categories":[773],"tags":[],"class_list":["post-19293","post","type-post","status-publish","format-standard","has-post-thumbnail","hentry","category-laboral-ca"],"_links":{"self":[{"href":"https:\/\/www.jda.es\/ca\/wp-json\/wp\/v2\/posts\/19293","targetHints":{"allow":["GET"]}}],"collection":[{"href":"https:\/\/www.jda.es\/ca\/wp-json\/wp\/v2\/posts"}],"about":[{"href":"https:\/\/www.jda.es\/ca\/wp-json\/wp\/v2\/types\/post"}],"author":[{"embeddable":true,"href":"https:\/\/www.jda.es\/ca\/wp-json\/wp\/v2\/users\/50"}],"replies":[{"embeddable":true,"href":"https:\/\/www.jda.es\/ca\/wp-json\/wp\/v2\/comments?post=19293"}],"version-history":[{"count":0,"href":"https:\/\/www.jda.es\/ca\/wp-json\/wp\/v2\/posts\/19293\/revisions"}],"wp:featuredmedia":[{"embeddable":true,"href":"https:\/\/www.jda.es\/ca\/wp-json\/wp\/v2\/media\/19294"}],"wp:attachment":[{"href":"https:\/\/www.jda.es\/ca\/wp-json\/wp\/v2\/media?parent=19293"}],"wp:term":[{"taxonomy":"category","embeddable":true,"href":"https:\/\/www.jda.es\/ca\/wp-json\/wp\/v2\/categories?post=19293"},{"taxonomy":"post_tag","embeddable":true,"href":"https:\/\/www.jda.es\/ca\/wp-json\/wp\/v2\/tags?post=19293"}],"curies":[{"name":"wp","href":"https:\/\/api.w.org\/{rel}","templated":true}]}}