{"id":18978,"date":"2021-03-08T10:03:33","date_gmt":"2021-03-08T10:03:33","guid":{"rendered":"http:\/\/fwcpfcf.cluster026.hosting.ovh.net\/lexempcio-dels-treballs-realitzats-a-lestranger-per-membres-de-consells-dadministracio\/"},"modified":"2021-03-08T10:05:11","modified_gmt":"2021-03-08T10:05:11","slug":"lexempcio-dels-treballs-realitzats-a-lestranger-per-membres-de-consells-dadministracio","status":"publish","type":"post","link":"https:\/\/www.jda.es\/ca\/lexempcio-dels-treballs-realitzats-a-lestranger-per-membres-de-consells-dadministracio\/","title":{"rendered":"L&#8217;exempci\u00f3 dels treballs realitzats a l&#8217;estranger per membres de consells d&#8217;administraci\u00f3"},"content":{"rendered":"<p><span style=\"color: #000000;\"><strong>Els rendiments de la feina percebuts per contribuents de l&#8217;IRPF derivats de treballs efectivament realitzats a l&#8217;estranger quedaran exempts i lliures de gravamen. L&#8217;exempci\u00f3 exigeix \u200b\u200bla concurr\u00e8ncia de relaci\u00f3 laboral entre perceptor i pagador? Qu\u00e8 passa amb els administradors o membres de consells d&#8217;administraci\u00f3? Estimat i extenuat administrador, que algun dia floreixi la just\u00edcia i la pau plogui so les teves terres.<\/strong><\/span><\/p>\n<p><span style=\"color: #000000;\">Va dir l&#8217;\u00ednclit Albert Einstein que la ment que s&#8217;obre a una nova idea mai retorna a la seva grand\u00e0ria natural, per\u00f2 quan vam obrir l&#8217;horitz\u00f3 i la mida natural tamb\u00e9 apareixen noves idees i oportunitats. La teoria econ\u00f2mica sembla tenir-ho clar i tots els estudis econom\u00e8trics que hem conegut posen de manifest l&#8217;exist\u00e8ncia d&#8217;una correlaci\u00f3 positiva irrefutable entre la mida de les empreses i la seva competitivitat. <strong>La dimensi\u00f3 i l&#8217;envergadura dels agents econ\u00f2mics tant en oferta com en demanda, s\u00f3n crucials i factors clau per a l&#8217;obtenci\u00f3 d&#8217;avantatges competitius<\/strong>. Els rasos manuals de microeconomia parlen de l&#8217;estructura de costos de les empreses diferenciant entre fixos, aquells que s\u00f3n independents de la producci\u00f3 o que no guarden una vinculaci\u00f3 directa amb la mateixa, i els variables que estan indissolublement associats a la quantitat d&#8217;unitats produ\u00efdes.<\/span><\/p>\n<p><span style=\"color: #000000;\">A mesura que la producci\u00f3 en una empresa creix, els seus costos per unitat produ\u00efda es redueixen ja que el cost fix es fa proporcionalment inferior el que porta a col\u00b7laci\u00f3 el concepte d&#8217;economies d&#8217;escala que confereixen a la mida de l&#8217;empresa la vocaci\u00f3 estatut\u00e0ria d&#8217;avantatge competitiu . A major grand\u00e0ria, millor posicionament estrat\u00e8gic per exportar i competir en mercats internacionals.<\/span><\/p>\n<p><span style=\"color: #000000;\">Aix\u00f2 ens portaria a la conclusi\u00f3 que des d&#8217;un punt de vista d&#8217;efici\u00e8ncia assignativa, el benefici fiscal hauria de plantejar a les empreses grans i no a les empreses de redu\u00efda dimensi\u00f3 i aquesta \u00e9s justament <strong>la filosofia subjacent que en l&#8217;\u00e0mbit de l&#8217;IRPF planteja l&#8217;exempci\u00f3 comunament coneguda com &#8220;7p&#8221;, amb un incentiu fiscal als perceptors de renda per fomentar el despla\u00e7ament a l&#8217;estranger i la internacionalitzaci\u00f3 de l&#8217;activitat econ\u00f2mica de les empreses.<\/strong><\/span><\/p>\n<p><span style=\"color: #000000;\">En qu\u00e8 consisteix aquest benefici fiscal?<\/span><\/p>\n<p><span style=\"color: #000000;\"><strong>El referit article 7 lletra p) (que ve de perill) de LIRPF estableix que els rendiments de la feina percebuts per treballs que s&#8217;hagin meritat durant els dies d&#8217;estada a l&#8217;estranger quedaran exempts amb el l\u00edmit m\u00e0xim de 60.100 euros anuals sota el compliment de dos requisits:<\/strong><\/span><\/p>\n<ol>\n<li><span style=\"color: #000000;\">Que els treballs es realitzin per a una empresa o entitat no resident a Espanya o un establiment permanent radicat a l&#8217;estranger, amb el benent\u00e8s que, quan l&#8217;entitat destinat\u00e0ria dels treballs estigui vinculada amb l&#8217;entitat ocupadora del treballador o amb aquella en la qual presti els seus serveis en els termes que preveu l&#8217;article 18.2 LIS, s&#8217;ha de complir que els serveis prestats produeixin o puguin produir un avantatge o utilitat efectiva al seu destinatari.<\/span><\/li>\n<li><span style=\"color: #000000;\">Que en el territori en qu\u00e8 es realitzin els treballs s&#8217;apliqui un impost de naturalesa id\u00e8ntica o an\u00e0loga a la d&#8217;aquest impost i no es tracti d&#8217;un pa\u00eds o territori considerat parad\u00eds fiscal. Es considera complert aquest requisit quan el pa\u00eds o territori en qu\u00e8 es realitzin els treballs tingui subscrit amb Espanya un conveni per evitar la doble imposici\u00f3 internacional que contingui cl\u00e0usula d&#8217;intercanvi d&#8217;informaci\u00f3.<\/span><\/li>\n<\/ol>\n<p><span style=\"color: #000000;\">Aquest valent precepte, ha estat objecte d&#8217;interpretacions restrictives com \u00e9s habitual en els beneficis fiscals amb \u00e0mbits d&#8217;aplicaci\u00f3 urbis et orbis en pro de l&#8217;article 14 LGT que prohibeix l&#8217;analogia per estendre m\u00e9s enll\u00e0 dels seus termes estrictes l&#8217;\u00e0mbit de el fet imposable, de les exempcions i altres beneficis o incentius fiscals.<\/span><\/p>\n<p><span style=\"color: #000000;\">L&#8217;\u00faltim brot esquizoide jurisprudencial afecta de nou a la depauperada figura de l&#8217;administrador el tractament fiscal ja \u00e9s digne d&#8217;estudi frenop\u00e0tic.<\/span><\/p>\n<p><span style=\"color: #000000;\"><strong>La teoria conspirativa del doble vincle acaba calant com l&#8217;aigua de pluja fins arribar als racons m\u00e9s inh\u00f2spits de la nostra normativa tribut\u00e0ria. <\/strong>La DGT ha vingut considerant de forma reiterada i perseverant (vegeu, entre altres, les consultes V3179-15 de 20 d&#8217;octubre, V1567-11 de 16 de juny, V2117-12 de 6 de novembre, V1931-06 de 27 de setembre i V1944-05 de 30 de setembre) que els administradors o membres de consells d&#8217;administraci\u00f3 no tenen la consideraci\u00f3 de treballador per compte d&#8217;altri que eventualment es despla\u00e7a a l&#8217;estranger per efectuar treballs dins de l&#8217;\u00e0mbit d&#8217;organitzaci\u00f3 i direcci\u00f3 d&#8217;una altra persona, f\u00edsica o jur\u00eddica, anomenada ocupador o empresari, d&#8217;acord amb els pressupostos substantius de laboralitat que preveu l&#8217;article 1.1 de Reial decret legislatiu 2\/2015, de 23 d&#8217;octubre, pel qual s&#8217;aprova el text ref\u00f3s de la Llei de l&#8217;Estatut dels Treballadors, i per aix\u00f2 ent\u00e9n la DGT que no resulta d&#8217;aplicaci\u00f3 l&#8217;exempci\u00f3 prevista en el ressenyat article 7p de la LIRPF.<\/span><\/p>\n<p><span style=\"color: #000000;\">Per la seva banda el Tribunal Econ\u00f2mic-Administratiu Central no va trigar a alinear-se amb la DGT i no es va despla\u00e7ar a l&#8217;estranger per\u00f2 si a el costat fosc amb el seu Resoluci\u00f3 de 10 de juliol de 2019 entenent que l&#8217;exempci\u00f3 de l&#8217;7p nom\u00e9s es pot aplicar als rendiments de la feina percebuts com contraprestacions que derivin directament o indirectament de la feina personal, entre els que segons el parer del Quasi-Tribunal, no tenen cabuda les retribucions dels administradors i membres dels consells d&#8217;administraci\u00f3.<\/span><\/p>\n<p><span style=\"color: #000000;\">Fixin-se que la pol\u00e8mica estava servida amb estovalles de ganxet. El tribunal incorre en una incongru\u00e8ncia perversa i amb una interpretaci\u00f3 teleol\u00f2gica propera a l&#8217;exegesi b\u00edblica, intenta discernir entre rendiments de la feina per la seva pr\u00f2pia naturalesa i aquells rendiments que de facto t\u00e9 aquesta qualificaci\u00f3 per imperi de la Llei per\u00f2 que segons el parer del tribunal no mereixerien tenir tal qualificaci\u00f3 de no ser per l&#8217;expressa menci\u00f3 que el legislador fa a l&#8217;article 17.2 lletra e) LIRPF la dicci\u00f3 literal resa aix\u00ed:<\/span><\/p>\n<p><span style=\"color: #000000;\"><em>\u00a0<\/em><em>e) Les retribucions dels administradors i membres dels consells d&#8217;administraci\u00f3, de les juntes que facin les seves vegades i altres membres d&#8217;altres \u00f2rgans representatius.<\/em><\/span><\/p>\n<p><span style=\"color: #000000;\">Entre els pronunciaments de la DGFT i el TEAC, no han faltat les interpretacions divergents i contradict\u00f2ries de l&#8217;article 7.p) LIRPF entre \u00f2rgans jurisdiccionals davant de situacions substancialment iguals. Conv\u00e9 significar entre elles les sent\u00e8ncies dictades per la Sala del Contenci\u00f3s Administratiu de Tribunal Superior de Just\u00edcia de Madrid, de 24 de setembre de 2014 (recurs n\u00fam. 1100\/2012: \u00c9S: TSJM: 2014: 10502) i de la Sala del contenci\u00f3s Administratiu de Tribunal Superior de Just\u00edcia del Pa\u00eds Basc de 31 de gener de 2017 (recurs 146\/2016), i fins i tot la Sent\u00e8ncia de Tribunal Suprem 428\/2019, de 28 de mar\u00e7 en la qual l&#8217;Alt Tribunal adverteix que l&#8217;article 7. p) LIRPF no prohibeix ni exclou de facto del seu \u00e0mbit d&#8217;aplicaci\u00f3 les tasques de supervisi\u00f3 i coordinaci\u00f3 que no refereixen concretament a les inherents al c\u00e0rrec d&#8217;administrador encara que s\u00ed que hi ha una similar r\u00e0tio decidendi.<\/span><\/p>\n<p><span style=\"color: #000000;\">Tenint en compte la disparitat de criteris interpretatius i davant l&#8217;abs\u00e8ncia de jurisprud\u00e8ncia espec\u00edfica del Tribunal Suprem sobre si els treballs de participaci\u00f3 en consells d&#8217;administraci\u00f3 de companyies estrangeres suposen treballs efectius o s\u00f3n simples funcions de &#8220;direcci\u00f3 i control&#8221; que no poden gaudir de la exempci\u00f3 de l&#8217;7p que aqu\u00ed ens ocupa, el Tribunal en data recent 2020.02.21 acordar acte d&#8217;admissi\u00f3 de recurs de casaci\u00f3 nombre 5596\/2019 per dirimir amb l&#8217;objectiu de formar jurisprud\u00e8ncia per precisar l&#8217;abast de l&#8217;expressi\u00f3 &#8220;rendiments de la feina percebuts per treballs efectivament realitzats a l&#8217;estranger &#8220;continguda en l&#8217;article 7.p) LIRPF per dirimir si es pot aplicar als rendiments de la direcci\u00f3 i el control propis i inherents a la participaci\u00f3 en els consells d&#8217;administraci\u00f3 d&#8217;una filial a l&#8217;estranger o , per contra, aquestes funcions no tenen la consideraci\u00f3 de treballs efectius i, conseq\u00fcentment, no donen dret a l&#8217;exempci\u00f3 prevista en el referit precepte.<\/span><\/p>\n<p><span style=\"color: #000000;\">L&#8217;Audi\u00e8ncia Nacional, d&#8217;ara endavant AN, s&#8217;ha avan\u00e7at al Tribunal Suprem i per mitj\u00e0 de la Sent\u00e8ncia 742\/2020 de 19 de febrer de 2020, va establir de forma concloent i sense alambins jur\u00eddics, que hi ha la possibilitat de l&#8217;aplicaci\u00f3 de l&#8217;exempci\u00f3 de l&#8217; article 7.p) de la Llei de l&#8217;IPRF en el cas dels administradors i consellers delegats si es compleixen la resta dels requisits legalment establerts, de manera que la mera condici\u00f3 d&#8217;administrador o de conseller no decau ni inhibeix l&#8217;aplicaci\u00f3 del benefici fiscal.<\/span><\/p>\n<p><span style=\"color: #000000;\">Aix\u00f2 secciona per la meitat el criteri administratiu sostingut pel TEAC i la DGT ja que permet compatibilitzar l&#8217;exempci\u00f3 amb la condici\u00f3 de conseller delegat.<\/span><\/p>\n<p><span style=\"color: #000000;\">En relaci\u00f3 amb la interpretaci\u00f3 restrictiva diu l&#8217;AN que en mat\u00e8ria de bonificacions tribut\u00e0ries no cal fer una interpretaci\u00f3 extensiva. \u00c9s doctrina jurisprudencial copiosa i reiterada, en aplicaci\u00f3 de el ja esmentat article 14 de la LGT que no \u00e9s sin\u00f3 concreci\u00f3 en l&#8217;\u00e0mbit tributari dels criteris hermen\u00e8utics generals dels articles 3.1 i 4.2 de el Codi Civil, la qual estableix el car\u00e0cter restrictiu amb qu\u00e8 han d&#8217;interpretar les normes relatives a bonificacions fiscals, a l&#8217;objecte d&#8217;assegurar que l\u2019exceptuaci\u00f3 singular de l&#8217;obligaci\u00f3 general de contribuir que s&#8217;estableix respon a la finalitat espec\u00edfica fixada pel legislador.<\/span><\/p>\n<p><span style=\"color: #000000;\">En base a aix\u00f2 tot benefici fiscal ha de ser objecte d&#8217;interpretaci\u00f3 restrictiva, tractant-se com es tracta en definitiva d&#8217;excepcions a el principi d&#8217;igualtat consagrat en l&#8217;article 14 de la Constituci\u00f3. No obstant aix\u00f2, l&#8217;AN matisa en la seva sent\u00e8ncia de manera espec\u00edfica i precisa en relaci\u00f3 amb l&#8217;exempci\u00f3 prevista en l&#8217;article 7 p), que la interpretaci\u00f3 restrictiva o millor dit, &#8220;estricta&#8221;, que, en principi, s&#8217;ha de fer de les normes que s&#8217;estableixen beneficis o incentius fiscals, no pot donar un resultat contrari a la l\u00f2gica, a la lletra de la llei o, en general, als criteris hermen\u00e8utics recollits en els apartats 1 i 2 de l&#8217;article 12 LGT. En particular, \u00e9s clar que no cal exigir per al gaudi de l&#8217;exempci\u00f3 que examinem requisits que no preveu el precepte que l&#8217;estableix.<\/span><\/p>\n<p><span style=\"color: #000000;\">Aquest precepte no exclou del seu \u00e0mbit d&#8217;aplicaci\u00f3 les retribucions als administradors, ja que es refereix a rendiments de la feina, sense exigir expressament que aquests derivin d&#8217;una relaci\u00f3 laboral del perceptor amb el pagador. El veritablement rellevant segons el parer de l&#8217;AN \u00e9s que el perceptor dels rendiments de la feina sigui una persona f\u00edsica amb resid\u00e8ncia fiscal a Espanya, que realitzi efectivament a l&#8217;estranger treballs per a una empresa o entitat no resident o un establiment permanent radicat a l&#8217;estranger; sense tenir transcend\u00e8ncia tribut\u00e0ria als efectes descrits si la relaci\u00f3 t\u00e9 una etiologia laboral o mercantil. Una cosa \u00e9s no extrapolar o estendre per analogia l&#8217;aplicaci\u00f3 de certs incentius fiscals m\u00e9s enll\u00e0 del seu estricte \u00e0mbit d&#8217;aplicaci\u00f3 i una altra molt diferent conculcar les normes limitant la seva aplicaci\u00f3 amb interpretacions freudianes que no deriven de l&#8217;expressa voluntat de legislador i que redunden en un aut\u00e8ntic atropellament i blasme de la figura de l&#8217;administrador.<\/span><\/p>\n<p><span style=\"color: #000000;\"><strong>Separar la riba de la mar sempre va ser tema tedi\u00f3s i controvertit. Estarem atents i expectants en el fragor de la batalla, al fet que el Tribunal Suprem il\u00b7lumini la nostra estreta senda. Paraula del senyor.<\/strong><\/span><\/p>\n<hr \/>\n<p><span style=\"color: #000000;\"><strong>Jose Manuel Aguilar<\/strong><\/span><\/p>\n<p><span style=\"color: #000000;\">Assessor fiscal JDA SFAI\u00a0\u00a0<\/span><\/p>\n","protected":false},"excerpt":{"rendered":"<p>Els rendiments de la feina percebuts per contribuents de l&#8217;IRPF derivats de treballs efectivament realitzats a l&#8217;estranger quedaran exempts i lliures de gravamen. L&#8217;exempci\u00f3 exigeix \u200b\u200bla concurr\u00e8ncia de relaci\u00f3 laboral entre perceptor i pagador? Qu\u00e8 passa amb els administradors o membres de consells d&#8217;administraci\u00f3? Estimat i extenuat administrador, que algun dia floreixi la just\u00edcia i<\/p>\n","protected":false},"author":50,"featured_media":18976,"comment_status":"open","ping_status":"open","sticky":false,"template":"","format":"standard","meta":{"rs_blank_template":"","rs_page_bg_color":"","slide_template_v7":"","footnotes":""},"categories":[826],"tags":[],"class_list":["post-18978","post","type-post","status-publish","format-standard","has-post-thumbnail","hentry","category-fiscal-ca-2"],"_links":{"self":[{"href":"https:\/\/www.jda.es\/ca\/wp-json\/wp\/v2\/posts\/18978","targetHints":{"allow":["GET"]}}],"collection":[{"href":"https:\/\/www.jda.es\/ca\/wp-json\/wp\/v2\/posts"}],"about":[{"href":"https:\/\/www.jda.es\/ca\/wp-json\/wp\/v2\/types\/post"}],"author":[{"embeddable":true,"href":"https:\/\/www.jda.es\/ca\/wp-json\/wp\/v2\/users\/50"}],"replies":[{"embeddable":true,"href":"https:\/\/www.jda.es\/ca\/wp-json\/wp\/v2\/comments?post=18978"}],"version-history":[{"count":0,"href":"https:\/\/www.jda.es\/ca\/wp-json\/wp\/v2\/posts\/18978\/revisions"}],"wp:featuredmedia":[{"embeddable":true,"href":"https:\/\/www.jda.es\/ca\/wp-json\/wp\/v2\/media\/18976"}],"wp:attachment":[{"href":"https:\/\/www.jda.es\/ca\/wp-json\/wp\/v2\/media?parent=18978"}],"wp:term":[{"taxonomy":"category","embeddable":true,"href":"https:\/\/www.jda.es\/ca\/wp-json\/wp\/v2\/categories?post=18978"},{"taxonomy":"post_tag","embeddable":true,"href":"https:\/\/www.jda.es\/ca\/wp-json\/wp\/v2\/tags?post=18978"}],"curies":[{"name":"wp","href":"https:\/\/api.w.org\/{rel}","templated":true}]}}