{"id":18802,"date":"2021-02-12T12:14:26","date_gmt":"2021-02-12T12:14:26","guid":{"rendered":"http:\/\/fwcpfcf.cluster026.hosting.ovh.net\/?p=18802"},"modified":"2021-02-12T12:14:30","modified_gmt":"2021-02-12T12:14:30","slug":"ajuts-extraordinaris-a-les-petites-empreses-microempreses-i-cooperatives-per-mantenir-els-llocs-de-treball-en-situacio-dexpedient-de-regulacio-temporal-docupacio-erto","status":"publish","type":"post","link":"https:\/\/www.jda.es\/ca\/ajuts-extraordinaris-a-les-petites-empreses-microempreses-i-cooperatives-per-mantenir-els-llocs-de-treball-en-situacio-dexpedient-de-regulacio-temporal-docupacio-erto\/","title":{"rendered":"Ajuts extraordinaris a les petites empreses, microempreses i cooperatives per mantenir els llocs de treball en situaci\u00f3 d&#8217;expedient de regulaci\u00f3 temporal d&#8217;ocupaci\u00f3 (ERTO)"},"content":{"rendered":"<p><span style=\"color: #000000;\">La quantia de l&#8217;ajut \u00e9s de 2.000 euros per treballador en situaci\u00f3 d&#8217;ERTO actiu, a data de 31 de gener de 2021, amb un m\u00e0xim de 30.000 euros per beneficiari. El tr\u00e0mit per demanar l&#8217;ajut comen\u00e7ar\u00e0 el dilluns 15 de febrer a les 12.00 h, i es podr\u00e0 fer fins al dia 22 de febrer de 2021 a les 12.00 h.<\/span><\/p>\n<p><span style=\"color: #000000;\">L&#8217;informem que al DOGC del 8 de febrer de 2021 s&#8217;ha publicat la <a style=\"color: #000000;\" href=\"https:\/\/portaldogc.gencat.cat\/utilsEADOP\/PDF\/8336\/1834856.pdf\">RESOLUCI\u00d3 per la qual s&#8217;aproven les bases reguladores<\/a> per a la concessi\u00f3 d&#8217;ajuts extraordinaris per fer costat als col\u00b7lectius i sectors econ\u00f2mics m\u00e9s afectats per les mesures de contenci\u00f3 de la pand\u00e8mia de la COVID-19 i mantenir els llocs de treball en situaci\u00f3 d&#8217;expedient de regulaci\u00f3 temporal d&#8217;ocupaci\u00f3 (ERTO) de les petites empreses, microempreses i cooperatives.<\/span><\/p>\n<p><span style=\"color: #000000;\"><strong>Qui en s\u00f3n els beneficiaris?<\/strong><\/span><\/p>\n<p><span style=\"color: #000000;\">Les micro i petites empreses i les cooperatives amb establiment operatiu a Catalunya i amb treballadors en ERTO actiu a data 31\/01\/2021.<\/span><\/p>\n<ul>\n<li><span style=\"color: #000000;\">Petita empresa: menys de 50 treballadors i volum de facturaci\u00f3 anual inferior a 10.000.000 \u20ac<\/span><\/li>\n<li><span style=\"color: #000000;\">Microempresa: persona f\u00edsica o jur\u00eddica amb menys de 10 treballadors i volum de facturaci\u00f3 anual inferior a 2.000.000 \u20ac.<\/span><\/li>\n<li><span style=\"color: #000000;\">Cooperatives amb menys de 50 treballadors i volum de facturaci\u00f3 anual inferior a 10.000.000 \u20ac.<\/span><\/li>\n<\/ul>\n<p><span style=\"color: #000000;\"><strong>Atenci\u00f3. <\/strong>Aquests ajuts no els poden demanar aut\u00f2noms a t\u00edtol individual, ni les fundacions ni les empreses que es troben participades en m\u00e9s d&#8217;un 50% per capital p\u00fablic.<\/span><\/p>\n<p><span style=\"color: #000000;\"><strong>Quins s\u00f3n els requisits per poder demanar l&#8217;ajut?<\/strong><\/span><\/p>\n<ul>\n<li><span style=\"color: #000000;\">Tenir treballadors en ERTO actiu a 31 de gener de 2021.<\/span><\/li>\n<li><span style=\"color: #000000;\">Mantenir el mateix nombre de treballadors a 31 de desembre de 2021, respecte al 31 de desembre de 2020.<\/span><\/li>\n<li><span style=\"color: #000000;\">En cas d&#8217;incompliment per part del beneficiari, es revocar\u00e0 la subvenci\u00f3 i haur\u00e0 de reintegrar la totalitat de la subvenci\u00f3 rebuda, m\u00e9s els interessos de demora corresponents.<\/span><\/li>\n<li><span style=\"color: #000000;\">Per fer el c\u00e0lcul del nombre de treballadors, s&#8217;ha de tenir en compte el nombre total de treballadors, independentment del tipus de jornada.<\/span><\/li>\n<\/ul>\n<p><span style=\"color: #000000;\"><strong>Quina quantitat t\u00e9 aquest ajut?<\/strong><\/span><\/p>\n<p><span style=\"color: #000000;\">Ajut de 2.000 euros per treballador en situaci\u00f3 d&#8217;ERTO actiu, a data 31 de gener de 2021, amb un m\u00e0xim de 30.000 euros per beneficiari.<\/span><\/p>\n<p><span style=\"color: #000000;\">Nom\u00e9s es podr\u00e0 presentar una sol\u00b7licitud per beneficiari, i en el cas que presenti m\u00e9s d&#8217;una sol\u00b7licitud es tindr\u00e0 en compte l&#8217;\u00faltima presentada.<\/span><\/p>\n<p><span style=\"color: #000000;\"><strong>On puc consultar les bases?<\/strong><\/span><\/p>\n<p><span style=\"color: #000000;\">En aquest enlla\u00e7: <a style=\"color: #000000;\" href=\"https:\/\/bit.ly\/3ry6Fmk\">https:\/\/bit.ly\/3ry6Fmk<\/a><\/span><\/p>\n<p><span style=\"color: #000000;\"><strong>On puc veure tota la informaci\u00f3 d&#8217;aquests ajuts?<\/strong><\/span><\/p>\n<p><span style=\"color: #000000;\">En aquest enlla\u00e7: <a style=\"color: #000000;\" href=\"http:\/\/ccam.gencat.cat\/ca\/serveis\/subvencions\/2021\/empreses_erto\/\">http:\/\/ccam.gencat.cat\/ca\/serveis\/subvencions\/2021\/empreses_erto\/<\/a><\/span><\/p>\n<p><span style=\"color: #000000;\"><strong>\u00c9s incompatible amb alguna altra subvenci\u00f3 que he demanat enguany al CCAM o a altres organismes?<\/strong><\/span><\/p>\n<p><span style=\"color: #000000;\">Els ajuts regulats en aquestes bases s\u00f3n compatibles amb la resta d&#8217;ajuts, subvencions i ingressos per a la mateixa finalitat procedents de qualsevol administraci\u00f3 o ens, p\u00fablic o privat, nacional, de la Uni\u00f3 Europea o d&#8217;organismes internacionals.<\/span><\/p>\n<p><span style=\"color: #000000;\"><strong>Com es tramita la sol\u00b7licitud?<\/strong><\/span><\/p>\n<p><span style=\"color: #000000;\">Al Canal Empresa de la Generalitat de Catalunya:<\/span><\/p>\n<p><span style=\"color: #000000;\"><a style=\"color: #000000;\" href=\"http:\/\/canalempresa.gencat.cat\/ca\/integraciodepartamentaltramit\/tramit\/PerTemes\/Ajuts-extraordinaris-per-a-establiments-de-mes-de-400-m2-i-establiments-en-centres-comercials\">https:\/\/canalempresa.gencat.cat\/<\/a><\/span><\/p>\n<p><span style=\"color: #000000;\">A la p\u00e0gina web del CCAM:<\/span><\/p>\n<p><span style=\"color: #000000;\"><a style=\"color: #000000;\" href=\"http:\/\/ccam.gencat.cat\/ca\/serveis\/subvencions\/2021\/empreses_erto\/\">http:\/\/ccam.gencat.cat\/ca\/serveis\/subvencions\/2021\/empreses_erto\/<\/a><\/span><\/p>\n<p><span style=\"color: #000000;\"><strong>Quina documentaci\u00f3 s&#8217;haur\u00e0 de presentar per sol\u00b7licitar la subvenci\u00f3?<\/strong><\/span><\/p>\n<p><span style=\"color: #000000;\">Les sol\u00b7licituds es presentaran segons el model normalitzat que est\u00e0 a la disposici\u00f3 dels interessats a la seu corporativa de Canal Empresa de la Generalitat de Catalunya (<a style=\"color: #000000;\" href=\"http:\/\/canalempresa.gencat.cat\/\">http:\/\/canalempresa.gencat.cat<\/a>), a la p\u00e0gina web del Consorci de Comer\u00e7, Artesania i Moda de Catalunya (<a style=\"color: #000000;\" href=\"http:\/\/ccam.gencat.cat\/\">http:\/\/ccam.gencat.cat<\/a>) o a la p\u00e0gina web del Departament d&#8217;Empresa i Coneixement (<a style=\"color: #000000;\" href=\"http:\/\/empresa.gencat.cat\/ca\/inici\/\">http:\/\/empresa.gencat.cat\/ca\/inici\/<\/a>).<\/span><\/p>\n<p><span style=\"color: #000000;\"><strong>Quan puc presentar la sol\u00b7licitud?<\/strong><\/span><\/p>\n<p><span style=\"color: #000000;\">El tr\u00e0mit per demanar l&#8217;ajut comen\u00e7ar\u00e0 el <strong>dilluns 15 de febrer a les 12.00 h<\/strong>, i es podr\u00e0 fer <strong>fins al dia 22 de febrer de 2021 a les 12.00 h<\/strong>.<\/span><\/p>\n<p><span style=\"color: #000000;\"><strong>Quins s\u00f3n els criteris de concessi\u00f3?<\/strong><\/span><\/p>\n<p><span style=\"color: #000000;\">Sobre la base dels criteris de puntuaci\u00f3:<\/span><\/p>\n<p><span style=\"color: #000000;\">Es valoraran els seg\u00fcents criteris d&#8217;acord amb la ponderaci\u00f3 indicada i amb un m\u00e0xim de 100 punts:<\/span><\/p>\n<ol>\n<li><span style=\"color: #000000;\">Empreses que han mantingut o incrementat la seva facturaci\u00f3 en l&#8217;exercici 2020, respecte a l&#8217;exercici 2019:<\/span><\/li>\n<\/ol>\n<p><span style=\"color: #000000;\">0 punts.<\/span><\/p>\n<ol>\n<li><span style=\"color: #000000;\">Empreses que hagin sofert una disminuci\u00f3 de la facturaci\u00f3 de l&#8217;exercici 2020 respecte a l&#8217;exercici de 2019, se&#8217;n calcular\u00e0 el percentatge de disminuci\u00f3 i es donar\u00e0 el nombre de punts corresponents en funci\u00f3 d&#8217;aquest percentatge:<\/span><\/li>\n<\/ol>\n<p><span style=\"color: #000000;\">Fins a 100 punts.<\/span><\/p>\n<p><span style=\"color: #000000;\">En aquells casos en qu\u00e8 l&#8217;empresa fos creada amb posterioritat al 1 de gener de 2019, es procedir\u00e0 pel c\u00e0lcul de la facturaci\u00f3 de la seg\u00fcent manera:<\/span><\/p>\n<ul>\n<li><span style=\"color: #000000;\">Empreses creades abans del 30 de setembre 2019: es tindr\u00e0 en compte la comparativa de la facturaci\u00f3 de l&#8217;\u00faltim trimestre del 2019 versus la facturaci\u00f3 de l&#8217;\u00faltim trimestre del 2020.<\/span><\/li>\n<li><span style=\"color: #000000;\">Empreses creades a partir del 1 d&#8217;octubre de 2019: es tindr\u00e0 en compte la comparativa de la mitjana de facturaci\u00f3 dels dos primers mesos de vida de l&#8217;empresa amb la facturaci\u00f3 del gener del 2021.<\/span><\/li>\n<\/ul>\n<p><span style=\"color: #000000;\"><strong>Com sabr\u00e9 si m&#8217;han concedit la subvenci\u00f3?<\/strong><\/span><\/p>\n<p><span style=\"color: #000000;\">El CCAM emetr\u00e0 una resoluci\u00f3 amb les sol\u00b7licituds que s&#8217;han atorgat i les que s&#8217;han desestimat. L&#8217;usuari rebr\u00e0 una comunicaci\u00f3 al correu electr\u00f2nic que hagi indicat a la sol\u00b7licitud.<\/span><\/p>\n<p><span style=\"color: #000000;\"><strong>Puc presentar la sol\u00b7licitud en paper a algun registre?<\/strong><\/span><\/p>\n<p><span style=\"color: #000000;\">No. Tan sols es contempla la presentaci\u00f3 de sol\u00b7licituds de forma telem\u00e0tica.<\/span><\/p>\n<p><span style=\"color: #000000;\"><strong>On puc rebre m\u00e9s informaci\u00f3?<\/strong><\/span><\/p>\n<p><span style=\"color: #000000;\">A trav\u00e9s del 012 o a trav\u00e9s de la b\u00fastia de consultes<\/span><\/p>\n<p><span style=\"color: #000000;\"><strong>Qu\u00e8 he de fer si he enviat la sol\u00b7licitud i m&#8217;he equivocat en alguna dada?<\/strong><\/span><\/p>\n<p><span style=\"color: #000000;\">Realitzar una nova sol\u00b7licitud.<\/span><\/p>\n<p><span style=\"color: #000000;\"><strong>Un gestor pot presentar la sol\u00b7licitud en nom meu?<\/strong><\/span><\/p>\n<p><span style=\"color: #000000;\">Les dades que han de constar en el formulari les pot informar qualsevol persona, per\u00f2 la tramesa del formulari nom\u00e9s la pot signar la persona representant legal de l&#8217;empresa.<\/span><\/p>\n<p><span style=\"color: #000000;\"><strong>Com sabr\u00e9 que he enviat la sol\u00b7licitud correctament?<\/strong><\/span><\/p>\n<p><span style=\"color: #000000;\">Un cop enviat electr\u00f2nicament el formulari de sol\u00b7licitud, sabr\u00e0 que l&#8217;ha tramitat correctament perqu\u00e8 rebr\u00e0 un acusament de rebuda telem\u00e0tic que li indicar\u00e0 el codi de tr\u00e0mit (ID), el n\u00famero de registre i la data de registre de la inscripci\u00f3 realitzada.<\/span><\/p>\n<p><span style=\"color: #000000;\"><strong>S&#8217;ha de justificar l&#8217;ajut?<\/strong><\/span><\/p>\n<p><span style=\"color: #000000;\">No. Un cop valorat l&#8217;ajut i s&#8217;ha obtingut la condici\u00f3 de beneficiari directament es far\u00e0 el pagament sense necessitat de presentar cap justificant.<\/span><\/p>\n<p><span style=\"color: #000000;\"><strong>Puc presentar la sol\u00b7licitud de subvenci\u00f3 utilitzant un IdCAT M\u00f2bil?<\/strong><\/span><\/p>\n<p><span style=\"color: #000000;\">S\u00ed. Els formularis d&#8217;aquesta convocat\u00f2ria s&#8217;han adaptat per poder presentar els tr\u00e0mits telem\u00e0tics utilitzant aquest dispositiu si l&#8217;usuari no disposa d&#8217;un certificat digital. <a style=\"color: #000000;\" href=\"https:\/\/web.gencat.cat\/ca\/tramits\/que-cal-fer-si\/Vull-identificar-me-digitalment\/idcat-mobil\/\">https:\/\/web.gencat.cat\/ca\/tramits\/que-cal-fer-si\/Vull-identificar-me-digitalment\/idcat-mobil\/<\/a><\/span><\/p>\n<p><span style=\"color: #000000;\"><strong>Puc signar amb el DNI electr\u00f2nic?<\/strong><\/span><\/p>\n<p><span style=\"color: #000000;\">S\u00ed, \u00e9s un dels tipus de certificat per a persones f\u00edsiques acceptats per poder fer \u00fas dels serveis de tramitaci\u00f3 en l\u00ednia corporatius de la Generalitat de Catalunya.<\/span><\/p>\n<p><span style=\"color: #000000;\"><strong>Quines certificacions digitals s&#8217;accepten?<\/strong><\/span><\/p>\n<p><span style=\"color: #000000;\">Podeu consultar la informaci\u00f3 sobre quins certificats s&#8217;accepten al seg\u00fcent enlla\u00e7:<\/span><\/p>\n<p><span style=\"color: #000000;\"><a style=\"color: #000000;\" href=\"https:\/\/web.gencat.cat\/ca\/tramits\/com-tramitar-en-linia\/identificacio-digital\/\">https:\/\/web.gencat.cat\/ca\/tramits\/com-tramitar-en-linia\/identificacio-digital\/<\/a><\/span><\/p>\n<p><span style=\"color: #000000;\"><strong>No disposo d&#8217;un certificat digital. Pot signar alg\u00fa en representaci\u00f3 meva?<\/strong><\/span><\/p>\n<p><span style=\"color: #000000;\">No. Tan sols es pot tramitar la sol\u00b7licitud quan est\u00e0 signada pel representant legal de l&#8217;empresa.<\/span><\/p>\n<p><span style=\"color: #000000;\"><strong>Com puc tramitar de forma r\u00e0pida un certificat digital?<\/strong><\/span><\/p>\n<p><span style=\"color: #000000;\">Podeu obtenir un idCAT. \u00c9s el certificat digital que emet el Consorci d&#8217;Administraci\u00f3 Oberta de Catalunya i que la Generalitat de Catalunya posa a l&#8217;abast de la ciutadania.<\/span><\/p>\n<p><span style=\"color: #000000;\"><a style=\"color: #000000;\" href=\"https:\/\/www.idcat.cat\/idcat\/ciutada\/menu.do\">https:\/\/www.idcat.cat\/idcat\/ciutada\/menu.do<\/a><\/span><\/p>\n<p><span style=\"color: #000000;\">Es poden posar en contacte amb aquest despatx professional per qualsevol dubte o aclariment que puguin tenir sobre aquest tema. Comptem amb un gran <a href=\"https:\/\/www.jda.es\/ca\/serveis\/\" target=\"_blank\" rel=\"noopener\"><strong>equip de professionals<\/strong> <\/a>al<strong> teu servei<\/strong>.\u00a0<\/span><\/p>\n<hr \/>\n<p><span style=\"color: #000000;\"><strong>JDA SFAI<\/strong><\/span><\/p>\n","protected":false},"excerpt":{"rendered":"<p>La quantia de l&#8217;ajut \u00e9s de 2.000 euros per treballador en situaci\u00f3 d&#8217;ERTO actiu, a data de 31 de gener de 2021, amb un m\u00e0xim de 30.000 euros per beneficiari. El tr\u00e0mit per demanar l&#8217;ajut comen\u00e7ar\u00e0 el dilluns 15 de febrer a les 12.00 h, i es podr\u00e0 fer fins al dia 22 de febrer<\/p>\n","protected":false},"author":50,"featured_media":18809,"comment_status":"open","ping_status":"open","sticky":false,"template":"","format":"standard","meta":{"rs_blank_template":"","rs_page_bg_color":"","slide_template_v7":"","footnotes":""},"categories":[825],"tags":[],"class_list":["post-18802","post","type-post","status-publish","format-standard","has-post-thumbnail","hentry","category-actualitat-laboral"],"_links":{"self":[{"href":"https:\/\/www.jda.es\/ca\/wp-json\/wp\/v2\/posts\/18802","targetHints":{"allow":["GET"]}}],"collection":[{"href":"https:\/\/www.jda.es\/ca\/wp-json\/wp\/v2\/posts"}],"about":[{"href":"https:\/\/www.jda.es\/ca\/wp-json\/wp\/v2\/types\/post"}],"author":[{"embeddable":true,"href":"https:\/\/www.jda.es\/ca\/wp-json\/wp\/v2\/users\/50"}],"replies":[{"embeddable":true,"href":"https:\/\/www.jda.es\/ca\/wp-json\/wp\/v2\/comments?post=18802"}],"version-history":[{"count":0,"href":"https:\/\/www.jda.es\/ca\/wp-json\/wp\/v2\/posts\/18802\/revisions"}],"wp:featuredmedia":[{"embeddable":true,"href":"https:\/\/www.jda.es\/ca\/wp-json\/wp\/v2\/media\/18809"}],"wp:attachment":[{"href":"https:\/\/www.jda.es\/ca\/wp-json\/wp\/v2\/media?parent=18802"}],"wp:term":[{"taxonomy":"category","embeddable":true,"href":"https:\/\/www.jda.es\/ca\/wp-json\/wp\/v2\/categories?post=18802"},{"taxonomy":"post_tag","embeddable":true,"href":"https:\/\/www.jda.es\/ca\/wp-json\/wp\/v2\/tags?post=18802"}],"curies":[{"name":"wp","href":"https:\/\/api.w.org\/{rel}","templated":true}]}}