{"id":18715,"date":"2021-02-02T14:07:42","date_gmt":"2021-02-02T14:07:42","guid":{"rendered":"http:\/\/fwcpfcf.cluster026.hosting.ovh.net\/7-noves-declaracions-entre-les-principals-novetats-formals-de-nova-aplicacio-en-lexercici-2021\/"},"modified":"2021-02-02T14:10:03","modified_gmt":"2021-02-02T14:10:03","slug":"7-noves-declaracions-entre-les-principals-novetats-formals-de-nova-aplicacio-en-lexercici-2021","status":"publish","type":"post","link":"https:\/\/www.jda.es\/ca\/7-noves-declaracions-entre-les-principals-novetats-formals-de-nova-aplicacio-en-lexercici-2021\/","title":{"rendered":"7 noves declaracions entre les principals novetats formals de nova aplicaci\u00f3 en l&#8217;exercici 2021"},"content":{"rendered":"<p><span style=\"color: #000000;\">Entre les principals novetats formals de nova aplicaci\u00f3 en l&#8217;exercici 2021, figura la inclusi\u00f3 de set noves declaracions els models seran aprovats properament i el termini de presentaci\u00f3 tindr\u00e0 en compte la data d&#8217;entrada en vigor dels mateixos.<\/span><\/p>\n<p><span style=\"color: #000000;\">Aquests models s\u00f3n els seg\u00fcents:<\/span><\/p>\n<p>&nbsp;<\/p>\n<ul>\n<li><span style=\"color: #000000;\"><strong>Model 035 &#8220;Declaraci\u00f3 d&#8217;inici, modificaci\u00f3 o cessament d&#8217;operacions compreses en els r\u00e8gims especials aplicables als subjectes passius que prestin serveis a persones que no tinguin la condici\u00f3 de subjectes passius o que realitzen vendes a dist\u00e0ncia de b\u00e9ns o determinades lliuraments nacionals de b\u00e9ns&#8221; <\/strong>: inici (abans de l&#8217;inici de les activitats o quan ja s&#8217;han iniciat fins el des\u00e8 dia del mes seg\u00fcent a aquest inici), modificaci\u00f3: fins al des\u00e8 dia del mes seg\u00fcent a la modificaci\u00f3) i baixa (al menys quinze dies abans de la fin del mes o trimestre anterior a qu\u00e8 es pretengui deixar d&#8217;utilitzar el r\u00e8gim).<\/span><\/li>\n<li><span style=\"color: #000000;\"><strong>Model 369 &#8220;Declaraci\u00f3 &#8211; liquidaci\u00f3 peri\u00f2dica dels r\u00e8gims especials aplicables als subjectes passius que prestin serveis a persones que no tinguin la condici\u00f3 de subjectes passius o que realitzen vendes a dist\u00e0ncia de b\u00e9ns o determinades lliuraments nacionals de b\u00e9ns&#8221;:<\/strong> fins l&#8217;\u00faltim dia de l&#8217; mes seg\u00fcent a el mes o trimestre natural a qu\u00e8 es refereixi la declaraci\u00f3.<\/span><\/li>\n<li><span style=\"color: #000000;\"><strong>Model 179 &#8220;Declaraci\u00f3 informativa trimestral de la cessi\u00f3 d&#8217;\u00fas d&#8217;habitatges amb finalitats tur\u00edstiques&#8221;<\/strong>. Es troba actualment en fase d&#8217;elaboraci\u00f3 la nova normativa, despr\u00e9s de l&#8217;anul\u00b7laci\u00f3 pel Tribunal Suprem (Sent\u00e8ncia 1106\/2020) de l&#8217;obligaci\u00f3 d&#8217;informaci\u00f3.<\/span><\/li>\n<li><span style=\"color: #000000;\"><strong>Model 234 &#8220;Declaraci\u00f3 informativa de determinats mecanismes transfronterers de planificaci\u00f3 fiscal&#8221;:<\/strong> 30 dies naturals seg\u00fcents al naixement de l&#8217;obligaci\u00f3 d&#8217;informar.<\/span><\/li>\n<li><span style=\"color: #000000;\"><strong>Model 235. &#8220;Declaraci\u00f3 d&#8217;informaci\u00f3 d&#8217;actualitzaci\u00f3 de determinats mecanismes transfronterers comercialitzables&#8221;:<\/strong> mes natural seg\u00fcent a la finalitzaci\u00f3 del trimestre natural en qu\u00e8 s&#8217;hagi obtingut nova informaci\u00f3 que hagi de comunicar-se.<\/span><\/li>\n<li><span style=\"color: #000000;\"><strong>Model 420 &#8220;Impost sobre Determinats Serveis Digitals. Autoliquidaci\u00f3 &#8220;(obligaci\u00f3 trimestral):<\/strong> mes d&#8217;abril, juliol, octubre i gener. Excepcionalment la presentaci\u00f3 i ingr\u00e9s de l&#8217;autoliquidaci\u00f3 del primer trimestre del l&#8217;any 2021, s&#8217;efectuar\u00e0 des de l&#8217;1 a el 31 de juliol de 2021.<\/span><\/li>\n<li><span style=\"color: #000000;\"><strong>Model 604 &#8220;Impost sobre les Transaccions Financeres&#8221; (obligaci\u00f3 mensual):<\/strong> De l&#8217;10 a l&#8217;20 del mes seg\u00fcent a el corresponent per\u00edode de liquidaci\u00f3 mensual. Excepcionalment la presentaci\u00f3 i ingr\u00e9s de les autoliquidacions de gener i febrer de l&#8217;any 2021, s&#8217;efectuaran des del 10 a l&#8217; 20 abril 2021.<\/span><\/li>\n<\/ul>\n<p>&nbsp;<\/p>\n<p><span style=\"color: #000000;\">A m\u00e9s de l&#8217;obligaci\u00f3 de presentaci\u00f3 del Formulari de transaccions econ\u00f2miques i saldos d&#8217;actius i passius financers amb l&#8217;exterior (ETE), que ha hagut de presentar davant el Banc d&#8217;Espanya fins el 20 de gener de 2021, aix\u00ed com la declaraci\u00f3 D6, la declaraci\u00f3 de dip\u00f2sits relativa a valors negociables a l&#8217;estranger que s&#8217;ha de presentar davant la Direcci\u00f3 General de Comer\u00e7 i Inversions durant el mes de gener.<\/span><\/p>\n<p><span style=\"color: #000000;\">D&#8217;altra banda, hi ha hagut petites modificacions en el Subministrament Immediat d&#8217;Informaci\u00f3 (SII), afegint nous camps en llibre registre de factures rebudes i un nou llibre registre per operacions intracomunit\u00e0ries per als sup\u00f2sits de vendes de b\u00e9ns en consigna. Tamb\u00e9 el Model 303, entre altres declaracions d&#8217;IVA, s&#8217;ha vist modificat creant-se noves caselles en l&#8217;apartat de resultat per con\u00e8ixer les quotes a compensar aplicades i pendents en cada per\u00edode.<\/span><\/p>\n<p><span style=\"color: #000000;\">Finalment, recomanem la import\u00e0ncia de revisar setmanalment la b\u00fastia electr\u00f2nica dels subjectes obligats a relacionar-se electr\u00f2nicament amb l&#8217;Administraci\u00f3 (Ag\u00e8ncia Tribut\u00e0ria, Ajuntaments i Comunitats Aut\u00f2nomes, principalment).<\/span><\/p>\n<hr \/>\n<p><span style=\"color: #000000;\"><strong>JDA SFAI\u00a0<\/strong><\/span><\/p>\n","protected":false},"excerpt":{"rendered":"<p>Entre les principals novetats formals de nova aplicaci\u00f3 en l&#8217;exercici 2021, figura la inclusi\u00f3 de set noves declaracions els models seran aprovats properament i el termini de presentaci\u00f3 tindr\u00e0 en compte la data d&#8217;entrada en vigor dels mateixos. Aquests models s\u00f3n els seg\u00fcents: &nbsp; Model 035 &#8220;Declaraci\u00f3 d&#8217;inici, modificaci\u00f3 o cessament d&#8217;operacions compreses en els<\/p>\n","protected":false},"author":50,"featured_media":18713,"comment_status":"open","ping_status":"open","sticky":false,"template":"","format":"standard","meta":{"rs_blank_template":"","rs_page_bg_color":"","slide_template_v7":"","footnotes":""},"categories":[785,826],"tags":[],"class_list":["post-18715","post","type-post","status-publish","format-standard","has-post-thumbnail","hentry","category-empreses","category-fiscal-ca-2"],"_links":{"self":[{"href":"https:\/\/www.jda.es\/ca\/wp-json\/wp\/v2\/posts\/18715","targetHints":{"allow":["GET"]}}],"collection":[{"href":"https:\/\/www.jda.es\/ca\/wp-json\/wp\/v2\/posts"}],"about":[{"href":"https:\/\/www.jda.es\/ca\/wp-json\/wp\/v2\/types\/post"}],"author":[{"embeddable":true,"href":"https:\/\/www.jda.es\/ca\/wp-json\/wp\/v2\/users\/50"}],"replies":[{"embeddable":true,"href":"https:\/\/www.jda.es\/ca\/wp-json\/wp\/v2\/comments?post=18715"}],"version-history":[{"count":0,"href":"https:\/\/www.jda.es\/ca\/wp-json\/wp\/v2\/posts\/18715\/revisions"}],"wp:featuredmedia":[{"embeddable":true,"href":"https:\/\/www.jda.es\/ca\/wp-json\/wp\/v2\/media\/18713"}],"wp:attachment":[{"href":"https:\/\/www.jda.es\/ca\/wp-json\/wp\/v2\/media?parent=18715"}],"wp:term":[{"taxonomy":"category","embeddable":true,"href":"https:\/\/www.jda.es\/ca\/wp-json\/wp\/v2\/categories?post=18715"},{"taxonomy":"post_tag","embeddable":true,"href":"https:\/\/www.jda.es\/ca\/wp-json\/wp\/v2\/tags?post=18715"}],"curies":[{"name":"wp","href":"https:\/\/api.w.org\/{rel}","templated":true}]}}